{"id":1529,"date":"2015-05-26T01:24:55","date_gmt":"2015-05-26T01:24:55","guid":{"rendered":"http:\/\/anatem.info\/?p=1529"},"modified":"2015-05-26T01:24:55","modified_gmt":"2015-05-26T01:24:55","slug":"sm-le-roi-et-le-president-senegalais-lancent-le-projet-de-construction-dun-point-de-debarquement-amenage-de-peche-artisanale-dakar","status":"publish","type":"post","link":"https:\/\/anatem.info\/?p=1529","title":{"rendered":"SM le Roi et le pr\u00e9sident s\u00e9n\u00e9galais lancent le projet de construction d\u2019un point de d\u00e9barquement am\u00e9nag\u00e9 de p\u00eache artisanale \u00e0 Dakar"},"content":{"rendered":"<p><a href=\"http:\/\/anatem.info\/wp-content\/uploads\/2015\/05\/Sm-le-Roi-et-Sall-lancent-la-Construction-d-un-point-de-peche-artisanale-a-Dakar-M.jpg\"><img fetchpriority=\"high\" decoding=\"async\" class=\" size-full wp-image-1530 aligncenter\" src=\"http:\/\/anatem.info\/wp-content\/uploads\/2015\/05\/Sm-le-Roi-et-Sall-lancent-la-Construction-d-un-point-de-peche-artisanale-a-Dakar-M.jpg\" alt=\"Sm-le-Roi-et-Sall-lancent-la-Construction-d-un-point-de-peche-artisanale-a-Dakar-M\" width=\"508\" height=\"300\" srcset=\"https:\/\/anatem.info\/wp-content\/uploads\/2015\/05\/Sm-le-Roi-et-Sall-lancent-la-Construction-d-un-point-de-peche-artisanale-a-Dakar-M.jpg 508w, https:\/\/anatem.info\/wp-content\/uploads\/2015\/05\/Sm-le-Roi-et-Sall-lancent-la-Construction-d-un-point-de-peche-artisanale-a-Dakar-M-300x177.jpg 300w\" sizes=\"(max-width: 508px) 100vw, 508px\" \/><\/a><\/p>\n<p style=\"text-align: justify;\">Dakar (MAP\u00a0 \/25 mai 2015)\u00a0 \u2013 SM le Roi Mohammed VI et le pr\u00e9sident s\u00e9n\u00e9galais, M. Macky Sall, ont donn\u00e9 le coup d\u2019envoi des travaux de construction d\u2019un point de d\u00e9barquement am\u00e9nag\u00e9 de p\u00eache artisanale dans le site de Soumbedioune \u00e0 Dakar.<\/p>\n<p style=\"text-align: justify;\">A leur arriv\u00e9e sur le site, SM le Roi et le pr\u00e9sident Macky Sall ont \u00e9t\u00e9 salu\u00e9s par le ministre s\u00e9n\u00e9galais de la P\u00eache et de l\u2019\u00e9conomie maritime, Oumar Gueye, le ministre de l\u2019Agriculture et de la p\u00eache maritime, Aziz Akhannouch, le gouverneur de Dakar, le Pr\u00e9sident-d\u00e9l\u00e9gu\u00e9 de la Fondation Mohammed VI pour le d\u00e9veloppement durable, Mostafa Terrab et le Pr\u00e9sident Directeur G\u00e9n\u00e9ral du Groupe AttijariWafabank, Mohamed El Kettani, ainsi que par d\u2019autres personnalit\u00e9s.<\/p>\n<p style=\"text-align: justify;\">Par la suite, des explications ont \u00e9t\u00e9 pr\u00e9sent\u00e9es \u00e0 SM le Roi et au chef de l\u2019Etat s\u00e9n\u00e9galais sur le projet qui s\u2019inscrit dans le cadre de la coop\u00e9ration Sud-Sud et qui se veut un t\u00e9moignage fort des liens d\u2019amiti\u00e9 entre les deux pays.<\/p>\n<p style=\"text-align: justify;\">SM le Roi et le pr\u00e9sident Macky Sall ont ensuite assist\u00e9 \u00e0 une prestation musicale ex\u00e9cut\u00e9e par le chanteur s\u00e9n\u00e9galais Youssou Ndour intitul\u00e9e \u201cMy africa\u201d d\u00e9di\u00e9e au Souverain et au chef de l\u2019Etat s\u00e9n\u00e9galais.<\/p>\n<p style=\"text-align: justify;\">L\u2019enveloppe r\u00e9serv\u00e9e \u00e0 ce projet, financ\u00e9 par la Fondation Mohammed VI pour le d\u00e9veloppement durable, est estim\u00e9e \u00e0 20 millions de Dirhams.<\/p>\n<p style=\"text-align: justify;\">Le projet comprend dix entit\u00e9s visant \u00e0 am\u00e9liorer la r\u00e9ception des poissons ainsi que le quotidien des artisans p\u00e9cheurs. Il s\u2019agit entre autres d\u2019une halle aux poissons, d\u2019une chambre froide et d\u2019une fabrique de glace, des espaces socio-collectifs et des bureaux administratifs, d\u2019un espace de transformation du poisson, d\u2019un march\u00e9 de vente au d\u00e9tail, des ateliers m\u00e9caniques et des pontons pour d\u00e9barquement du poisson.<\/p>\n<p style=\"text-align: justify;\">Le minist\u00e8re s\u00e9n\u00e9galais de la P\u00eache et des affaires maritimes assurera la gestion, l\u2019affectation des am\u00e9nagements du projet aux p\u00eacheurs b\u00e9n\u00e9ficiaires et l\u2019entretien des composantes du projet d\u00e8s sa r\u00e9ception.<\/p>\n<p style=\"text-align: justify;\">La r\u00e9alisation de ce point de d\u00e9barquement am\u00e9nag\u00e9 a pour objectifs la cr\u00e9ation d\u2019un p\u00f4le de d\u00e9veloppement socio-\u00e9conomique, la g\u00e9n\u00e9ration d\u2019emplois et l\u2019am\u00e9lioration des conditions de travail des p\u00eacheurs locaux, tout en leur offrant un cadre structur\u00e9 pour une activit\u00e9 artisanale d\u00e9j\u00e0 pr\u00e9sente sur le site avec un important potentiel de d\u00e9veloppement \u00e0 venir.<\/p>\n<p style=\"text-align: justify;\">Le site, qui se situe dans la baie de Soumeb\u00e9dioune dans le quartier de M\u00e9dina, abrite 306 pirogues et environ 1500 marins.<\/p>\n<p style=\"text-align: justify;\">Le lancement des travaux pour la r\u00e9alisation de ce projet intervient dans le cadre de la visite de travail et d\u2019amiti\u00e9, entam\u00e9e mercredi dernier par SM le Roi au S\u00e9n\u00e9gal, premi\u00e8re \u00e9tape d\u2019une tourn\u00e9e africaine qui conduira \u00e9galement le Souverain en Guin\u00e9e-Bissau, en C\u00f4te d\u2019Ivoire et au Gabon.<\/p>\n<p style=\"text-align: justify;\">Un accueil des plus chaleureux a \u00e9t\u00e9 r\u00e9serv\u00e9 \u00e0 SM le Roi \u00e0 cette occasion par les habitants de Dakar et les membres de la communaut\u00e9 marocaine \u00e9tablis au S\u00e9n\u00e9gal qui scandaient des vivats \u00e0 l\u2019adresse du Souverain ainsi que des chants et slogans exprimant leurs sentiments de joie et d\u2019enthousiasme \u00e0 l\u2019\u00e9gard de l\u2019illustre h\u00f4te du S\u00e9n\u00e9gal.<\/p>\n<p style=\"text-align: justify;\">(MAP)<\/p>\n","protected":false},"excerpt":{"rendered":"<p>Dakar (MAP\u00a0 \/25 mai 2015)\u00a0 \u2013 SM le Roi Mohammed VI et le pr\u00e9sident s\u00e9n\u00e9galais, M. Macky Sall, ont donn\u00e9<\/p>\n","protected":false},"author":2,"featured_media":1530,"comment_status":"closed","ping_status":"closed","sticky":false,"template":"","format":"standard","meta":{"footnotes":""},"categories":[3,62,5,7],"tags":[],"class_list":["post-1529","post","type-post","status-publish","format-standard","has-post-thumbnail","hentry","category-accueil","category-afrique","category-maghreb-news","category-presse-marocaine"],"_links":{"self":[{"href":"https:\/\/anatem.info\/index.php?rest_route=\/wp\/v2\/posts\/1529","targetHints":{"allow":["GET"]}}],"collection":[{"href":"https:\/\/anatem.info\/index.php?rest_route=\/wp\/v2\/posts"}],"about":[{"href":"https:\/\/anatem.info\/index.php?rest_route=\/wp\/v2\/types\/post"}],"author":[{"embeddable":true,"href":"https:\/\/anatem.info\/index.php?rest_route=\/wp\/v2\/users\/2"}],"replies":[{"embeddable":true,"href":"https:\/\/anatem.info\/index.php?rest_route=%2Fwp%2Fv2%2Fcomments&post=1529"}],"version-history":[{"count":1,"href":"https:\/\/anatem.info\/index.php?rest_route=\/wp\/v2\/posts\/1529\/revisions"}],"predecessor-version":[{"id":1531,"href":"https:\/\/anatem.info\/index.php?rest_route=\/wp\/v2\/posts\/1529\/revisions\/1531"}],"wp:featuredmedia":[{"embeddable":true,"href":"https:\/\/anatem.info\/index.php?rest_route=\/wp\/v2\/media\/1530"}],"wp:attachment":[{"href":"https:\/\/anatem.info\/index.php?rest_route=%2Fwp%2Fv2%2Fmedia&parent=1529"}],"wp:term":[{"taxonomy":"category","embeddable":true,"href":"https:\/\/anatem.info\/index.php?rest_route=%2Fwp%2Fv2%2Fcategories&post=1529"},{"taxonomy":"post_tag","embeddable":true,"href":"https:\/\/anatem.info\/index.php?rest_route=%2Fwp%2Fv2%2Ftags&post=1529"}],"curies":[{"name":"wp","href":"https:\/\/api.w.org\/{rel}","templated":true}]}}