{"id":1545,"date":"2015-05-29T13:37:29","date_gmt":"2015-05-29T13:37:29","guid":{"rendered":"http:\/\/anatem.info\/?p=1545"},"modified":"2015-05-29T13:43:37","modified_gmt":"2015-05-29T13:43:37","slug":"maroc-guinee-bissau-signature-de-16-accords-de-partenariat-dans-differents-domaines","status":"publish","type":"post","link":"https:\/\/anatem.info\/?p=1545","title":{"rendered":"Maroc &#8211; Guin\u00e9e Bissau : Signature de 16 accords de partenariat dans diff\u00e9rents domaines"},"content":{"rendered":"<h3 style=\"text-align: left;\"><a href=\"http:\/\/anatem.info\/wp-content\/uploads\/2015\/05\/aaaaaa.jpg\"><img fetchpriority=\"high\" decoding=\"async\" class=\"  wp-image-1546 alignleft\" src=\"http:\/\/anatem.info\/wp-content\/uploads\/2015\/05\/aaaaaa.jpg\" alt=\"aaaaaa\" width=\"342\" height=\"202\" srcset=\"https:\/\/anatem.info\/wp-content\/uploads\/2015\/05\/aaaaaa.jpg 450w, https:\/\/anatem.info\/wp-content\/uploads\/2015\/05\/aaaaaa-300x177.jpg 300w\" sizes=\"(max-width: 342px) 100vw, 342px\" \/><\/a>La tourn\u00e9e royale en Afrique se poursuit en Guin\u00e9e Bissau o\u00f9 Sa Majest\u00e9 le Roi Mohammed VI et le Pr\u00e9sident bissau-guin\u00e9en, M. Jos\u00e9 Mario Vaz, ont pr\u00e9sid\u00e9, jeudi, le 28 mai 2015,i au Palais pr\u00e9sidentiel \u00e0 Bissau, la c\u00e9r\u00e9monie de signature de 16 accords de partenariat dans diff\u00e9rents domaines de coop\u00e9ration entre les deux pays dont voici la liste :<\/h3>\n<p style=\"text-align: justify;\"><strong>&#8211; Accord relatif \u00e0 la coop\u00e9ration en mati\u00e8re de s\u00e9curit\u00e9 et gouvernance locale entre les minist\u00e8res de l\u2019int\u00e9rieur des deux pays,<\/strong> sign\u00e9 par M. Salaheddine Mezouar, ministre des affaires \u00e9trang\u00e8res et de la coop\u00e9ration, et M. Otavio Inocencio Alves, ministre de l\u2019Administration Interne.<\/p>\n<p style=\"text-align: justify;\"><strong>&#8211; Accord relatif \u00e0 la suppression des visas pour les d\u00e9tenteurs de passeports diplomatique, de services ou sp\u00e9cial<\/strong>, sign\u00e9 par M. Mezouar, et M. Mario Lopes Da Rosa, ministre des affaires \u00e9trang\u00e8res, de la coop\u00e9ration internationale et des Communaut\u00e9s.<\/p>\n<p style=\"text-align: justify;\"><strong>&#8211; Convention tendant \u00e0 \u00e9viter la Double imposition et \u00e0 pr\u00e9venir l\u2019\u00e9vasion fiscale en mati\u00e8re d\u2019imp\u00f4ts sur le revenu<\/strong>, sing\u00e9e par M. Mezouar, et M. Mario Lopes Da Rosa.<\/p>\n<p style=\"text-align: justify;\"><strong>&#8211; Accord sur l\u2019encouragement et la protection r\u00e9ciproques des investissements<\/strong>, sign\u00e9 par M. Mezouar et M. Mario Lopes Da Rosa.<\/p>\n<p style=\"text-align: justify;\"><strong>&#8211; Protocole de coop\u00e9ration dans le domaine de la justic<\/strong>e, sign\u00e9 par M. Mezouar et Mme Carmelita Pires, ministre de la justice.<\/p>\n<p style=\"text-align: justify;\"><strong>&#8211; Accord de coop\u00e9ration en mati\u00e8re des p\u00eaches maritimes et d\u2019aquaculture,<\/strong> sign\u00e9 par M. Aziz Akhannouch, ministre de l\u2019Agriculture et de la p\u00eache maritime, et M. Ildefonso de Barros, Secr\u00e9taire d\u2019Etat \u00e0 la p\u00eache et \u00e0 l\u2019\u00e9conomie maritime.<br \/>\n<strong>&#8211; Accord de coop\u00e9ration dans le domaine agricole<\/strong> sign\u00e9 par M. Aziz Akhannouch et par M. Joao Anibal Percira, ministre de l\u2019Agriculture et du d\u00e9veloppement rural.<\/p>\n<p style=\"text-align: justify;\"><strong>&#8211; Accord tripartite Maroc-guin\u00e9e Bissau- FAQ dans le cadre de la coop\u00e9ration Sud- sud,<\/strong> sign\u00e9 par M. Akhannouch, M. Joao Anibal Pereira, et pour la FAQ par M. Joachim Laubhouet-Akadie.<\/p>\n<p style=\"text-align: justify;\"><strong>&#8211; Accord-cadre de coop\u00e9ration technique dans le domaine des infrastructures,<\/strong> sign\u00e9 par M. Aziz Rabbah, ministre de l\u2019\u00e9quipement, du transport et de la logistique et Jos\u00e9 Antonio Cruz Almeida, ministre des Travaux publics, de la construction et de l\u2019urbanisme.<\/p>\n<p style=\"text-align: justify;\"><strong>&#8211; Accord de coop\u00e9ration dans le domaine de la sant\u00e9,<\/strong> sing\u00e9 par M. El Houssaine Louardi, ministre de la Sant\u00e9, et Mme Valentina Mendes, ministre de la Sant\u00e9 publique.<\/p>\n<p style=\"text-align: justify;\"><strong>&#8211; Accord-cadre de coop\u00e9ration dans le domaine des mines<\/strong> sign\u00e9 par M. Abdelkader Amara, ministre de l\u2019\u00e9nergie, des mines, de l\u2019eau et de l\u2019environnement, et M. Daniel Gomes, ministre des ressources naturelles.<\/p>\n<p style=\"text-align: justify;\"><strong>&#8211; Accord en mati\u00e8re d\u2019artisanat et d\u2019\u00e9conomie sociale et solidaire<\/strong> sing\u00e9 par Mme Fatema Marouane, ministre de l\u2019Artisanat, de l\u2019\u00e9conomie sociale et solidaire, et Mme Blony Nhama Namtamba Nhasse, ministre de la Femme, de la Famille et de la Coh\u00e9sion Sociale.<\/p>\n<p style=\"text-align: justify;\"><strong>&#8211; Convention entre l\u2019Qffice national de l\u2019\u00e9lectricit\u00e9 et de l\u2019Eau potable (QNEE) et la soci\u00e9t\u00e9 d\u2019\u00e9lectricit\u00e9 et de l\u2019eau de Guin\u00e9e-Bissau (EAGB)<\/strong>, sing\u00e9e par M. Ah Fassi Fihri, directeur g\u00e9n\u00e9ral de 1\u2019QNEE et Ren\u00e9 Barros, directeur g\u00e9n\u00e9ral de l\u2019EAGB.<\/p>\n<p style=\"text-align: justify;\"><strong>&#8211; Convention de partenariat pour le d\u00e9veloppement de l\u2019\u00e9nergie solaire entre Moroccan Agency for Solar Energy \u201cMASEN\u201d et le minist\u00e8re de l\u2019\u00e9nergie et de l\u2019industrie<\/strong> sign\u00e9e par M. Mustapha l3akkoury, pr\u00e9sident du directoire de \u201cMASEN\u201d et M. Carlos Pinho Brandao, directeur g\u00e9n\u00e9ral de l\u2019Energie.<\/p>\n<p style=\"text-align: justify;\"><strong>&#8211; Convention cadre de coop\u00e9ration dans le domaine de la formation professionnelle<\/strong>, sign\u00e9e du c\u00f4t\u00e9 marocain par M. Larbi Bencheikh, directeur g\u00e9n\u00e9ral de 1\u2019QFPPT et Abderrahim Kadmiri, directeur g\u00e9n\u00e9ral de l\u2019Agence marocaine de coop\u00e9ration internationale, et du c\u00f4t\u00e9 bissau-guin\u00e9en, par M. Marcelo Pedro d\u2019Almeida, Directeur g\u00e9n\u00e9ral de la coop\u00e9ration.<\/p>\n<p style=\"text-align: justify;\"><strong>&#8211; Accord-cadre relatif \u00e0 l\u2019octroi de bourses d\u2019\u00e9tudes et de stages au Maroc, au profit des \u00e9tudiants, cadres et techniciens bissau-guin\u00e9ens<\/strong>, sign\u00e9 par M. Abderrahim Kadmiri et M. Marcelo Pedro d\u2019Almeida.<\/p>\n<p>Cette c\u00e9r\u00e9monie s\u2019est d\u00e9roul\u00e9e en pr\u00e9sence des membres de la d\u00e9l\u00e9gation officielle accompagnant le Souverain et des membres du gouvernement bissau-guin\u00e9en.<\/p>\n<h2>Pr\u00e9sentation du partenariat agricole entre le Maroc et la Guin\u00e9e Bissau<\/h2>\n<h3>Le m\u00eame jour, Sa Majest\u00e9 le Roi Mohammed VIet le chef de l\u2019Etat bissauguin\u00e9en, Jos\u00e9 Mario Vaz, pr\u00e9sident au Palais pr\u00e9sidentiel \u00e0 Bissau, la c\u00e9r\u00e9monie de pr\u00e9sentation du partenariat agricole entre le Royaume du Maroc et la R\u00e9publique de Guin\u00e9e Bissau.<\/h3>\n<p>Pr\u00e9sentant ce partenariat, le ministre de l\u2019Agriculture et de la P\u00eache maritime, Aziz Akhannouch, a affirm\u00e9 qu\u2019il existe une \u201cgrande opportunit\u00e9 pour le Maroc et la Guin\u00e9e Bissau de renforcer leur partenariat, notamment dans le domaine agricole\u201d.<\/p>\n<p>Il a soulign\u00e9 que la visite royale en Guin\u00e9e Bissau est en ligne avec le renforcement de la coop\u00e9ration bilat\u00e9rale op\u00e9r\u00e9 depuis 2011, \u00e0 la faveur du nouvel \u00e9lan qui lui a \u00e9t\u00e9 donn\u00e9 sous l\u2019impulsion de SM le Roi Mohammed VI et de Son Excellence le Pr\u00e9sident Jos\u00e9 Mario Vaz, marqu\u00e9 notamment par l\u2019ouverture d\u2019une chancellerie bissauguin\u00e9enne \u00e0 Rabat en 2011.<\/p>\n<p>Le ministre a relev\u00e9 qu\u2019il existe des perspectives importantes de d\u00e9veloppement de la coop\u00e9ration agricole entre le Maroc et la Guin\u00e9e-Bissau, partant de la volont\u00e9 forte du Maroc de partager l\u2019exp\u00e9rience du Plan Maroc Vert et de sa conviction de la n\u00e9cessit\u00e9 de renforcer la Coop\u00e9ration Sud-Sud dans le domaine agricole.<\/p>\n<p>Il a not\u00e9 que l\u2019agriculture bissau-guin\u00e9enne a un poids socio-\u00e9conomique consid\u00e9rable dans l\u2019\u00e9conomie nationale, du fait que 82 pc des emplois bissau-guin\u00e9ens sont dans le secteur agricole, 80 pc des devises totales du pays sont g\u00e9n\u00e9r\u00e9es par les exportations agricoles et plus de 60 pc du PIB sont constitu\u00e9s par le secteur agricole.<\/p>\n<p>Et d\u2019ajouter que le pays dispose d\u2019un potentiel agricole tr\u00e8s important, car il est le 6\u00e8me producteur mondial de noix de cajou et re\u00e7oit environ 1500 mm de pr\u00e9cipitations annuelles moyennes.<\/p>\n<p>Ces richesses naturelles coupl\u00e9es \u00e0 des ressources humaines significatives constituent des conditions favorables au d\u00e9collage de l\u2019agriculture bissau-guin\u00e9enne, a-t-il soulign\u00e9.<\/p>\n<p>M. Akhannouch a saisi l\u2019occasion pour donner un aper\u00e7u du Plan Maroc Vert, celle strat\u00e9gie inclusive et \u00e9quilibr\u00e9e qui fut mise en place en 2008 pour que l\u2019agriculture, qui repr\u00e9sentait un poids \u00e9conomique et social majeur, joue pleinement son r\u00f4le de moteur du d\u00e9veloppement.<\/p>\n<p>Le ministre a, par la suite, indiqu\u00e9 que conform\u00e9ment aux Orientations de Sa Majest\u00e9 le Roi Mohammed VI sur le partage de l\u2019exp\u00e9rience du Maroc au profit de la Guin\u00e9e Bissau, la rencontre de l\u2019exp\u00e9rience agricole marocaine et du potentiel bissauguin\u00e9en peut s\u2019articuler autour de 3 axes de partenariats et 10 chantiers concrets de coop\u00e9ration.<\/p>\n<p>Le premier axe \u201cPartenariats autour des fili\u00e8res\u201d se d\u00e9cline par trois chantiers, \u00e0 savoir les \u00e9changes d\u2019exp\u00e9rience pour le d\u00e9veloppement de la culture du riz, le partage autour de l\u2019ins\u00e9mination artificielle et l\u2019am\u00e9lioration des races animales ovines et bovines, visant l\u2019augmentation de de production de lait et de viande, et l\u2019appui \u00e0 la fili\u00e8re des viandes blanches (\u00e9levage et abattage).<br \/>\nLe deuxi\u00e8me axe \u201cPartenariats autour de l\u2019irrigation et des intrants\u201d comprend deux chantiers portant sur les \u00e9changes d\u2019exp\u00e9rience et l\u2019appui technique au d\u00e9veloppement de l\u2019irrigation (\u00e9tudes techniques, barrages, am\u00e9nagements hydro agricoles) et l\u2019appui en mati\u00e8re d\u2019utilisation des intrants en partenariat avec l\u2019Institut national de la recherche agricole (INRA) et l\u2019Office ch\u00e9rifien des Phosphates (OCP).<\/p>\n<p>Le troisi\u00e8me axe \u201cPartenariats autour de l\u2019accompagnement des acteurs et de l\u2019encouragement de l\u2019investissement\u201d comporte 5 chantiers relatifs \u00e0 l\u2019appui \u00e0 la professionnalisation de la petite agriculture par le d\u00e9veloppement de coop\u00e9ratives, l\u2019appui technique pour la mise en oeuvre de programmes de formation en mati\u00e8re de contr\u00f4les sanitaires, de R&amp;D et de comp\u00e9tences de laboratoire, le partage de connaissances en mati\u00e8re de promotion de l\u2019investissement et \u00e9tude de faisabilit\u00e9 pour la cr\u00e9ation potentielle d\u2019une Agence de D\u00e9veloppement Agricole, l\u2019appui technique dans l\u2019implantation de contrats-programme et de projets (mise en place d\u2019interprofessions) et l\u2019appui au d\u00e9veloppement de PPP foncier pour la mise \u00e0 disposition des terres agricoles de l\u2019Etat.<\/p>\n<p>Ces axes de partenariats permettront notamment l\u2019augmentation du revenu des paysans bissau-guin\u00e9ens et une meilleure structuration des agriculteurs pour assurer la promotion de l\u2019investissement, a relev\u00e9 M. Akhannouch.<\/p>\n<p>Celle c\u00e9r\u00e9monie s\u2019est d\u00e9roul\u00e9e en pr\u00e9sence des membres de la d\u00e9l\u00e9gation officielle accompagnant le Souverain et des membres du gouvernement bissau-guin\u00e9en<\/p>\n","protected":false},"excerpt":{"rendered":"<p>La tourn\u00e9e royale en Afrique se poursuit en Guin\u00e9e Bissau o\u00f9 Sa Majest\u00e9 le Roi Mohammed VI et le Pr\u00e9sident<\/p>\n","protected":false},"author":2,"featured_media":1546,"comment_status":"closed","ping_status":"closed","sticky":false,"template":"","format":"standard","meta":{"footnotes":""},"categories":[3,62,5,7],"tags":[],"class_list":["post-1545","post","type-post","status-publish","format-standard","has-post-thumbnail","hentry","category-accueil","category-afrique","category-maghreb-news","category-presse-marocaine"],"_links":{"self":[{"href":"https:\/\/anatem.info\/index.php?rest_route=\/wp\/v2\/posts\/1545","targetHints":{"allow":["GET"]}}],"collection":[{"href":"https:\/\/anatem.info\/index.php?rest_route=\/wp\/v2\/posts"}],"about":[{"href":"https:\/\/anatem.info\/index.php?rest_route=\/wp\/v2\/types\/post"}],"author":[{"embeddable":true,"href":"https:\/\/anatem.info\/index.php?rest_route=\/wp\/v2\/users\/2"}],"replies":[{"embeddable":true,"href":"https:\/\/anatem.info\/index.php?rest_route=%2Fwp%2Fv2%2Fcomments&post=1545"}],"version-history":[{"count":4,"href":"https:\/\/anatem.info\/index.php?rest_route=\/wp\/v2\/posts\/1545\/revisions"}],"predecessor-version":[{"id":1550,"href":"https:\/\/anatem.info\/index.php?rest_route=\/wp\/v2\/posts\/1545\/revisions\/1550"}],"wp:featuredmedia":[{"embeddable":true,"href":"https:\/\/anatem.info\/index.php?rest_route=\/wp\/v2\/media\/1546"}],"wp:attachment":[{"href":"https:\/\/anatem.info\/index.php?rest_route=%2Fwp%2Fv2%2Fmedia&parent=1545"}],"wp:term":[{"taxonomy":"category","embeddable":true,"href":"https:\/\/anatem.info\/index.php?rest_route=%2Fwp%2Fv2%2Fcategories&post=1545"},{"taxonomy":"post_tag","embeddable":true,"href":"https:\/\/anatem.info\/index.php?rest_route=%2Fwp%2Fv2%2Ftags&post=1545"}],"curies":[{"name":"wp","href":"https:\/\/api.w.org\/{rel}","templated":true}]}}