{"id":1556,"date":"2015-06-01T12:39:44","date_gmt":"2015-06-01T12:39:44","guid":{"rendered":"http:\/\/anatem.info\/?p=1556"},"modified":"2015-06-01T12:39:44","modified_gmt":"2015-06-01T12:39:44","slug":"communique-conjoint-publie-a-lissue-de-la-visite-officielle-de-sm-le-roi-en-guinee-bissau-texte-integral","status":"publish","type":"post","link":"https:\/\/anatem.info\/?p=1556","title":{"rendered":"Communiqu\u00e9 conjoint publi\u00e9 \u00e0 l&rsquo;issue de la visite officielle de SM le Roi en Guin\u00e9e Bissau (Texte int\u00e9gral)"},"content":{"rendered":"<p>SM le Roi Mohammed VI a effectu\u00e9 du 28 au 30 mai courant une visite officielle en Guin\u00e9e Bissau \u00e0 l&rsquo;invitation du pr\u00e9sident bissau-guin\u00e9en Jos\u00e9 Mario Vaz, qui a \u00e9t\u00e9 sanctionn\u00e9e par un communiqu\u00e9 conjoint dont voici le texte int\u00e9gral :<br \/>\n1- A l\u2019invitation de S.E Jos\u00e9 Mario Vaz, Pr\u00e9sident de la Guin\u00e9e Bissau, Sa Majest\u00e9 le Roi Mohammed VI, Que Dieu l\u2019Assiste, a effectu\u00e9 une visite officielle en Guin\u00e9e Bissau du 28 au 30 mai 2015.<br \/>\n2- A travers cette visite historique, les deux pays renouent avec leur histoire de combat pour la libert\u00e9 et la dignit\u00e9. Cette visite constitue aussi une opportunit\u00e9 pour rendre hommage aux illustres leaders de l\u2019Afrique combattante et rappeler l\u2019apport du Maroc \u00e0 la lib\u00e9ration de la Guin\u00e9e Bissau et de l\u2019Afrique du joug colonial.<br \/>\n3- Cette visite symbolise, \u00e9galement, l\u2019attachement de Sa Majest\u00e9 le Roi \u00e0 ces m\u00eames valeurs panafricanistes de solidarit\u00e9 et de fraternit\u00e9 et traduit la ferme volont\u00e9 du Maroc de contribuer \u00e0 la consolidation du processus de reconstruction de la paix et de la stabilit\u00e9 en Guin\u00e9e Bissau.<br \/>\n4- A cette occasion, le Pr\u00e9sident de la Guin\u00e9e Bissau a exprim\u00e9 \u00e0 Sa Majest\u00e9 le Roi ses remerciements et ceux du Gouvernement et du peuple Bissau-guin\u00e9ens pour cette marque d\u2019affection et de solidarit\u00e9 et pour le soutien multiforme que le Maroc n\u2019a cess\u00e9 d\u2019apporter \u00e0 la Guin\u00e9e Bissau dans cette phase d\u00e9terminante et cruciale de son histoire.<br \/>\n5- Le Pr\u00e9sident a tenu \u00e0 f\u00e9liciter Sa Majest\u00e9 le Roi, Mohammed VI, pour Son leadership r\u00e9gional, pour Sa vision pour l\u2019\u00e9mancipation et le d\u00e9veloppement du Continent Africain et pour Son plaidoyer en faveur d\u2019une coop\u00e9ration sud-sud concr\u00e8te et multiforme en faveur des populations africaines.<br \/>\n6- Le Pr\u00e9sident de la Guin\u00e9e Bissau a tenu aussi \u00e0 r\u00e9affirmer le soutien constant et inconditionnel de son pays \u00e0 la marocanit\u00e9 du Sahara et \u00e0 l\u2019int\u00e9grit\u00e9 territoriale du Maroc.<br \/>\n7- La Guin\u00e9e Bissau appuie la candidature du Maroc pour un statut d&rsquo;observateur au sein de la Communaut\u00e9 des pays de langue portugaise (CPLP).<br \/>\n8- Sa Majest\u00e9 le Roi a f\u00e9licit\u00e9 le Pr\u00e9sident Jos\u00e9 Mario VAZ, le gouvernement et toutes les autorit\u00e9s nationales pour les \u00e9tapes franchies par la Guin\u00e9e Bissau dans le processus politique de retour \u00e0 l\u2019ordre constitutionnel et pour les mesures que le Pr\u00e9sident a prises pour permettre \u00e0 la Guin\u00e9e Bissau d\u2019amorcer la phase de la reconstruction et de l\u2019instauration de l\u2019Etat de droit.<br \/>\n9- Cette stabilit\u00e9 passe par la remise en marche des structures et institutions de l\u2019Etat, le renforcement de la paix et de la s\u00e9curit\u00e9, la r\u00e9ponse urgente aux attentes sociales pressantes des populations, le d\u00e9veloppement de programmes concrets pour la s\u00e9curit\u00e9 alimentaire, l\u2019\u00e9lectrification, la sant\u00e9&#8230;<br \/>\n10- Dans ce contexte, Sa Majest\u00e9 le Roi a soulign\u00e9 que le Royaume du Maroc, qui est un ami historique de la Guin\u00e9e Bissau, se veut aussi son partenaire du pr\u00e9sent et de l\u2019avenir.<br \/>\n11- Le Maroc souhaite d\u00e9velopper avec la Guin\u00e9e Bissau une coop\u00e9ration Sud-Sud mutuellement avantageuse et cr\u00e9atrice de richesses communes, et au moyen d\u2019une coop\u00e9ration triangulaire \u00e0 m\u00eame de mobiliser les fonds de d\u00e9veloppement internationaux et l\u2019expertise capitalis\u00e9e au service du d\u00e9veloppement humain durable de la population locale et pour relever ensemble les d\u00e9fis futurs.<br \/>\n12- Sa Majest\u00e9 le Roi a, \u00e0 cet \u00e9gard, assur\u00e9 le Pr\u00e9sident Jos\u00e9 Mario Vaz que le Maroc est pr\u00eat \u00e0 mettre \u00e0 la disposition de la Guin\u00e9e Bissau son exp\u00e9rience en mati\u00e8re de s\u00e9curit\u00e9 et de d\u00e9veloppement \u00e9conomique et social et de l\u2019aider \u00e0 rompre d\u00e9finitivement le cycle de l\u2019instabilit\u00e9 et \u00e0 s\u2019engager dans la voie de la paix durable.<br \/>\n13- Au cours de cette visite, Sa Majest\u00e9 le Roi Mohammed VI et le Pr\u00e9sident Vaz ont pr\u00e9sid\u00e9 les c\u00e9r\u00e9monies d\u2019inauguration et de lacement de plusieurs projets de d\u00e9veloppement humain r\u00e9alis\u00e9s en Guin\u00e9e Bissau avec le concours du Maroc. Les deux Chefs d\u2019Etat ont visit\u00e9 l\u2019h\u00f4pital de campagne d\u00e9ploy\u00e9 \u00e0 Bissau par les Forces Arm\u00e9es Royales pour d\u00e9livrer des soins aux populations. Ils ont \u00e9galement proc\u00e9d\u00e9 au lancement des projets de d\u00e9veloppement agricole et d\u2019installation de stations de production d\u2019eau potable.<br \/>\n14- Le lancement de ces projets de d\u00e9veloppement humain t\u00e9moigne de la priorit\u00e9 accord\u00e9e par Sa Majest\u00e9 le Roi \u00e0 l\u2019am\u00e9lioration des conditions \u00e9conomiques et sociales des populations africaines.<br \/>\n15- Les deux Chefs d\u2019Etat se sont f\u00e9licit\u00e9s du renforcement du cadre juridique r\u00e9gissant les relations entre les deux pays par la signature d\u2019accords de coop\u00e9ration qui permettront \u00e0 la Guin\u00e9e Bissau de b\u00e9n\u00e9ficier de l\u2019exp\u00e9rience et de l\u2019expertise du Maroc dans plusieurs secteurs \u00e9conomiques et sociaux.<br \/>\n16- Sa Majest\u00e9 le Roi a visit\u00e9 la Forteresse d\u2019Amura et a d\u00e9pos\u00e9 une gerbe de fleurs au Mausol\u00e9e Amilcar Cabral, fondateur de la Nation Bissau-guin\u00e9enne et a rendu hommage aux h\u00e9ros de la lutte arm\u00e9e de lib\u00e9ration nationale.<br \/>\n17- Abordant les causes des conflits en Afrique, les deux Chefs d\u2019Etat ont affirm\u00e9 que la sauvegarde de la stabilit\u00e9 est tributaire de la relance de l\u2019\u00e9conomie et de la croissance, de la lutte contre la pr\u00e9carit\u00e9 et l\u2019exclusion ainsi que de la mise en place de r\u00e9formes structurelles politiques et \u00e9conomiques r\u00e9pondant aux exigences internationales et tenant compte des sp\u00e9cificit\u00e9s africaines.<br \/>\n18- Ils ont rappel\u00e9 \u00e9galement l\u2019importance de la lutte contre les menaces s\u00e9curitaires et contre les r\u00e9seaux du crime organis\u00e9 transnational qui essaiment en Afrique et appel\u00e9 la communaut\u00e9 internationale \u00e0 soutenir de fa\u00e7on plus r\u00e9solue les efforts visant la construction de l\u2019Etat de droit.<br \/>\n19- De m\u00eame, l\u2019exp\u00e9rience de plusieurs pays africains, montre que l\u2019aide et le soutien internationaux sont importants pendant la crise, ils le sont d\u2019autant plus pendant la phase qui suit la sortie de crise.<br \/>\n20- Les deux chefs d\u2019Etat ont \u00e9galement affirm\u00e9 que l\u2019\u00e9dification d\u2019espaces de prosp\u00e9rit\u00e9 partag\u00e9e et de solidarit\u00e9 contribuera \u00e0 att\u00e9nuer les \u00e9carts entre les niveaux de d\u00e9veloppement des pays et \u00e0 favoriser la co-\u00e9mergence et la paix.<br \/>\n21- A cet \u00e9gard, les deux Chefs d\u2019Etat, conscients de la communaut\u00e9 de destin et de la similitude des d\u00e9fis qui se posent \u00e0 toute la r\u00e9gion Nord-Ouest Africaine, ont d\u00e9cid\u00e9 de promouvoir la cr\u00e9ation d\u2019un Espace sous-r\u00e9gional de dialogue strat\u00e9gique et de concertation regroupant les pays appartenant \u00e0 cette r\u00e9gion.<br \/>\n22- Sa Majest\u00e9 le Roi a invit\u00e9 S.E le Pr\u00e9sident de la R\u00e9publique \u00e0 effectuer une visite officielle au Royaume du Maroc\u00a0\u00bb .<\/p>\n","protected":false},"excerpt":{"rendered":"<p>SM le Roi Mohammed VI a effectu\u00e9 du 28 au 30 mai courant une visite officielle en Guin\u00e9e Bissau \u00e0<\/p>\n","protected":false},"author":2,"featured_media":1546,"comment_status":"closed","ping_status":"closed","sticky":false,"template":"","format":"standard","meta":{"footnotes":""},"categories":[3,62,5],"tags":[],"class_list":["post-1556","post","type-post","status-publish","format-standard","has-post-thumbnail","hentry","category-accueil","category-afrique","category-maghreb-news"],"_links":{"self":[{"href":"https:\/\/anatem.info\/index.php?rest_route=\/wp\/v2\/posts\/1556","targetHints":{"allow":["GET"]}}],"collection":[{"href":"https:\/\/anatem.info\/index.php?rest_route=\/wp\/v2\/posts"}],"about":[{"href":"https:\/\/anatem.info\/index.php?rest_route=\/wp\/v2\/types\/post"}],"author":[{"embeddable":true,"href":"https:\/\/anatem.info\/index.php?rest_route=\/wp\/v2\/users\/2"}],"replies":[{"embeddable":true,"href":"https:\/\/anatem.info\/index.php?rest_route=%2Fwp%2Fv2%2Fcomments&post=1556"}],"version-history":[{"count":1,"href":"https:\/\/anatem.info\/index.php?rest_route=\/wp\/v2\/posts\/1556\/revisions"}],"predecessor-version":[{"id":1557,"href":"https:\/\/anatem.info\/index.php?rest_route=\/wp\/v2\/posts\/1556\/revisions\/1557"}],"wp:featuredmedia":[{"embeddable":true,"href":"https:\/\/anatem.info\/index.php?rest_route=\/wp\/v2\/media\/1546"}],"wp:attachment":[{"href":"https:\/\/anatem.info\/index.php?rest_route=%2Fwp%2Fv2%2Fmedia&parent=1556"}],"wp:term":[{"taxonomy":"category","embeddable":true,"href":"https:\/\/anatem.info\/index.php?rest_route=%2Fwp%2Fv2%2Fcategories&post=1556"},{"taxonomy":"post_tag","embeddable":true,"href":"https:\/\/anatem.info\/index.php?rest_route=%2Fwp%2Fv2%2Ftags&post=1556"}],"curies":[{"name":"wp","href":"https:\/\/api.w.org\/{rel}","templated":true}]}}