{"id":1559,"date":"2015-06-01T12:47:24","date_gmt":"2015-06-01T12:47:24","guid":{"rendered":"http:\/\/anatem.info\/?p=1559"},"modified":"2015-06-01T12:47:24","modified_gmt":"2015-06-01T12:47:24","slug":"abidjan-reserve-un-accueil-chaleureux-a-sm-le-roi-illustre-hote-de-la-cote-divoire","status":"publish","type":"post","link":"https:\/\/anatem.info\/?p=1559","title":{"rendered":"Abidjan r\u00e9serve un accueil chaleureux \u00e0 SM le Roi, illustre h\u00f4te de la C\u00f4te d\u2019Ivoire"},"content":{"rendered":"<p style=\"text-align: justify;\"><a href=\"http:\/\/anatem.info\/wp-content\/uploads\/2015\/06\/Mohammed-VI-CIV.jpg\"><img fetchpriority=\"high\" decoding=\"async\" class=\" size-full wp-image-1560 alignleft\" src=\"http:\/\/anatem.info\/wp-content\/uploads\/2015\/06\/Mohammed-VI-CIV.jpg\" alt=\"Mohammed-VI-CIV\" width=\"275\" height=\"183\" \/><\/a>Par\u00e9e de ses plus beaux atours, la ville d\u2019Abidjan s\u2019est mise \u00e0 l\u2019heure du Maroc en r\u00e9servant un accueil des plus chaleureux \u00e0 SM le Roi Mohammed VI, que Dieu L\u2019assiste, arriv\u00e9 samedi en fin apr\u00e8s-midi dans la m\u00e9tropole ivoirienne pour une visite de travail et d\u2019amiti\u00e9 en R\u00e9publique de C\u00f4te d\u2019Ivoire.<br \/>\nTout au long de l\u2019itin\u00e9raire emprunt\u00e9 par le cort\u00e8ge royal, plusieurs centaines de citoyens ivoiriens et des membres de la communaut\u00e9 marocaine \u00e9tablie en C\u00f4te d\u2019Ivoire se sont amass\u00e9s pour acclamer SM le Roi et Lui souhaiter la bienvenue en terre ivoirienne.<br \/>\nAu milieu des vivats et des youyous, ils brandissaient les drapeaux du Maroc et de la C\u00f4te d\u2019Ivoire pour saluer l\u2019amiti\u00e9 et la fraternit\u00e9 exemplaires maroco-ivoiriennes.<br \/>\nDes portraits g\u00e9ants de SM le Roi Mohammed VI et du pr\u00e9sident Alassane Ouattara ornent depuis plusieurs jours les grandes art\u00e8res de la ville d\u2019Abidjan, signe de la fiert\u00e9 et de l\u2019enthousiasme de tout un peuple pour accueillir le Souverain et Lui souhaiter Akwaba (bienvenue en langue baoul\u00e9) et un bon s\u00e9jour \u00e0 Abidjan.<br \/>\nPour la circonstance, Abidjan s&rsquo;est faite davantage plus belle pour cet \u00e9v\u00e8nement exceptionnel dans l&rsquo;agenda de la R\u00e9publique de C\u00f4te d&rsquo;Ivoire dont les liens solides et s\u00e9culaires qui la lient au Maroc ne sont plus \u00e0 d\u00e9montrer.<br \/>\nPour preuve, l\u2019ensemble des Ivoiriens voient dans le s\u00e9jour abidjanais de SM le Roi une marque de confiance et un engagement infaillible du Souverain dans l&rsquo;avenir et dans le potentiel de leur pays, v\u00e9ritable locomotive \u00e9conomique de la r\u00e9gion de l&rsquo;Afrique de l&rsquo;Ouest.<br \/>\nEt ce sont toutes les places, tous les boulevards et art\u00e8res et toutes les rues de la m\u00e9tropole \u00e9conomique ivoirienne qui ont \u00e9t\u00e9 mis aux couleurs du Maroc pour cette visite historique du Souverain.<br \/>\nLa communaut\u00e9 marocaine en C\u00f4te d&rsquo;Ivoire, l&rsquo;une des plus anciennes en Afrique, ressent une grande fiert\u00e9 \u00e0 l&rsquo;occasion de ce d\u00e9placement royal et s\u2019est spontan\u00e9ment mobilis\u00e9e pour exprimer son ind\u00e9fectible attachement au glorieux Tr\u00f4ne alaouite et r\u00e9it\u00e9rer sa mobilisation derri\u00e8re SM le Roi.<br \/>\nTout le monde s&rsquo;est ainsi donn\u00e9 rendez-vous \u00e0 l&rsquo;a\u00e9roport international F\u00e9lix Houphou\u00ebt-Boigny pour apercevoir de plus pr\u00e8s SM le Roi et saluer la fraternit\u00e9 maroco-ivoirienne.<\/p>\n","protected":false},"excerpt":{"rendered":"<p>Par\u00e9e de ses plus beaux atours, la ville d\u2019Abidjan s\u2019est mise \u00e0 l\u2019heure du Maroc en r\u00e9servant un accueil des<\/p>\n","protected":false},"author":2,"featured_media":0,"comment_status":"closed","ping_status":"closed","sticky":false,"template":"","format":"standard","meta":{"footnotes":""},"categories":[3,5,7],"tags":[],"class_list":["post-1559","post","type-post","status-publish","format-standard","hentry","category-accueil","category-maghreb-news","category-presse-marocaine"],"_links":{"self":[{"href":"https:\/\/anatem.info\/index.php?rest_route=\/wp\/v2\/posts\/1559","targetHints":{"allow":["GET"]}}],"collection":[{"href":"https:\/\/anatem.info\/index.php?rest_route=\/wp\/v2\/posts"}],"about":[{"href":"https:\/\/anatem.info\/index.php?rest_route=\/wp\/v2\/types\/post"}],"author":[{"embeddable":true,"href":"https:\/\/anatem.info\/index.php?rest_route=\/wp\/v2\/users\/2"}],"replies":[{"embeddable":true,"href":"https:\/\/anatem.info\/index.php?rest_route=%2Fwp%2Fv2%2Fcomments&post=1559"}],"version-history":[{"count":1,"href":"https:\/\/anatem.info\/index.php?rest_route=\/wp\/v2\/posts\/1559\/revisions"}],"predecessor-version":[{"id":1561,"href":"https:\/\/anatem.info\/index.php?rest_route=\/wp\/v2\/posts\/1559\/revisions\/1561"}],"wp:attachment":[{"href":"https:\/\/anatem.info\/index.php?rest_route=%2Fwp%2Fv2%2Fmedia&parent=1559"}],"wp:term":[{"taxonomy":"category","embeddable":true,"href":"https:\/\/anatem.info\/index.php?rest_route=%2Fwp%2Fv2%2Fcategories&post=1559"},{"taxonomy":"post_tag","embeddable":true,"href":"https:\/\/anatem.info\/index.php?rest_route=%2Fwp%2Fv2%2Ftags&post=1559"}],"curies":[{"name":"wp","href":"https:\/\/api.w.org\/{rel}","templated":true}]}}