{"id":1594,"date":"2015-06-13T15:33:41","date_gmt":"2015-06-13T15:33:41","guid":{"rendered":"http:\/\/anatem.info\/?p=1594"},"modified":"2015-06-13T15:33:41","modified_gmt":"2015-06-13T15:33:41","slug":"sm-le-roi-et-le-president-gabonais-lancent-a-libreville-les-travaux-de-construction-dun-centre-de-formation-professionnelle-dans-les-metiers-du-transport-et-de-la-logistique","status":"publish","type":"post","link":"https:\/\/anatem.info\/?p=1594","title":{"rendered":"SM le Roi et le pr\u00e9sident gabonais lancent \u00e0 Libreville les travaux de  construction d&rsquo;un centre de formation professionnelle dans les m\u00e9tiers du  transport et de la logistique"},"content":{"rendered":"<p>Libreville, 12 juin 2015 (MAP) &#8211; Sa Majest\u00e9 le Roi Mohammed VI, que Dieu L&rsquo;assiste, et le Pr\u00e9sident de la R\u00e9publique gabonaise, SEM. Ali Bongo Ondimba, ont proc\u00e9d\u00e9, vendredi \u00e0 Libreville, au lancement des travaux de construction d&rsquo;un centre de formation professionnelle dans les m\u00e9tiers du transport et de la logistique, un projet qui confirme la vocation africaine du Royaume et l&rsquo;engagement permanent du Souverain en faveur d&rsquo;une coop\u00e9ration Sud-Sud solide, agissante et solidaire.<\/p>\n<p>Mobilisant des investissements de l&rsquo;ordre de 57 millions de dirhams, ce centre, dont la r\u00e9alisation est port\u00e9e par la Fondation Mohammed VI pour le D\u00e9veloppement Durable, traduit l&rsquo;int\u00e9r\u00eat particulier qu&rsquo;accorde SM le Roi \u00e0 la formation et la qualification de l&rsquo;\u00e9l\u00e9ment humain, pierre angulaire de tout projet de d\u00e9veloppement, ainsi que Sa volont\u00e9 d&rsquo;accompagner le Gabon fr\u00e8re dans la r\u00e9alisation de son plan strat\u00e9gique \u00ab\u00a0Gabon Emergent\u00a0\u00bb qui ambitionne d&rsquo;acc\u00e9l\u00e9rer la croissance de l&rsquo;\u00e9conomie et d&rsquo;en diversifier les sources.<\/p>\n<p>Ainsi, la cr\u00e9ation de ce centre de formation professionnelle dans les m\u00e9tiers du transport et de la logistique permettra de r\u00e9pondre aux besoins des op\u00e9rateurs \u00e9conomiques en ressources humaines qualifi\u00e9es, de renforcer l&#8217;employabilit\u00e9 des jeunes et de promouvoir leur int\u00e9gration dans le march\u00e9 du travail, et d&rsquo;accompagner les grands chantiers de d\u00e9veloppement socio-\u00e9conomique engag\u00e9s par la R\u00e9publique gabonaise.<\/p>\n<p>D&rsquo;une capacit\u00e9 d&rsquo;accueil de plus de 1.000 stagiaires par an, ce p\u00f4le d&rsquo;excellence qui sera r\u00e9alis\u00e9 sur une superficie globale de 3,5 ha, assurera la formation initiale des jeunes et la formation continue des salari\u00e9s des entreprises, dans 13 fili\u00e8res des secteurs du transport et de la logistique. Les futurs stagiaires pourront suivre des formations de technicien sp\u00e9cialis\u00e9 (Baccalaur\u00e9at), de technicien (niveau Bac), de qualification (fin des \u00e9tudes secondaires coll\u00e9giales) et de sp\u00e9cialisation (fin des \u00e9tudes primaires).<\/p>\n<p>La r\u00e9alisation du centre de formation professionnelle dans les m\u00e9tiers du transport et de la logistique est financ\u00e9e par la Fondation Mohammed VI pour le D\u00e9veloppement Durable (40 MDH) et l&rsquo;Office de la formation professionnelle et de la promotion du travail (17 MDH) qui assure l&rsquo;assistance technique, l&rsquo;ing\u00e9nierie de formation et la formation des formateurs.<\/p>\n<p>Symbole d&rsquo;une coop\u00e9ration Sud\/Sud r\u00e9ussie, ce projet traduit la volont\u00e9 sans faille du Maroc d&rsquo;accompagner le d\u00e9veloppement \u00e9conomique et social que connait la R\u00e9publique gabonaise, dans le cadre d&rsquo;un partenariat gagnant-gagnant. Il illustre \u00e9galement le d\u00e9sir et l&rsquo;engagement fort du Royaume d&rsquo;approfondir davantage ce type de partenariat via la diversification et l&rsquo;\u00e9largissement des champs de coop\u00e9ration, ainsi que la mise en \u0153uvre d&rsquo;instruments novateurs permettant au Royaume de partager l&rsquo;expertise qu&rsquo;il a acquise dans des secteurs porteurs de richesses et d&#8217;emplois.(MAP)<\/p>\n","protected":false},"excerpt":{"rendered":"<p>Libreville, 12 juin 2015 (MAP) &#8211; Sa Majest\u00e9 le Roi Mohammed VI, que Dieu L&rsquo;assiste, et le Pr\u00e9sident de la<\/p>\n","protected":false},"author":2,"featured_media":0,"comment_status":"closed","ping_status":"closed","sticky":false,"template":"","format":"standard","meta":{"footnotes":""},"categories":[3,62,5,7],"tags":[],"class_list":["post-1594","post","type-post","status-publish","format-standard","hentry","category-accueil","category-afrique","category-maghreb-news","category-presse-marocaine"],"_links":{"self":[{"href":"https:\/\/anatem.info\/index.php?rest_route=\/wp\/v2\/posts\/1594","targetHints":{"allow":["GET"]}}],"collection":[{"href":"https:\/\/anatem.info\/index.php?rest_route=\/wp\/v2\/posts"}],"about":[{"href":"https:\/\/anatem.info\/index.php?rest_route=\/wp\/v2\/types\/post"}],"author":[{"embeddable":true,"href":"https:\/\/anatem.info\/index.php?rest_route=\/wp\/v2\/users\/2"}],"replies":[{"embeddable":true,"href":"https:\/\/anatem.info\/index.php?rest_route=%2Fwp%2Fv2%2Fcomments&post=1594"}],"version-history":[{"count":1,"href":"https:\/\/anatem.info\/index.php?rest_route=\/wp\/v2\/posts\/1594\/revisions"}],"predecessor-version":[{"id":1595,"href":"https:\/\/anatem.info\/index.php?rest_route=\/wp\/v2\/posts\/1594\/revisions\/1595"}],"wp:attachment":[{"href":"https:\/\/anatem.info\/index.php?rest_route=%2Fwp%2Fv2%2Fmedia&parent=1594"}],"wp:term":[{"taxonomy":"category","embeddable":true,"href":"https:\/\/anatem.info\/index.php?rest_route=%2Fwp%2Fv2%2Fcategories&post=1594"},{"taxonomy":"post_tag","embeddable":true,"href":"https:\/\/anatem.info\/index.php?rest_route=%2Fwp%2Fv2%2Ftags&post=1594"}],"curies":[{"name":"wp","href":"https:\/\/api.w.org\/{rel}","templated":true}]}}