{"id":1599,"date":"2015-06-17T12:53:52","date_gmt":"2015-06-17T12:53:52","guid":{"rendered":"http:\/\/anatem.info\/?p=1599"},"modified":"2015-06-17T12:54:23","modified_gmt":"2015-06-17T12:54:23","slug":"diplomatie-le-maroc-president-de-la-3eme-commission-pour-la-70eme-session-de-lassemblee-generale","status":"publish","type":"post","link":"https:\/\/anatem.info\/?p=1599","title":{"rendered":"Diplomatie : Le Maroc Pr\u00e9sident de la 3\u00e8me Commission pour la 70\u00e8me session de l&rsquo;Assembl\u00e9e G\u00e9n\u00e9rale."},"content":{"rendered":"<p align=\"JUSTIFY\"><span style=\"font-size: large;\">Le 15 juin 2015, 193 pays membres de l&rsquo;Organisation des Nations-Unies ont \u00e9lu \u00e0 l&rsquo;unanimit\u00e9 le Maroc Pr\u00e9sident de la 3\u00e8me Commission pour la 70\u00e8me session de l&rsquo;Assembl\u00e9e G\u00e9n\u00e9rale.<\/span><\/p>\n<figure id=\"attachment_1600\" aria-describedby=\"caption-attachment-1600\" style=\"width: 350px\" class=\"wp-caption alignleft\"><a href=\"http:\/\/anatem.info\/wp-content\/uploads\/2015\/06\/Omar-Hilale-pr\u00e9sente-ses-lettres-de-cr\u00e9ances_M.jpg\"><img fetchpriority=\"high\" decoding=\"async\" class=\"size-full wp-image-1600\" src=\"http:\/\/anatem.info\/wp-content\/uploads\/2015\/06\/Omar-Hilale-pr\u00e9sente-ses-lettres-de-cr\u00e9ances_M-e1434545547834.jpg\" alt=\"Amb. Omar Hilale, new Permanent Representative of the Morocco to the United Nations, presents his credentials to Secretary-General Ban Ki-moon.\" width=\"350\" height=\"207\" \/><\/a><figcaption id=\"caption-attachment-1600\" class=\"wp-caption-text\">Omar Hilale avec le secretaire g\u00e9n\u00e9ral de l&rsquo;ONU M. Ban Ki-moon.<\/figcaption><\/figure>\n<p align=\"JUSTIFY\">En effet le Repr\u00e9sentant Permanent du Royaume du Maroc a \u00e9t\u00e9 port\u00e9 \u00e0 la t\u00eate de cette importante Commission onusienne qui traite des questions des Droits Humains, sociales et humanitaires.<\/p>\n<p align=\"JUSTIFY\">Un choix qui constitue une reconnaissance internationale des r\u00e9formes audacieuses entreprises par le Roi du Maroc dans le domaine des droits de l&rsquo;Homme, et Son engagement en faveur des causes africaines.<\/p>\n<p align=\"JUSTIFY\">L&rsquo;\u00e9lection du Maroc \u00e0 cette importante Commission reconna\u00eet les efforts entrepris par le Maroc en mati\u00e8re de d\u00e9mocratie, de protection des Droits de l&rsquo;Homme, de pluralisme, de mod\u00e9ration, de tol\u00e9rance, de coexistence pacifique et de dialogue entre les civilisations et les cultures.<\/p>\n<p align=\"JUSTIFY\">Ce choix international consacre \u00e9galement les fortes avanc\u00e9es du Maroc sur la promotion des Droits de la Femme et la protection des Droits de l&rsquo;Enfant et des r\u00e9fugi\u00e9s ainsi que de la protection des libert\u00e9s fondamentales, la pr\u00e9vention du crime, la justice p\u00e9nale ou encore le contr\u00f4le international des drogues.<\/p>\n<p align=\"JUSTIFY\">L&rsquo;\u00e9lection du Maroc \u00e0 la t\u00eate de la 3\u00e8me Commission, apr\u00e8s celle de 1966, est une reconnaissance internationale des r\u00e9formes audacieuses entreprises par le Roi Mohammed VI dans le domaine des droits de l&rsquo;Homme, et son engagement en faveur des causes africaines.<\/p>\n<p align=\"JUSTIFY\">Enfin, cette \u00e9lection est un v\u00e9ritable camouflet inflig\u00e9 \u00e0 certaines parties hostiles au Maroc qui devraient d\u00e9sormais r\u00e9viser leur discours d&rsquo;un autre temps, sous peine de tomber dans le ridicule.<\/p>\n<p align=\"JUSTIFY\">Farid Mnebhi.<\/p>\n<p>&nbsp;<\/p>\n","protected":false},"excerpt":{"rendered":"<p>Le 15 juin 2015, 193 pays membres de l&rsquo;Organisation des Nations-Unies ont \u00e9lu \u00e0 l&rsquo;unanimit\u00e9 le Maroc Pr\u00e9sident de la<\/p>\n","protected":false},"author":2,"featured_media":0,"comment_status":"closed","ping_status":"closed","sticky":false,"template":"","format":"standard","meta":{"footnotes":""},"categories":[3,5,7],"tags":[],"class_list":["post-1599","post","type-post","status-publish","format-standard","hentry","category-accueil","category-maghreb-news","category-presse-marocaine"],"_links":{"self":[{"href":"https:\/\/anatem.info\/index.php?rest_route=\/wp\/v2\/posts\/1599","targetHints":{"allow":["GET"]}}],"collection":[{"href":"https:\/\/anatem.info\/index.php?rest_route=\/wp\/v2\/posts"}],"about":[{"href":"https:\/\/anatem.info\/index.php?rest_route=\/wp\/v2\/types\/post"}],"author":[{"embeddable":true,"href":"https:\/\/anatem.info\/index.php?rest_route=\/wp\/v2\/users\/2"}],"replies":[{"embeddable":true,"href":"https:\/\/anatem.info\/index.php?rest_route=%2Fwp%2Fv2%2Fcomments&post=1599"}],"version-history":[{"count":1,"href":"https:\/\/anatem.info\/index.php?rest_route=\/wp\/v2\/posts\/1599\/revisions"}],"predecessor-version":[{"id":1601,"href":"https:\/\/anatem.info\/index.php?rest_route=\/wp\/v2\/posts\/1599\/revisions\/1601"}],"wp:attachment":[{"href":"https:\/\/anatem.info\/index.php?rest_route=%2Fwp%2Fv2%2Fmedia&parent=1599"}],"wp:term":[{"taxonomy":"category","embeddable":true,"href":"https:\/\/anatem.info\/index.php?rest_route=%2Fwp%2Fv2%2Fcategories&post=1599"},{"taxonomy":"post_tag","embeddable":true,"href":"https:\/\/anatem.info\/index.php?rest_route=%2Fwp%2Fv2%2Ftags&post=1599"}],"curies":[{"name":"wp","href":"https:\/\/api.w.org\/{rel}","templated":true}]}}