{"id":1610,"date":"2015-07-12T18:12:55","date_gmt":"2015-07-12T18:12:55","guid":{"rendered":"http:\/\/anatem.info\/?p=1610"},"modified":"2015-07-12T18:12:55","modified_gmt":"2015-07-12T18:12:55","slug":"reconciliation-inter-libyenne-en-terre-marocaine","status":"publish","type":"post","link":"https:\/\/anatem.info\/?p=1610","title":{"rendered":"R\u00e9conciliation inter-libyenne en terre marocaine"},"content":{"rendered":"<p align=\"JUSTIFY\">Le samedi 11 juillet 2015 au soir, l&rsquo;espoir d&rsquo;une sortie de crise d\u00e9finitive en Libye est devenue r\u00e9alit\u00e9 pour l&rsquo;ensemble du peuple libyen.<\/p>\n<p style=\"text-align: justify;\" align=\"JUSTIFY\"><a href=\"http:\/\/anatem.info\/wp-content\/uploads\/2015\/07\/aaaaa-l-e1436724682676.jpg\"><img fetchpriority=\"high\" decoding=\"async\" class=\" size-full wp-image-1611 alignleft\" src=\"http:\/\/anatem.info\/wp-content\/uploads\/2015\/07\/aaaaa-l-e1436724682676.jpg\" alt=\"aaaaa-l\" width=\"350\" height=\"215\" \/><\/a>En effet, l&rsquo;ensemble des protagonistes, except\u00e9 le Congr\u00e8s National G\u00e9n\u00e9ral (CNG), ont sign\u00e9 \u00e0 Skhirat, Maroc, l&rsquo;Accord de R\u00e9conciliation Nationale sous les Pr\u00e9sidences du Repr\u00e9sentant Sp\u00e9cial du Secr\u00e9taire G\u00e9n\u00e9ral des Nations-Unies pour la Libye et Chef de la Mission d&rsquo;Appui des Nations-Unies en Libye (MANUL), Monsieur Leon Bernardino, et du Ministre marocain des Affaires Etrang\u00e8res et de la Coop\u00e9ration, Monsieur Salaheddine Mezouar.<\/p>\n<p style=\"text-align: justify;\" align=\"JUSTIFY\">Une c\u00e9r\u00e9monie de signature \u00e0 laquelle ont assist\u00e9 les Pr\u00e9sidents des Chambres des Repr\u00e9sentants et des Conseillers, respectivement, Messieurs Rachid Talbi Alami et Mohamed Cheikh Biadillah, plusieurs Ambassadeurs \u00e9trangers en leur qualit\u00e9 d&rsquo;observateurs, en l&rsquo;absence des repr\u00e9sentants du CNG, dit Parlement de Tripoli.<\/p>\n<p style=\"text-align: justify;\" align=\"JUSTIFY\">Ainsi donc, au terme de six rounds de n\u00e9gociations men\u00e9s au Maroc, le paraphe de ce document, qui sera tr\u00e8s certainement sign\u00e9 par le CNG ult\u00e9rieurement, ouvre la voie \u00e0 paix et \u00e0 la formation d&rsquo;un Gouvernement d&rsquo;Union Nationale et permettra \u00e0 la Libye de sortir du chaos dans lequel ce pays vit depuis plus de trois ann\u00e9es, notamment suite \u00e0 des ing\u00e9rences \u00e9trang\u00e8res.<\/p>\n<p style=\"text-align: justify;\" align=\"JUSTIFY\">Le document aujourd&rsquo;hui sign\u00e9 met en exergue le r\u00f4le majeur jou\u00e9 par le Royaume du Maroc et son Roi pour sa concr\u00e9tisation ; un r\u00f4le positif, sage, constructif et d\u00e9sint\u00e9ress\u00e9 qui a suscit\u00e9 l&rsquo;admiration de la communaut\u00e9 internationale, de l&rsquo;ensemble des bellig\u00e9rants et du peuple libyen et qui a d\u00e9jou\u00e9 tous les pronostics de certains pays, qui se sont \u00e9vertu\u00e9s \u00e0 saboter toutes les initiatives marocaines visant \u00e0 r\u00e9concilier d\u00e9finitivement le peuple libyen pour que la Libye retrouve la place qui lui \u00e9choit dans le concert des Nations. Il est certain que le peuple libyen saura, dans un avenir tr\u00e8s proche, leur rappeler leur r\u00f4le destructeur de la Nation libyenne.<\/p>\n<p style=\"text-align: justify;\" align=\"JUSTIFY\">Le Maroc et le peuple marocain se f\u00e9licitent que les repr\u00e9sentants du peuple libyen aient adopt\u00e9 la voie de la sagesse ; une d\u00e9cision forte qui permettra \u00e0 la Libye de se reconstruire sur tous les plans : politique, \u00e9conomique, social, etc. et de remettre \u00e0 niveau son industrie p\u00e9troli\u00e8re et gazi\u00e8re pour qu&rsquo;elle puisse g\u00e9n\u00e9rer des revenus qui lui permettront de r\u00e9aliser ses plans de relance.<\/p>\n<p style=\"text-align: justify;\" align=\"JUSTIFY\">L&rsquo;accord de paix inter-libyen sign\u00e9 en terre marocaine constitue une nouvelle victoire diplomatique pour le Maroc et un s\u00e9rieux camouflet pour certains d\u00e9tracteurs de la r\u00e9gion qui devraient se poser, au regard de leur r\u00f4le d\u00e9stabilisateur, de s\u00e9rieuses questions sur le futur de leurs relations avec l&rsquo;ensemble des pays de la r\u00e9gion.<\/p>\n<p style=\"text-align: justify;\" align=\"JUSTIFY\"><span style=\"font-size: large;\">Farid Mnebhi<\/span><span style=\"color: #808080; font-size: large;\"><span style=\"color: #808080; font-size: large;\">.<\/span><\/span><\/p>\n","protected":false},"excerpt":{"rendered":"<p>Le samedi 11 juillet 2015 au soir, l&rsquo;espoir d&rsquo;une sortie de crise d\u00e9finitive en Libye est devenue r\u00e9alit\u00e9 pour l&rsquo;ensemble<\/p>\n","protected":false},"author":2,"featured_media":0,"comment_status":"closed","ping_status":"closed","sticky":false,"template":"","format":"standard","meta":{"footnotes":""},"categories":[3,62,5,7],"tags":[],"class_list":["post-1610","post","type-post","status-publish","format-standard","hentry","category-accueil","category-afrique","category-maghreb-news","category-presse-marocaine"],"_links":{"self":[{"href":"https:\/\/anatem.info\/index.php?rest_route=\/wp\/v2\/posts\/1610","targetHints":{"allow":["GET"]}}],"collection":[{"href":"https:\/\/anatem.info\/index.php?rest_route=\/wp\/v2\/posts"}],"about":[{"href":"https:\/\/anatem.info\/index.php?rest_route=\/wp\/v2\/types\/post"}],"author":[{"embeddable":true,"href":"https:\/\/anatem.info\/index.php?rest_route=\/wp\/v2\/users\/2"}],"replies":[{"embeddable":true,"href":"https:\/\/anatem.info\/index.php?rest_route=%2Fwp%2Fv2%2Fcomments&post=1610"}],"version-history":[{"count":1,"href":"https:\/\/anatem.info\/index.php?rest_route=\/wp\/v2\/posts\/1610\/revisions"}],"predecessor-version":[{"id":1612,"href":"https:\/\/anatem.info\/index.php?rest_route=\/wp\/v2\/posts\/1610\/revisions\/1612"}],"wp:attachment":[{"href":"https:\/\/anatem.info\/index.php?rest_route=%2Fwp%2Fv2%2Fmedia&parent=1610"}],"wp:term":[{"taxonomy":"category","embeddable":true,"href":"https:\/\/anatem.info\/index.php?rest_route=%2Fwp%2Fv2%2Fcategories&post=1610"},{"taxonomy":"post_tag","embeddable":true,"href":"https:\/\/anatem.info\/index.php?rest_route=%2Fwp%2Fv2%2Ftags&post=1610"}],"curies":[{"name":"wp","href":"https:\/\/api.w.org\/{rel}","templated":true}]}}