{"id":1626,"date":"2015-07-22T14:02:15","date_gmt":"2015-07-22T14:02:15","guid":{"rendered":"http:\/\/anatem.info\/?p=1626"},"modified":"2015-07-22T14:02:15","modified_gmt":"2015-07-22T14:02:15","slug":"afrique-et-politique-migratoire-marocaine","status":"publish","type":"post","link":"https:\/\/anatem.info\/?p=1626","title":{"rendered":"Afrique et politique migratoire marocaine"},"content":{"rendered":"<p align=\"JUSTIFY\"><strong><\/strong><span style=\"font-size: large;\">Tr\u00e8s t\u00f4t le Maroc s&rsquo;est attel\u00e9 \u00e0 trouver une solution humaniste au probl\u00e8me du flux migratoire de plus en plus massif en provenance de l&rsquo;Afrique sub-saharienne et de l&rsquo;Ouest et de l&rsquo;Est. ; un afflux qui a \u00e9t\u00e9 favoris\u00e9 par les trafiquants d&rsquo;\u00eatres humains qui s\u00e9vissent en Alg\u00e9rie qui leur facilitent le franchissement de la fronti\u00e8re avec le Maroc moyennant une contrepartie financi\u00e8re cons\u00e9quente.<\/span><\/p>\n<p align=\"JUSTIFY\">Confront\u00e9 \u00e0 ces multiples vagues d&rsquo;arriv\u00e9es des nouveaux migrants sur son territoire, via l&rsquo;Alg\u00e9rie, le Maroc a r\u00e9agi de fa\u00e7on responsable en se dotant d&rsquo;un arsenal juridique et d&rsquo;une politique migratoire humaniste qui accorde une large attention \u00e0 la situation de d\u00e9tresse de cette population.<\/p>\n<p align=\"JUSTIFY\">Cette politique migratoire est pionni\u00e8re dans la r\u00e9gion et m\u00eame dans tout l&rsquo;h\u00e9misph\u00e8re Sud. Elle est respectueuse \u00e0 la fois des Conventions Internationales et de la Constitution et ob\u00e9it \u00e0 quatre objectifs \u00e0 savoir : faciliter l&rsquo;int\u00e9gration des immigr\u00e9s r\u00e9guliers, mettre \u00e0 niveaux le cadre r\u00e9glementaire, mettre en place un cadre institutionnel adapt\u00e9 et g\u00e9rer les flux migratoires dans le respect des Droits de l&rsquo;Homme.<\/p>\n<p align=\"JUSTIFY\">Ainsi, pour la seule ann\u00e9e 2014, pr\u00e8s de 18 000 personnes d&rsquo;une centaine de nationalit\u00e9s, principalement originaire d&rsquo;Afrique, ont-elles b\u00e9n\u00e9fici\u00e9 de l&rsquo;op\u00e9ration de r\u00e9gularisation, dont 5060 femmes. Ces r\u00e9gularisations s&rsquo;accompagnent de mesures ad\u00e9quates afin de faciliter leur int\u00e9gration \u00e0 la soci\u00e9t\u00e9 marocaine avec une reconnaissance totale de leurs droits civils, \u00e9conomiques, sociaux, culturels, cultuels mais \u00e9galement de l&rsquo;\u00e9galit\u00e9 de chances avec les r\u00e9sidents marocains.<\/p>\n<p align=\"JUSTIFY\">Aussi, le Maroc est-il le seul pays d&rsquo;Afrique \u00e0 mener <span lang=\"FR\">une politique migratoire globale, ouverte et g\u00e9n\u00e9reuse, salu\u00e9e au niveau continental et international ; une politique migratoire avant-gardiste qui d\u00e9plait fortement \u00e0 certains ennemis du Maroc qui s&rsquo;\u00e9chinent \u00e0 vouloir porter atteinte \u00e0 l&rsquo;image de marque du Maroc et qui sont connues pour leur haine visc\u00e9rale envers le Maroc.<\/span><\/p>\n<p align=\"JUSTIFY\">Farid Mnebhi.<\/p>\n<p>&nbsp;<\/p>\n","protected":false},"excerpt":{"rendered":"<p>Tr\u00e8s t\u00f4t le Maroc s&rsquo;est attel\u00e9 \u00e0 trouver une solution humaniste au probl\u00e8me du flux migratoire de plus en plus<\/p>\n","protected":false},"author":2,"featured_media":1563,"comment_status":"closed","ping_status":"closed","sticky":false,"template":"","format":"standard","meta":{"footnotes":""},"categories":[3,62,5,7],"tags":[],"class_list":["post-1626","post","type-post","status-publish","format-standard","has-post-thumbnail","hentry","category-accueil","category-afrique","category-maghreb-news","category-presse-marocaine"],"_links":{"self":[{"href":"https:\/\/anatem.info\/index.php?rest_route=\/wp\/v2\/posts\/1626","targetHints":{"allow":["GET"]}}],"collection":[{"href":"https:\/\/anatem.info\/index.php?rest_route=\/wp\/v2\/posts"}],"about":[{"href":"https:\/\/anatem.info\/index.php?rest_route=\/wp\/v2\/types\/post"}],"author":[{"embeddable":true,"href":"https:\/\/anatem.info\/index.php?rest_route=\/wp\/v2\/users\/2"}],"replies":[{"embeddable":true,"href":"https:\/\/anatem.info\/index.php?rest_route=%2Fwp%2Fv2%2Fcomments&post=1626"}],"version-history":[{"count":1,"href":"https:\/\/anatem.info\/index.php?rest_route=\/wp\/v2\/posts\/1626\/revisions"}],"predecessor-version":[{"id":1627,"href":"https:\/\/anatem.info\/index.php?rest_route=\/wp\/v2\/posts\/1626\/revisions\/1627"}],"wp:featuredmedia":[{"embeddable":true,"href":"https:\/\/anatem.info\/index.php?rest_route=\/wp\/v2\/media\/1563"}],"wp:attachment":[{"href":"https:\/\/anatem.info\/index.php?rest_route=%2Fwp%2Fv2%2Fmedia&parent=1626"}],"wp:term":[{"taxonomy":"category","embeddable":true,"href":"https:\/\/anatem.info\/index.php?rest_route=%2Fwp%2Fv2%2Fcategories&post=1626"},{"taxonomy":"post_tag","embeddable":true,"href":"https:\/\/anatem.info\/index.php?rest_route=%2Fwp%2Fv2%2Ftags&post=1626"}],"curies":[{"name":"wp","href":"https:\/\/api.w.org\/{rel}","templated":true}]}}