{"id":1689,"date":"2015-08-21T13:09:24","date_gmt":"2015-08-21T13:09:24","guid":{"rendered":"http:\/\/anatem.info\/?p=1689"},"modified":"2015-08-21T13:09:24","modified_gmt":"2015-08-21T13:09:24","slug":"le-20-aout-jour-de-la-commemoration-dune-epopee-heroique-dans-lhistoire-du-maroc","status":"publish","type":"post","link":"https:\/\/anatem.info\/?p=1689","title":{"rendered":"Le 20 ao\u00fbt : jour de la Comm\u00e9moration d&rsquo;une \u00e9pop\u00e9e h\u00e9ro\u00efque dans l&rsquo;Histoire du Maroc"},"content":{"rendered":"<p align=\"JUSTIFY\"><span style=\"font-size: large;\"><a href=\"http:\/\/anatem.info\/wp-content\/uploads\/2015\/08\/SM-Mohammed-VI.jpg\"><img fetchpriority=\"high\" decoding=\"async\" class=\"size-full wp-image-1691 alignleft\" src=\"http:\/\/anatem.info\/wp-content\/uploads\/2015\/08\/SM-Mohammed-VI.jpg\" alt=\"SM Mohammed VI\" width=\"494\" height=\"485\" srcset=\"https:\/\/anatem.info\/wp-content\/uploads\/2015\/08\/SM-Mohammed-VI.jpg 494w, https:\/\/anatem.info\/wp-content\/uploads\/2015\/08\/SM-Mohammed-VI-300x295.jpg 300w\" sizes=\"(max-width: 494px) 100vw, 494px\" \/><\/a>En ce jeudi 20 ao\u00fbt 2015, les marocaines et marocains de Tanger \u00e0 Lagouira et celles et ceux install\u00e9s \u00e0 l&rsquo;\u00e9tranger c\u00e9l\u00e8bre le 62\u00e8me Anniversaire de la R\u00e9volution du Roi et du Peuple.<\/span><\/p>\n<p align=\"JUSTIFY\">Une date anniversaire qui marque de mani\u00e8re ind\u00e9l\u00e9bile les liens indestructibles entre les marocains et la Monarchie et qui t\u00e9moigne de la parfaite communion nationale pour la libert\u00e9 et le recouvrement de l&rsquo;ind\u00e9pendance du Maroc sous la seule et unique direction de feu Sa Majest\u00e9 Mohammed V alors plac\u00e9 de force en exil par les autorit\u00e9s du protectorat avec l&rsquo;ensemble la famille Royale en 1953.<\/p>\n<p align=\"JUSTIFY\">Une d\u00e9cision inique des autorit\u00e9s fran\u00e7aises du protectorat soulevant l&rsquo;indignation du peuple marocain qui d\u00e9cida de mener des op\u00e9rations de r\u00e9sistance et de protestations avec pour mot d&rsquo;ordre le retour du Souverain, symbole de l&rsquo;unit\u00e9 nationale, et de la famille Royale et la proclamation de l&rsquo;ind\u00e9pendance du Maroc. Ce qui fut obtenu 27 mois apr\u00e8s l&rsquo;exil de Feu Sa Majest\u00e9 Mohammed V.<\/p>\n<p align=\"JUSTIFY\"><span style=\"font-size: large;\">Une \u00e9pop\u00e9e qui se transmet de g\u00e9n\u00e9ration en g\u00e9n\u00e9ration, met <span lang=\"FR\">en avant les valeurs nobles de la d\u00e9fense et de l&rsquo;amour de la Nation, du sens de sacrifice et de la foi en la victoire du peuple. Elle offre \u00e9galement l&rsquo;opportunit\u00e9 de mettre en avant l&rsquo;engagement de tout un peuple \u00e0 prendre part au processus d&rsquo;\u00e9dification du Maroc moderne et prosp\u00e8re et \u00e0 faire face \u00e0 toutes les man<\/span><\/span><span style=\"font-family: Arial; font-size: large;\"><span style=\"font-family: Arial; font-size: large;\">\u0153<\/span><\/span><span style=\"font-size: large;\">uvres visant \u00e0 porter atteinte \u00e0 ses causes sacr\u00e9es.<\/span><\/p>\n<p><span style=\"font-size: large;\"> Aussi, le Roi Mohammed VI, fid\u00e8le \u00e0 cet engagement de sacrifice pour son peuple et le Maroc perp\u00e9tue cette tradition en adressant au peuple marocain un discours dont les th\u00e9matiques, pour cette ann\u00e9e 2015, se d\u00e9clinent comme suit :<br \/>\n<\/span><\/p>\n<p align=\"JUSTIFY\">1\/ les prochaines \u00e9ch\u00e9ances \u00e9lectorales. A ce sujet le Roi Mohammed VI que celles-ci devraient \u00eatre consacr\u00e9es au seul service du citoyen et non pas utilis\u00e9es comme moyen d&rsquo;obtention de postes quelconques, tout en insistant que le vote est un droit eu devoir national.<\/p>\n<p align=\"JUSTIFY\">2\/ La s\u00e9curit\u00e9 et le parach\u00e8vement de la s\u00e9curisation des fronti\u00e8res. Sur cette question, le Souverain marocain a r\u00e9affirm\u00e9 que le Maroc reste attach\u00e9 \u00e0 la pr\u00e9servation de sa s\u00e9curit\u00e9 et au parach\u00e8vement de la s\u00e9curisation de ses fronti\u00e8res, en raison de la mont\u00e9e de l\u2019extr\u00e9misme et de la multiplication des bandes terroristes particuli\u00e8rement dans la r\u00e9gion arabe et maghr\u00e9bine, affirmant placer la s\u00e9curit\u00e9 et l\u2019int\u00e9grit\u00e9 du citoyen marocain \u00e0 la t\u00eate de ses pr\u00e9occupations.<\/p>\n<p align=\"JUSTIFY\">A cet \u00e9gard, le Roi du Maroc a tenu \u00e0 rendre hommage \u00e0 tous les Services de s\u00e9curit\u00e9 pour leur mobilisation et leur vigilance afin de contrecarrer les multiples tentatives \u00e0 vis\u00e9e terroriste qui cherchent d\u00e9sesp\u00e9r\u00e9ment \u00e0 nuire au mod\u00e8le marocain mondialement reconnu pour sa singularit\u00e9, r\u00e9affirmant que la pr\u00e9servation de la s\u00e9curit\u00e9 et de la stabilit\u00e9 du pays n\u2019est pas du seul ressort de l\u2019Etat et de ses institutions, mais qu\u2019elle incombe \u00e9galement au citoyen dans le cadre de la collaboration et de la coordination avec les Services comp\u00e9tents.<\/p>\n<p align=\"JUSTIFY\">Et le Roi Mohamed VI de conclure que la lutte contre l\u2019extr\u00e9misme doit \u00eatre men\u00e9e suivant une approche participative ax\u00e9e sur le renforcement des valeurs d\u2019ouverture et de tol\u00e9rance auxquelles croient les Marocains; une approche o\u00f9 les dimensions sociale et de d\u00e9veloppement et les composantes religieuse et \u00e9ducative se compl\u00e8tent les unes les autres, outre le volet s\u00e9curitaire.<\/p>\n<p align=\"JUSTIFY\">Farid Mnebhi.<\/p>\n<p>&nbsp;<\/p>\n","protected":false},"excerpt":{"rendered":"<p>En ce jeudi 20 ao\u00fbt 2015, les marocaines et marocains de Tanger \u00e0 Lagouira et celles et ceux install\u00e9s \u00e0<\/p>\n","protected":false},"author":2,"featured_media":0,"comment_status":"closed","ping_status":"closed","sticky":false,"template":"","format":"standard","meta":{"footnotes":""},"categories":[3,7,8],"tags":[],"class_list":["post-1689","post","type-post","status-publish","format-standard","hentry","category-accueil","category-presse-marocaine","category-provinces-du-sud"],"_links":{"self":[{"href":"https:\/\/anatem.info\/index.php?rest_route=\/wp\/v2\/posts\/1689","targetHints":{"allow":["GET"]}}],"collection":[{"href":"https:\/\/anatem.info\/index.php?rest_route=\/wp\/v2\/posts"}],"about":[{"href":"https:\/\/anatem.info\/index.php?rest_route=\/wp\/v2\/types\/post"}],"author":[{"embeddable":true,"href":"https:\/\/anatem.info\/index.php?rest_route=\/wp\/v2\/users\/2"}],"replies":[{"embeddable":true,"href":"https:\/\/anatem.info\/index.php?rest_route=%2Fwp%2Fv2%2Fcomments&post=1689"}],"version-history":[{"count":1,"href":"https:\/\/anatem.info\/index.php?rest_route=\/wp\/v2\/posts\/1689\/revisions"}],"predecessor-version":[{"id":1692,"href":"https:\/\/anatem.info\/index.php?rest_route=\/wp\/v2\/posts\/1689\/revisions\/1692"}],"wp:attachment":[{"href":"https:\/\/anatem.info\/index.php?rest_route=%2Fwp%2Fv2%2Fmedia&parent=1689"}],"wp:term":[{"taxonomy":"category","embeddable":true,"href":"https:\/\/anatem.info\/index.php?rest_route=%2Fwp%2Fv2%2Fcategories&post=1689"},{"taxonomy":"post_tag","embeddable":true,"href":"https:\/\/anatem.info\/index.php?rest_route=%2Fwp%2Fv2%2Ftags&post=1689"}],"curies":[{"name":"wp","href":"https:\/\/api.w.org\/{rel}","templated":true}]}}