{"id":1696,"date":"2015-08-25T21:19:15","date_gmt":"2015-08-25T21:19:15","guid":{"rendered":"http:\/\/anatem.info\/?p=1696"},"modified":"2015-08-25T21:19:15","modified_gmt":"2015-08-25T21:19:15","slug":"fermete-rigueur-et-professionnalisme-le-triptyque-des-services-de-securite-marocains","status":"publish","type":"post","link":"https:\/\/anatem.info\/?p=1696","title":{"rendered":"Fermet\u00e9, rigueur et professionnalisme : le triptyque des Services de S\u00e9curit\u00e9 marocains"},"content":{"rendered":"<p align=\"JUSTIFY\"><span style=\"font-size: large;\"><a href=\"http:\/\/anatem.info\/wp-content\/uploads\/2015\/08\/aaaaaaaaa.jpg\"><img fetchpriority=\"high\" decoding=\"async\" class=\"alignnone size-full wp-image-1697\" src=\"http:\/\/anatem.info\/wp-content\/uploads\/2015\/08\/aaaaaaaaa.jpg\" alt=\"aaaaaaaaa\" width=\"624\" height=\"351\" srcset=\"https:\/\/anatem.info\/wp-content\/uploads\/2015\/08\/aaaaaaaaa.jpg 624w, https:\/\/anatem.info\/wp-content\/uploads\/2015\/08\/aaaaaaaaa-300x169.jpg 300w\" sizes=\"(max-width: 624px) 100vw, 624px\" \/><\/a>Une nouvelle fois les Services de S\u00e9curit\u00e9 marocains viennent de se mettre \u00e0 l&rsquo;honneur en d\u00e9mantelant, le 25 ao\u00fbt 2015, un vaste r\u00e9seau de recrutement de combattants pour DAESH.<\/span><\/p>\n<p align=\"JUSTIFY\">Une op\u00e9ration, men\u00e9e conjointement avec les Services de S\u00e9curit\u00e9 espagnols dans un timing parfait dans les deux pays et qui s&rsquo;est sold\u00e9e par l&rsquo;interpellation, pour l&rsquo;heure, de 14 personnes.<\/p>\n<p align=\"JUSTIFY\">Ce nouveau succ\u00e8s dans lutte contre le terrorisme et l&rsquo;extr\u00e9misme religieux est la r\u00e9sultante d&rsquo;une parfaite coop\u00e9ration entre les Services marocains et espagnols ; un niveau de coop\u00e9ration exemplaire qui fait, malheureusement encore d\u00e9faut avec certains services de s\u00e9curit\u00e9 europ\u00e9ens et qui nuit, en cons\u00e9quence, \u00e0 une lutte efficace contre cette pieuvre qu&rsquo;est l&rsquo;extr\u00e9misme religieux et le terrorisme.<\/p>\n<p align=\"JUSTIFY\">Avec ces multiples arrestations de recruteurs de combattants pour DAESH, les Services de S\u00e9curit\u00e9 viennent de lancer un message clair : l&rsquo;extr\u00e9misme religieux et le terrorisme n&rsquo;ont et n&rsquo;auront jamais le droit de cit\u00e9 au Maroc. Leurs adeptes seront continuellement traqu\u00e9s et pr\u00e9sent\u00e9s devant la justice.<\/p>\n<p align=\"JUSTIFY\">Farid Mnebhi.<\/p>\n<p>&nbsp;<\/p>\n","protected":false},"excerpt":{"rendered":"<p>Une nouvelle fois les Services de S\u00e9curit\u00e9 marocains viennent de se mettre \u00e0 l&rsquo;honneur en d\u00e9mantelant, le 25 ao\u00fbt 2015,<\/p>\n","protected":false},"author":2,"featured_media":1697,"comment_status":"closed","ping_status":"closed","sticky":false,"template":"","format":"standard","meta":{"footnotes":""},"categories":[3,62,5,7],"tags":[],"class_list":["post-1696","post","type-post","status-publish","format-standard","has-post-thumbnail","hentry","category-accueil","category-afrique","category-maghreb-news","category-presse-marocaine"],"_links":{"self":[{"href":"https:\/\/anatem.info\/index.php?rest_route=\/wp\/v2\/posts\/1696","targetHints":{"allow":["GET"]}}],"collection":[{"href":"https:\/\/anatem.info\/index.php?rest_route=\/wp\/v2\/posts"}],"about":[{"href":"https:\/\/anatem.info\/index.php?rest_route=\/wp\/v2\/types\/post"}],"author":[{"embeddable":true,"href":"https:\/\/anatem.info\/index.php?rest_route=\/wp\/v2\/users\/2"}],"replies":[{"embeddable":true,"href":"https:\/\/anatem.info\/index.php?rest_route=%2Fwp%2Fv2%2Fcomments&post=1696"}],"version-history":[{"count":1,"href":"https:\/\/anatem.info\/index.php?rest_route=\/wp\/v2\/posts\/1696\/revisions"}],"predecessor-version":[{"id":1698,"href":"https:\/\/anatem.info\/index.php?rest_route=\/wp\/v2\/posts\/1696\/revisions\/1698"}],"wp:featuredmedia":[{"embeddable":true,"href":"https:\/\/anatem.info\/index.php?rest_route=\/wp\/v2\/media\/1697"}],"wp:attachment":[{"href":"https:\/\/anatem.info\/index.php?rest_route=%2Fwp%2Fv2%2Fmedia&parent=1696"}],"wp:term":[{"taxonomy":"category","embeddable":true,"href":"https:\/\/anatem.info\/index.php?rest_route=%2Fwp%2Fv2%2Fcategories&post=1696"},{"taxonomy":"post_tag","embeddable":true,"href":"https:\/\/anatem.info\/index.php?rest_route=%2Fwp%2Fv2%2Ftags&post=1696"}],"curies":[{"name":"wp","href":"https:\/\/api.w.org\/{rel}","templated":true}]}}