{"id":1738,"date":"2015-09-30T13:18:58","date_gmt":"2015-09-30T13:18:58","guid":{"rendered":"http:\/\/anatem.info\/?p=1738"},"modified":"2015-09-30T13:18:58","modified_gmt":"2015-09-30T13:18:58","slug":"sahara-marocain-la-suede-risque-la-bavure-geostrategique","status":"publish","type":"post","link":"https:\/\/anatem.info\/?p=1738","title":{"rendered":"Sahara marocain: La Su\u00e8de risque la bavure g\u00e9ostrat\u00e9gique"},"content":{"rendered":"<p><a href=\"http:\/\/anatem.info\/wp-content\/uploads\/2014\/11\/aaaaaaaGOOD.jpg\"><img fetchpriority=\"high\" decoding=\"async\" class=\"size-full wp-image-1343 alignleft\" src=\"http:\/\/anatem.info\/wp-content\/uploads\/2014\/11\/aaaaaaaGOOD.jpg\" alt=\"aaaaaaaGOOD\" width=\"350\" height=\"200\" srcset=\"https:\/\/anatem.info\/wp-content\/uploads\/2014\/11\/aaaaaaaGOOD.jpg 350w, https:\/\/anatem.info\/wp-content\/uploads\/2014\/11\/aaaaaaaGOOD-300x171.jpg 300w\" sizes=\"(max-width: 350px) 100vw, 350px\" \/><\/a>L\u2019incompr\u00e9hension la plus totale, le non-sens diplomatique, voire la bavure g\u00e9ostrat\u00e9gique sont les mots qui reviennent pour qualifier le projet de loi du gouvernement su\u00e9dois visant \u00e0 reconna\u00eetre la fantomatique \u201crasd\u201d, une d\u00e9marche qui est d\u2019autant plus p\u00e9rilleuse qu\u2019elle intervient \u00e0 un moment o\u00f9 le Maroc, fort de ses droits historiques irr\u00e9fragables sur son Sahara, continue d\u2019honorer ses engagements pour parvenir \u00e0 une solution politique r\u00e9aliste et d\u00e9finitive, comme en attestent les r\u00e9solutions pertinentes du Conseil du s\u00e9curit\u00e9 portant le sceau des grandes puissances mondiales.<\/p>\n<p>Si dans sa d\u00e9claration de politique g\u00e9n\u00e9rale du 15 septembre devant le parlement, le Premier ministre su\u00e9dois Stefan L?fven fait sa profession de foi en faveur d\u2019un \u201cplus grand\u201d engagement de la Su\u00e8de en faveur de \u201cla paix et la s\u00e9curit\u00e9\u201d dans le monde, la reconnaissance de la \u201crasd\u201d- si elle venait \u00e0 se concr\u00e9tiser \u2013 s\u2019inscrit \u00e0 l\u2019exact recours de cette ambition et fait fi des int\u00e9r\u00eats strat\u00e9giques et mutuels de ce pays scandinave avec le Maroc, un pays au leadership r\u00e9gional av\u00e9r\u00e9 \u00e0 la faveur d\u2019une projection multidimensionnelle sur la sc\u00e8ne internationale.<\/p>\n<p>La Su\u00e8de ignore-t-elle qu\u2019une communaut\u00e9 humaine ne peut esp\u00e9rer \u00e9difier un Etat souverain, jouissant de la reconnaissance de la communaut\u00e9 des nations que s\u2019il r\u00e9unit imp\u00e9rativement les \u00e9l\u00e9ments fondamentaux garantissant son existence, \u00e0 savoir le territoire, le peuple, le gouvernement et l\u2019ind\u00e9pendance\u00a0?. Il s\u2019agit de principes immuables du droit international coul\u00e9s dans le bronze qu\u2019aucune distorsion ou fric frac intellectuel ne pourrait alt\u00e9rer, d\u2019autant plus que le s\u00e9paratisme a toujours fait le lit des id\u00e9es radicales et engag\u00e9 les peuples dans les ab\u00eemes insondables de la s\u00e9dition et de la violence. La collusion dangereuse entre le polisario et les groupes terroristes qui s\u00e9vissent dans la r\u00e9gion sah\u00e9lo-saharienne est l\u00e0 pour nous le rappeler.<\/p>\n<p>L\u2019honn\u00eatet\u00e9 et la probit\u00e9 intellectuelles commandent le constat sans appel suivant :\u00a0l\u2019entit\u00e9 s\u00e9paratiste ne r\u00e9unit pas les \u00e9l\u00e9ments fondamentaux constitutifs d\u2019un Etat souverain conform\u00e9ment aux principes du droit international. La vague de pays ayant retir\u00e9 leur reconnaissance \u00e0 la \u201crasd\u201d ont \u00e0 juste titre administr\u00e9 ce revers cinglant au polisario et \u00e0 son mentor alg\u00e9rien, lui m\u00eame plong\u00e9 dans une pr\u00e9carit\u00e9 institutionnelle avanc\u00e9e.<br \/>\nLa Su\u00e8de, qui brigue un si\u00e8ge au Conseil de s\u00e9curit\u00e9 des Nations Unies, devrait adh\u00e9rer sans r\u00e9serve \u00e0 la neutralit\u00e9 consubstantielle au processus onusien visant un r\u00e8glement politique r\u00e9aliste et d\u00e9finitif \u00e0 la question du Sahara et s\u2019inspirer de la sagesse de Peter Van Walsum, ancien envoy\u00e9 personnel du Secr\u00e9taire g\u00e9n\u00e9ral de l\u2019ONU pour le Sahara, qui avait conclu que \u201cla principale raison pour laquelle je trouve intol\u00e9rable le statu quo est qu\u2019il est trop ais\u00e9ment accept\u00e9, non pas seulement par des spectateurs non engag\u00e9s des pays lointains, mais aussi par les partisans inconditionnels du Front polisario, qui n\u2019ont pas v\u00e9cu eux-m\u00eames dans les camps, mais qui sont convaincus que ceux qui y vivent pr\u00e9f\u00e9reraient y rester ind\u00e9finiment au lieu d\u2019opter pour une solution n\u00e9goci\u00e9e en de\u00e7\u00e0 de l\u2019ind\u00e9pendance totale\u201d.<\/p>\n<p>Pour Van Walsum \u201cl\u2019ind\u00e9pendance du Sahara n\u2019est pas une option r\u00e9aliste\u201d, en ce sens qu\u2019elle s\u2019inscrit \u00e0 rebours de consid\u00e9rations g\u00e9ostrat\u00e9giques imp\u00e9rieuses, en premier lieu une int\u00e9gration \u00e9conomique capable \u00e0 elle seule de majorer de 2 pc les taux de croissance des pays de l\u2019Union du Maghreb Arabe (UMA). La prise en compte de la r\u00e9alit\u00e9 politique et des droits historiques irr\u00e9fragables du Maroc sur son Sahara ne constitue pas une concession ou encore une capitulation. Au contraire c\u2019est une vertu.<br \/>\nL\u2019histoire et la r\u00e9alit\u00e9 sur le terrain nourrissent la justesse du plan d\u2019autonomie au Sahara, sous souverainet\u00e9 marocaine, qui jouit d\u2019une reconnaissance des grandes capitales mondiales, autant de faits qui tordent le cou \u00e0 l\u2019imposture alg\u00e9rienne vis-\u00e0-vis de l\u2019int\u00e9grit\u00e9 territoriale irr\u00e9fragable du Maroc.<\/p>\n<p>La vague de d\u00e9nonciation internationale de la violation des droits de l\u2019Homme et le d\u00e9tournement \u00e0 l\u2019\u00e9chelle industrielle de l\u2019aide internationale destin\u00e9e aux populations s\u00e9questr\u00e9es dans les camps de Tindouf mettent \u00e0 nu les vis\u00e9es d\u2019un r\u00e9gime alg\u00e9rien qui s\u2019ent\u00eate toujours dans son soutien au \u201cPolisario\u201d, devenu aujourd\u2019hui un \u201cagent d\u00e9stabilisateur\u201d dans la r\u00e9gion du Maghreb et du Sahel et une \u201cforce d\u2019appoint\u201d des groupes terroristes qui promettent feu et sang \u00e0 cette partie du monde.<\/p>\n<p>S\u2019immiscer dans le processus de paix onusien reviendrait \u00e0 le saborder et \u00e0 plonger la r\u00e9gion dans des ab\u00eemes insondables. Une r\u00e9gion qui fait l\u2019objet des convoitises crois\u00e9es des bandes criminelles transnationales et des groupes terroristes affili\u00e9s \u00e0 Al-Qaeda et \u00e0 Daech. Jouer aux apprentis sorciers de la g\u00e9ostrat\u00e9gie internationale romprait le statu quo construit sur le cessez feu des Nations Unies et comporterait le risque d\u2019une d\u00e9stabilisation r\u00e9gionale aux cons\u00e9quences s\u00e9curitaires et humanitaires d\u00e9sastreuses.<\/p>\n<p>Le conflit du Sahara dit occidental, rappelle-t-on, est un conflit impos\u00e9 au Maroc par l\u2019Alg\u00e9rie qui finance et qui h\u00e9berge sur son territoire \u00e0 Tindouf le mouvement s\u00e9paratiste du Polisario.<\/p>\n<p>Le Polisario soutenu par le pouvoir alg\u00e9rien revendique la cr\u00e9ation d\u2019un Etat factice au Maghreb. Cette situation bloque tous les efforts de la communaut\u00e9 internationale pour une int\u00e9gration \u00e9conomique et s\u00e9curitaire r\u00e9gionale.<\/p>\n<p>Par Fouad Arif (MAP)<\/p>\n","protected":false},"excerpt":{"rendered":"<p>L\u2019incompr\u00e9hension la plus totale, le non-sens diplomatique, voire la bavure g\u00e9ostrat\u00e9gique sont les mots qui reviennent pour qualifier le projet<\/p>\n","protected":false},"author":2,"featured_media":1343,"comment_status":"closed","ping_status":"closed","sticky":false,"template":"","format":"standard","meta":{"footnotes":""},"categories":[3,62,5,8],"tags":[],"class_list":["post-1738","post","type-post","status-publish","format-standard","has-post-thumbnail","hentry","category-accueil","category-afrique","category-maghreb-news","category-provinces-du-sud"],"_links":{"self":[{"href":"https:\/\/anatem.info\/index.php?rest_route=\/wp\/v2\/posts\/1738","targetHints":{"allow":["GET"]}}],"collection":[{"href":"https:\/\/anatem.info\/index.php?rest_route=\/wp\/v2\/posts"}],"about":[{"href":"https:\/\/anatem.info\/index.php?rest_route=\/wp\/v2\/types\/post"}],"author":[{"embeddable":true,"href":"https:\/\/anatem.info\/index.php?rest_route=\/wp\/v2\/users\/2"}],"replies":[{"embeddable":true,"href":"https:\/\/anatem.info\/index.php?rest_route=%2Fwp%2Fv2%2Fcomments&post=1738"}],"version-history":[{"count":1,"href":"https:\/\/anatem.info\/index.php?rest_route=\/wp\/v2\/posts\/1738\/revisions"}],"predecessor-version":[{"id":1739,"href":"https:\/\/anatem.info\/index.php?rest_route=\/wp\/v2\/posts\/1738\/revisions\/1739"}],"wp:featuredmedia":[{"embeddable":true,"href":"https:\/\/anatem.info\/index.php?rest_route=\/wp\/v2\/media\/1343"}],"wp:attachment":[{"href":"https:\/\/anatem.info\/index.php?rest_route=%2Fwp%2Fv2%2Fmedia&parent=1738"}],"wp:term":[{"taxonomy":"category","embeddable":true,"href":"https:\/\/anatem.info\/index.php?rest_route=%2Fwp%2Fv2%2Fcategories&post=1738"},{"taxonomy":"post_tag","embeddable":true,"href":"https:\/\/anatem.info\/index.php?rest_route=%2Fwp%2Fv2%2Ftags&post=1738"}],"curies":[{"name":"wp","href":"https:\/\/api.w.org\/{rel}","templated":true}]}}