{"id":1812,"date":"2015-10-30T13:04:34","date_gmt":"2015-10-30T13:04:34","guid":{"rendered":"http:\/\/anatem.info\/?p=1812"},"modified":"2015-10-30T13:04:34","modified_gmt":"2015-10-30T13:04:34","slug":"sm-le-roi-invite-les-pays-africains-a-adopter-une-approche-integree-pour-batir-une-cooperation-etroite-avec-linde","status":"publish","type":"post","link":"https:\/\/anatem.info\/?p=1812","title":{"rendered":"SM le Roi invite les pays africains \u00e0 adopter une approche \u00ab\u00a0int\u00e9gr\u00e9e\u00a0\u00bb pour  b\u00e2tir une coop\u00e9ration \u00ab\u00a0\u00e9troite\u00a0\u00bb avec l&rsquo;Inde"},"content":{"rendered":"<p>New Delhi, 29 oct. 2015 (MAP) &#8211; SM le Roi Mohammed VI a invit\u00e9 jeudi les pays africains \u00e0 adopter une approche \u00ab\u00a0int\u00e9gr\u00e9e\u00a0\u00bb ax\u00e9e sur la mise en place d&rsquo;une coop\u00e9ration \u00ab\u00a0\u00e9troite\u00a0\u00bb avec l&rsquo;Inde.<\/p>\n<p>\u00ab\u00a0Vu la forte corr\u00e9lation entre les d\u00e9fis de d\u00e9veloppement et les menaces terroristes sans pr\u00e9c\u00e9dent, les Etats membres de ce Forum devraient adopter une approche int\u00e9gr\u00e9e ax\u00e9e sur la mise en place d&rsquo;une coop\u00e9ration \u00e9troite avec l&rsquo;Inde\u00a0\u00bb, a affirm\u00e9 SM le Roi Mohammed VI dans un discours devant le 3\u00e8me sommet du Forum \u00ab\u00a0Inde-Afrique 2015\u00a0\u00bb, ouvert \u00e0 New Delhi.<\/p>\n<p>Le Maroc est toujours dispos\u00e9 \u00e0 cr\u00e9er un \u00ab\u00a0groupe de travail commun\u00a0\u00bb pour assurer la coordination et l&rsquo;\u00e9change des informations dans le domaine de la s\u00e9curit\u00e9 et la stabilit\u00e9, a ajout\u00e9 le Souverain se disant persuad\u00e9 que le partenariat afro-indien \u00ab\u00a0prometteur\u00a0\u00bb est capable de se d\u00e9velopper gr\u00e2ce \u00e0 la compl\u00e9mentarit\u00e9 des ressources et des potentialit\u00e9s dont il dispose, et de r\u00e9aliser ses objectifs, au mieux de l&rsquo;int\u00e9r\u00eat de nos peuples.<\/p>\n<p>SM le Roi a soulign\u00e9 que la s\u00e9curit\u00e9 et la stabilit\u00e9 sont les piliers du d\u00e9veloppement, pr\u00e9cisant que sans elles, \u00ab\u00a0nos pays ne pourront pas am\u00e9liorer leur situation sociale et mener \u00e0 bonne fin leurs initiatives de d\u00e9veloppement\u00a0\u00bb.<\/p>\n<p>Les travaux du troisi\u00e8me Sommet du Forum \u00a0\u00bbInde-Afrique 2015\u00a0\u00bb au niveau des chefs d&rsquo;Etat et de gouvernement se sont ouverts jeudi \u00e0 New Delhi, en pr\u00e9sence de SM le Roi Mohammed VI.<\/p>\n<p>A Son arriv\u00e9e au Stade \u00ab\u00a0Indira Ghandi\u00a0\u00bb \u00e0 New Delhi, pour prendre part \u00e0 cette r\u00e9union de haut niveau, le Souverain a \u00e9t\u00e9 accueilli par le Premier ministre indien, Narendra Modi.(MAP).<\/p>\n","protected":false},"excerpt":{"rendered":"<p>New Delhi, 29 oct. 2015 (MAP) &#8211; SM le Roi Mohammed VI a invit\u00e9 jeudi les pays africains \u00e0 adopter<\/p>\n","protected":false},"author":2,"featured_media":0,"comment_status":"closed","ping_status":"closed","sticky":false,"template":"","format":"standard","meta":{"footnotes":""},"categories":[62,5],"tags":[],"class_list":["post-1812","post","type-post","status-publish","format-standard","hentry","category-afrique","category-maghreb-news"],"_links":{"self":[{"href":"https:\/\/anatem.info\/index.php?rest_route=\/wp\/v2\/posts\/1812","targetHints":{"allow":["GET"]}}],"collection":[{"href":"https:\/\/anatem.info\/index.php?rest_route=\/wp\/v2\/posts"}],"about":[{"href":"https:\/\/anatem.info\/index.php?rest_route=\/wp\/v2\/types\/post"}],"author":[{"embeddable":true,"href":"https:\/\/anatem.info\/index.php?rest_route=\/wp\/v2\/users\/2"}],"replies":[{"embeddable":true,"href":"https:\/\/anatem.info\/index.php?rest_route=%2Fwp%2Fv2%2Fcomments&post=1812"}],"version-history":[{"count":1,"href":"https:\/\/anatem.info\/index.php?rest_route=\/wp\/v2\/posts\/1812\/revisions"}],"predecessor-version":[{"id":1813,"href":"https:\/\/anatem.info\/index.php?rest_route=\/wp\/v2\/posts\/1812\/revisions\/1813"}],"wp:attachment":[{"href":"https:\/\/anatem.info\/index.php?rest_route=%2Fwp%2Fv2%2Fmedia&parent=1812"}],"wp:term":[{"taxonomy":"category","embeddable":true,"href":"https:\/\/anatem.info\/index.php?rest_route=%2Fwp%2Fv2%2Fcategories&post=1812"},{"taxonomy":"post_tag","embeddable":true,"href":"https:\/\/anatem.info\/index.php?rest_route=%2Fwp%2Fv2%2Ftags&post=1812"}],"curies":[{"name":"wp","href":"https:\/\/api.w.org\/{rel}","templated":true}]}}