{"id":1816,"date":"2015-10-30T13:09:53","date_gmt":"2015-10-30T13:09:53","guid":{"rendered":"http:\/\/anatem.info\/?p=1816"},"modified":"2015-10-30T13:09:53","modified_gmt":"2015-10-30T13:09:53","slug":"sm-le-roi-exprime-sa-consideration-pour-la-position-constructive-de-linde-sur-la-question-du-sahara-marocain-et-son-soutien-au-processus-mene-par-lonu","status":"publish","type":"post","link":"https:\/\/anatem.info\/?p=1816","title":{"rendered":"SM le Roi exprime Sa consid\u00e9ration pour la position \u00ab\u00a0constructive\u00a0\u00bb de l&rsquo;Inde  sur la question du Sahara marocain et son soutien au processus men\u00e9 par l&rsquo;ONU"},"content":{"rendered":"<p style=\"text-align: justify;\">New Delhi, 29 oct. 2015 (MAP) &#8211; SM le Roi Mohammed VI a exprim\u00e9, jeudi \u00e0 New Delhi, Sa consid\u00e9ration pour la position \u00ab\u00a0constructive\u00a0\u00bb de l&rsquo;Inde au sujet de la question du Sahara marocain et pour son soutien au processus men\u00e9 par l&rsquo;ONU pour le r\u00e8glement de ce conflit artificiel.<\/p>\n<p style=\"text-align: justify;\">\u00ab\u00a0Nous exprimons notre consid\u00e9ration pour la position constructive de la R\u00e9publique de l&rsquo;Inde concernant l&rsquo;affaire du Sahara marocain, et pour son soutien au processus onusien d\u00e9di\u00e9 au r\u00e8glement de ce conflit artificiel\u00a0\u00bb, a affirm\u00e9 SM le Roi dans un discours devant le 3\u00e8me sommet du Forum Inde-Afrique 2015.<\/p>\n<p style=\"text-align: justify;\">Le Souverain a d\u00e9plor\u00e9 \u00e0 cette occasion le fait que certains pays ont \u00e9t\u00e9 incapables d&rsquo;\u00e9voluer, en continuant \u00e0 \u00ab\u00a0ressasser des discours et des th\u00e8ses d\u00e9pass\u00e9s et vieux de plus de 40 ans\u00a0\u00bb.<\/p>\n<p style=\"text-align: justify;\">Le Souverain a \u00e9galement exprim\u00e9 Son admiration pour l&rsquo;exp\u00e9rience men\u00e9e par l&rsquo;Inde pour mettre au point un mod\u00e8le de d\u00e9veloppement pionnier, qui lui a permis de se hisser au rang des puissances \u00e9mergentes, ajoutant que cette \u00e9volution conforte ce pays dans son ambition l\u00e9gitime de jouer un r\u00f4le fondamental dans les organes des Nations Unies, charg\u00e9s du maintien de la paix et de la s\u00e9curit\u00e9 internationales.<\/p>\n<p style=\"text-align: justify;\">Ce qui qualifie l&rsquo;Inde pour occuper une telle position, c&rsquo;est cette particularit\u00e9 qui caract\u00e9rise sa politique \u00e9trang\u00e8re, laquelle se distingue en l&rsquo;occurrence par la pond\u00e9ration, la responsabilit\u00e9 et le respect de la l\u00e9galit\u00e9 internationale et de l&rsquo;int\u00e9grit\u00e9 territoriale des Etats, ainsi que la d\u00e9fense des int\u00e9r\u00eats et des justes causes des pays en d\u00e9veloppement, a dit SM le Roi qui s&rsquo;est f\u00e9licit\u00e9 de la qualit\u00e9 des relations \u00ab\u00a0privil\u00e9gi\u00e9es\u00a0\u00bb qui unissent le Maroc et l&rsquo;Inde, depuis le r\u00e8gne de feu SM Mohammed V et le grand leader Jawaharlal Nehru, qui ont soutenu la lib\u00e9ration et l&rsquo;ind\u00e9pendance des Etats africains.<\/p>\n<p style=\"text-align: justify;\">Le Souverain a \u00e9voqu\u00e9, \u00e0 cette occasion, le souvenir, \u00ab\u00a0plein d&rsquo;\u00e9motion et de fiert\u00e9\u00a0\u00bb, de Sa premi\u00e8re visite en Inde en 1983, \u00e0 la t\u00eate de la d\u00e9l\u00e9gation du Maroc \u00e0 la conf\u00e9rence des non-align\u00e9s, ainsi que la premi\u00e8re visite officielle effectu\u00e9e par SM le Roi \u00e0 New Delhi en 2001.<\/p>\n<p style=\"text-align: justify;\">SM le Roi a exprim\u00e9 dans ce cadre la disposition du Maroc \u00e0 adh\u00e9rer avec l&rsquo;Inde \u00e0 des initiatives communes s&rsquo;inscrivant dans le cadre de ce forum et \u00ab\u00a0touchant les domaines prioritaires pour nos peuples et dans lesquels nos deux pays ont engrang\u00e9 de grandes exp\u00e9riences et d&rsquo;importantes expertises\u00a0\u00bb.<\/p>\n<p style=\"text-align: justify;\">\u00ab\u00a0Cela se fera \u00e0 l&rsquo;image du partenariat fructueux qui lie nos deux pays dans le domaine du phosphate et de ses d\u00e9riv\u00e9s, et que nous nous attachons \u00e0 \u00e9largir pour qu&rsquo;il couvre les programmes de s\u00e9curit\u00e9 alimentaire, et \u00e0 mettre \u00e0 la disposition de certains pays africains\u00a0\u00bb, a expliqu\u00e9 le Souverain, soulignant la d\u00e9termination du Maroc \u00e0 ouvrir des perspectives \u00ab\u00a0plus larges\u00a0\u00bb devant la coop\u00e9ration entre les deux pays, notamment dans les domaines de l&rsquo;agriculture, de l&rsquo;industrie pharmaceutique, de la recherche scientifique et technologique et de la formation des cadres, ainsi que son souci de mettre cette coop\u00e9ration au service des peuples africains.(MAP).<\/p>\n","protected":false},"excerpt":{"rendered":"<p>New Delhi, 29 oct. 2015 (MAP) &#8211; SM le Roi Mohammed VI a exprim\u00e9, jeudi \u00e0 New Delhi, Sa consid\u00e9ration<\/p>\n","protected":false},"author":2,"featured_media":0,"comment_status":"closed","ping_status":"closed","sticky":false,"template":"","format":"standard","meta":{"footnotes":""},"categories":[62,5],"tags":[],"class_list":["post-1816","post","type-post","status-publish","format-standard","hentry","category-afrique","category-maghreb-news"],"_links":{"self":[{"href":"https:\/\/anatem.info\/index.php?rest_route=\/wp\/v2\/posts\/1816","targetHints":{"allow":["GET"]}}],"collection":[{"href":"https:\/\/anatem.info\/index.php?rest_route=\/wp\/v2\/posts"}],"about":[{"href":"https:\/\/anatem.info\/index.php?rest_route=\/wp\/v2\/types\/post"}],"author":[{"embeddable":true,"href":"https:\/\/anatem.info\/index.php?rest_route=\/wp\/v2\/users\/2"}],"replies":[{"embeddable":true,"href":"https:\/\/anatem.info\/index.php?rest_route=%2Fwp%2Fv2%2Fcomments&post=1816"}],"version-history":[{"count":1,"href":"https:\/\/anatem.info\/index.php?rest_route=\/wp\/v2\/posts\/1816\/revisions"}],"predecessor-version":[{"id":1817,"href":"https:\/\/anatem.info\/index.php?rest_route=\/wp\/v2\/posts\/1816\/revisions\/1817"}],"wp:attachment":[{"href":"https:\/\/anatem.info\/index.php?rest_route=%2Fwp%2Fv2%2Fmedia&parent=1816"}],"wp:term":[{"taxonomy":"category","embeddable":true,"href":"https:\/\/anatem.info\/index.php?rest_route=%2Fwp%2Fv2%2Fcategories&post=1816"},{"taxonomy":"post_tag","embeddable":true,"href":"https:\/\/anatem.info\/index.php?rest_route=%2Fwp%2Fv2%2Ftags&post=1816"}],"curies":[{"name":"wp","href":"https:\/\/api.w.org\/{rel}","templated":true}]}}