{"id":1818,"date":"2015-11-02T11:43:26","date_gmt":"2015-11-02T11:43:26","guid":{"rendered":"http:\/\/anatem.info\/?p=1818"},"modified":"2015-11-02T11:43:26","modified_gmt":"2015-11-02T11:43:26","slug":"discours-royal-de-la-marche-verte-a-laayoune","status":"publish","type":"post","link":"https:\/\/anatem.info\/?p=1818","title":{"rendered":"Discours royal de la marche verte \u00e0 Laayoune ?"},"content":{"rendered":"<p align=\"JUSTIFY\"><span style=\"font-size: large;\">Eh oui ! Il fallait s&rsquo;y attendre qu&rsquo;une ann\u00e9e ou l&rsquo;autre le discours de la Marche Verte soit prononc\u00e9 depuis Laayoune, transformant, pour l&rsquo;occasion, cette ville en point focal du Royaume du Maroc.<\/span><\/p>\n<p align=\"JUSTIFY\">Un \u00e9v\u00e8nement historique qui s&rsquo;inscrit en droite ligne avec la politique saharienne des aieux du Roi du Maroc, notamment Feu Sa Majest\u00e9 Mohammed V qui r\u00e9cup\u00e9ra Tarfaya et pronon\u00e7a le Discours de M&rsquo;Hamid El Ghizlanne, puis celle de feu Sa Majest\u00e9 Hassan II qui r\u00e9cup\u00e9ra la province de Sidi Ifni, les deux provinces sahariennes et re\u00e7u l&rsquo;acte d&rsquo;all\u00e9geance le 04 mars 1980 \u00e0 Dakhla.<\/p>\n<p align=\"JUSTIFY\">Pour cette ann\u00e9e 2015, le Souverain marocain aurait pris la d\u00e9cision de prononcer le discours de la Marche Verte depuis Laayoune ; une d\u00e9cision, bien qu&rsquo;elle ne soit pas en confirm\u00e9e officiellement, a rempli de joie et de bonheur tous les sahraouis marocains.<\/p>\n<p align=\"JUSTIFY\">Au cours de son s\u00e9jour, le Roi Mohammed VI devrait lancer de nombreux chantiers de d\u00e9veloppement et proc\u00e9der \u00e0 l&rsquo;inauguration de multiples projets structurants tels la nouvelle gare routi\u00e8re, une des plus grandes d&rsquo;Afrique, une universit\u00e9 de formation pour les m\u00e9tiers des phosphates, un centre hospitalier universitaire, un th\u00e9\u00e2tre, des complexes sportifs et le nouveau si\u00e8ge de l\u2019agence de d\u00e9veloppement des provinces Sahariennes.<\/p>\n<p align=\"JUSTIFY\">Des projets qui r\u00e9pondent ad\u00e9quatement \u00e0 la 2\u00e8me tranche d\u00e9veloppement des provinces sahariennes marocaines d\u00e9finie par le Souverain marocain et qui sera dot\u00e9e d&rsquo;une enveloppe de 140 milliards de dirhams ; de quoi rendre bleu de rage les dirigeants du pays voisin de l&rsquo;Est et blanc son peuple qui n&rsquo;a rien malgr\u00e9 les recettes mirobolantes des hydrocarbures depuis plus de 50 ans !<\/p>\n<p align=\"JUSTIFY\">Outre Laayoune, le Roi Mohammed VI est \u00e9galement attendu \u00e0 Dakhla et Guelmim.<\/p>\n<p align=\"JUSTIFY\">Mai le plus important est que le Roi du Maroc annoncera, sans nul doute de grandes d\u00e9cisions et sa venue dans les provinces sahariennes constituera l&rsquo;\u00e9v\u00e8nement par excellence de cette ann\u00e9e 2015 et la population pr\u00e9pare le plus chaleureux des accueils \u00e0 son Souverain.<\/p>\n<p align=\"JUSTIFY\">Une visite, il faut le reconna\u00eetre, qui a sci\u00e9 les dirigeants alg\u00e9ro-polsariens et leurs alli\u00e9s qui ne savent plus o\u00f9 donner de la t\u00eate.<\/p>\n<p align=\"JUSTIFY\">Farid Mnebhi.<\/p>\n<p>&nbsp;<\/p>\n","protected":false},"excerpt":{"rendered":"<p>Eh oui ! Il fallait s&rsquo;y attendre qu&rsquo;une ann\u00e9e ou l&rsquo;autre le discours de la Marche Verte soit prononc\u00e9 depuis<\/p>\n","protected":false},"author":2,"featured_media":603,"comment_status":"closed","ping_status":"closed","sticky":false,"template":"","format":"standard","meta":{"footnotes":""},"categories":[3,8],"tags":[],"class_list":["post-1818","post","type-post","status-publish","format-standard","has-post-thumbnail","hentry","category-accueil","category-provinces-du-sud"],"_links":{"self":[{"href":"https:\/\/anatem.info\/index.php?rest_route=\/wp\/v2\/posts\/1818","targetHints":{"allow":["GET"]}}],"collection":[{"href":"https:\/\/anatem.info\/index.php?rest_route=\/wp\/v2\/posts"}],"about":[{"href":"https:\/\/anatem.info\/index.php?rest_route=\/wp\/v2\/types\/post"}],"author":[{"embeddable":true,"href":"https:\/\/anatem.info\/index.php?rest_route=\/wp\/v2\/users\/2"}],"replies":[{"embeddable":true,"href":"https:\/\/anatem.info\/index.php?rest_route=%2Fwp%2Fv2%2Fcomments&post=1818"}],"version-history":[{"count":1,"href":"https:\/\/anatem.info\/index.php?rest_route=\/wp\/v2\/posts\/1818\/revisions"}],"predecessor-version":[{"id":1819,"href":"https:\/\/anatem.info\/index.php?rest_route=\/wp\/v2\/posts\/1818\/revisions\/1819"}],"wp:featuredmedia":[{"embeddable":true,"href":"https:\/\/anatem.info\/index.php?rest_route=\/wp\/v2\/media\/603"}],"wp:attachment":[{"href":"https:\/\/anatem.info\/index.php?rest_route=%2Fwp%2Fv2%2Fmedia&parent=1818"}],"wp:term":[{"taxonomy":"category","embeddable":true,"href":"https:\/\/anatem.info\/index.php?rest_route=%2Fwp%2Fv2%2Fcategories&post=1818"},{"taxonomy":"post_tag","embeddable":true,"href":"https:\/\/anatem.info\/index.php?rest_route=%2Fwp%2Fv2%2Ftags&post=1818"}],"curies":[{"name":"wp","href":"https:\/\/api.w.org\/{rel}","templated":true}]}}