{"id":1823,"date":"2015-11-08T18:09:41","date_gmt":"2015-11-08T18:09:41","guid":{"rendered":"http:\/\/anatem.info\/?p=1823"},"modified":"2015-11-08T18:09:41","modified_gmt":"2015-11-08T18:09:41","slug":"sm-le-roi-adresse-un-discours-a-la-nation-a-loccasion-du-40-eme-anniversaire-de-la-marche-verte","status":"publish","type":"post","link":"https:\/\/anatem.info\/?p=1823","title":{"rendered":"SM le Roi adresse un discours \u00e0 la Nation \u00e0 l&rsquo;occasion du 40-\u00e8me anniversaire de la Marche Verte"},"content":{"rendered":"<p>Rabat, 06 Nov. 2015 (MAP) &#8211; SM le Roi Mohammed VI, que Dieu L&rsquo;assiste, a adress\u00e9 vendredi un discours \u00e0 la Nation \u00e0 l&rsquo;occasion du quaranti\u00e8me anniversaire de la glorieuse Marche Verte.<\/p>\n<p>Voici le texte int\u00e9gral du discours royal:<\/p>\n<p>\u00ab\u00a0Louange \u00e0 Dieu,. Pri\u00e8re et salut sur le Proph\u00e8te, Sa Famille et Ses Compagnons.<\/p>\n<p>Cher peuple,.<\/p>\n<p>La comm\u00e9moration du 40\u00e8me anniversaire de la Marche Verte est loin d\u2019\u00eatre un \u00e9v\u00e8nement ordinaire ou une c\u00e9l\u00e9bration passag\u00e8re. Nous la voulons plut\u00f4t comme une \u00e9tape d\u00e9cisive dans l\u2019histoire du parach\u00e8vement de l\u2019int\u00e9grit\u00e9 territoriale du Royaume.<\/p>\n<p>En effet, apr\u00e8s l\u2019\u00e9pop\u00e9e de la lib\u00e9ration de la terre et de la consolidation de la s\u00e9curit\u00e9 et de la stabilit\u00e9, notre pays a veill\u00e9 \u00e0 ce que les fils du Sahara puissent se pr\u00e9valoir des attributs d\u2019une citoyennet\u00e9 pleine et enti\u00e8re et des conditions d\u2019une vie libre et digne.<\/p>\n<p>Aujourd\u2019hui, apr\u00e8s quarante ann\u00e9es et ce qu\u2019on peut inscrire \u00e0 leur actif comme \u00e0 leur passif, nous voulons op\u00e9rer une v\u00e9ritable rupture avec les m\u00e9thodes adopt\u00e9es jusque-l\u00e0 dans la prise en charge des affaires du Sahara : rupture avec l\u2019\u00e9conomie de rente et des privil\u00e8ges et la d\u00e9faillance de l\u2019initiative priv\u00e9e, et rupture avec la mentalit\u00e9 de la concentration administrative.<\/p>\n<p>Pourquoi donc aujourd\u2019hui, et pr\u00e9cis\u00e9ment apr\u00e8s quarante ann\u00e9es ?.<\/p>\n<p>Eh bien, c\u2019est parce que, au terme d\u2019ann\u00e9es de sacrifices et d\u2019efforts au plan politique et en mati\u00e8re de d\u00e9veloppement, nous sommes arriv\u00e9s au stade de la maturit\u00e9.<\/p>\n<p>Et aussi parce que nous avons cr\u00e9\u00e9 les conditions de mise en chantier d\u2019une \u00e9tape nouvelle dans le processus de consolidation de l\u2019int\u00e9grit\u00e9 territoriale et d\u2019int\u00e9gration totale de nos provinces du Sud au sein de la m\u00e8re patrie.<\/p>\n<p>C\u2019est dans ce cadre que s\u2019inscrivent la mise en \u0153uvre du mod\u00e8le de d\u00e9veloppement des provinces du Sud, et la mise en \u0153uvre de la r\u00e9gionalisation avanc\u00e9e.<\/p>\n<p>Cher peuple,.<\/p>\n<p>Nous tenons \u00e0 ce que les fils de nos provinces du Sud disposent des moyens n\u00e9cessaires pour g\u00e9rer leurs propres affaires et montrer leur capacit\u00e9 \u00e0 assurer le d\u00e9veloppement de la r\u00e9gion.<\/p>\n<p>En effet, les Sahraouis sont connus pour \u00eatre depuis toujours des hommes de commerce et de savoir, vivant de leur labeur, dignes et fiers, n\u2019attendant l\u2019aide de personne, si p\u00e9nibles que soient les circonstances.<\/p>\n<p>Nous parlons ici des Sahraouis authentiques, des patriotes sinc\u00e8res, qui sont rest\u00e9s fid\u00e8les aux liens d\u2019all\u00e9geance les unissant, eux et leurs anc\u00eatres, \u00e0 travers l\u2019histoire, aux Rois du Maroc.<\/p>\n<p>Quant \u00e0 ceux, peu nombreux, qui se laissent berner par les th\u00e8ses des ennemis et s\u2019\u00e9vertuent \u00e0 les r\u00e9pandre, il n\u2019y pas de place pour eux parmi nous. Mais pour ceux qui se sont ressaisis et repentis, la patrie est cl\u00e9mente et mis\u00e9ricordieuse.<\/p>\n<p>Cher peuple,.<\/p>\n<p>L\u2019application du mod\u00e8le de d\u00e9veloppement de nos provinces du Sud traduit Notre fid\u00e9lit\u00e9 \u00e0 Notre engagement aupr\u00e8s des citoyens dans nos provinces du Sud pour \u00e9riger celles-ci en un v\u00e9ritable mod\u00e8le de d\u00e9veloppement int\u00e9gr\u00e9.<\/p>\n<p>Nous l\u2019entendons comme un pilier d\u2019appui pour l\u2019insertion d\u00e9finitive de ces provinces dans la patrie unifi\u00e9e, et pour le renforcement du rayonnement du Sahara, comme centre \u00e9conomique et comme trait d\u2019union entre le Maroc et son prolongement africain.<\/p>\n<p>C\u2019est pourquoi Nous avons d\u00e9cid\u00e9 de mobiliser, avec l\u2019aide de Dieu, tous les moyens disponibles pour la r\u00e9alisation de grands chantiers et de projets sociaux et m\u00e9dico-\u00e9ducatifs, dans les r\u00e9gions de La\u00e2youne Sakia El-Hamra, Dakhla Oued Eddahab et Guelmim \u2013 Oued Noun.<\/p>\n<p>Ainsi, dans le domaine des infrastructures, il sera proc\u00e9d\u00e9 au renforcement du r\u00e9seau routier de la r\u00e9gion, \u00e0 travers la r\u00e9alisation d\u2019une voie express, aux normes internationales, entre Tiznit, La\u00e2youne et Dakhla.<\/p>\n<p>Parall\u00e8lement, Nous invitons le gouvernement \u00e0 r\u00e9fl\u00e9chir \u00e0 la mise en place dans les provinces du Sud d\u2019un hub de transport a\u00e9rien desservant l\u2019Afrique.<\/p>\n<p>Nous caressons \u00e9galement le r\u00eave de construire une ligne ferroviaire de Tanger \u00e0 Lagouira, pour relier le Maroc au reste de l\u2019Afrique. Nous prions pour que Dieu nous aide \u00e0 trouver les ressources financi\u00e8res qui nous manquent aujourd\u2019hui en vue de parachever la ligne Marrakech-Lagouira.<\/p>\n<p>De m\u00eame, nous comptons construire le grand port Atlantique de Dakhla, r\u00e9aliser d\u2019importants projets d\u2019\u00e9nergie solaire et \u00e9olienne dans le Sud, et connecter la ville de Dakhla au r\u00e9seau \u00e9lectrique national.<\/p>\n<p>Nous esp\u00e9rons, en outre, relier ces r\u00e9seaux et ces infrastructures aux pays africains, et contribuer ainsi \u00e0 leur d\u00e9veloppement.<\/p>\n<p>Convaincu que ces infrastructures ne sont pas suffisantes, \u00e0 elles seules, pour am\u00e9liorer les conditions de vie des citoyens, Nous entendons continuer \u00e0 promouvoir le secteur \u00e9conomique et \u00e0 le soutenir par des projets de d\u00e9veloppement humain.<\/p>\n<p>A cet \u00e9gard, Nous r\u00e9affirmons la n\u00e9cessit\u00e9 de continuer \u00e0 faire investir les revenus des ressources naturelles au profit des habitants de la r\u00e9gion, en concertation et en coordination avec eux.<\/p>\n<p>C\u2019est dans cette perspective que Nous avons d\u00e9cid\u00e9 de r\u00e9aliser une s\u00e9rie de projets qui permettront de valoriser et d\u2019exploiter les ressources et les produits locaux. Il s\u2019agit notamment de la mise en \u0153uvre du grand projet de dessalement de l\u2019eau de mer \u00e0 Dakhla, et de la mise en place d\u2019unit\u00e9s et de zones industrielles \u00e0 La\u00e2youne, Marsa et Boujdour.<\/p>\n<p>Nous tenons \u00e0 conforter ces initiatives en mettant en place un cadre juridique incitatif pour l\u2019investissement, garantissant au secteur priv\u00e9 national et \u00e9tranger, la visibilit\u00e9 et les conditions de comp\u00e9titivit\u00e9 n\u00e9cessaires pour contribuer au d\u00e9veloppement de la r\u00e9gion.<\/p>\n<p>En outre, il sera cr\u00e9\u00e9 un fonds de d\u00e9veloppement \u00e9conomique ayant vocation \u00e0 renforcer le tissu \u00e9conomique, soutenir les entreprises et l\u2019\u00e9conomie sociale et assurer l\u2019emploi et un revenu stable, surtout pour les jeunes.<\/p>\n<p>Cher peuple,.<\/p>\n<p>Ce qui nous int\u00e9resse, c\u2019est de pr\u00e9server la dignit\u00e9 des fils du Sahara, surtout les g\u00e9n\u00e9rations montantes, et d\u2019instiller en eux l\u2019amour et l\u2019attachement \u00e0 la patrie.<\/p>\n<p>C\u2019est pourquoi Nous avons charg\u00e9 le gouvernement de restructurer le dispositif de soutien social pour le rendre plus transparent et plus \u00e9quitable, dans le respect des principes d\u2019\u00e9galit\u00e9, et de la justice sociale r\u00e9clam\u00e9e par la majorit\u00e9 des cat\u00e9gories concern\u00e9es.<\/p>\n<p>Compte tenu de la place particuli\u00e8re qu\u2019occupe la culture Hassanie dans la conscience collective des fils du Sahara, nous nous employons \u00e0 renforcer les m\u00e9canismes de pr\u00e9servation et de sensibilisation en faveur du patrimoine sahraoui, en \u00e9difiant notamment des th\u00e9\u00e2tres, des mus\u00e9es et des maisons de culture dans les r\u00e9gions du Sud.<\/p>\n<p>S\u2019agissant du volet des droits de l\u2019Homme, le Maroc est parvenu, avec l\u2019aide de Dieu, \u00e0 d\u00e9jouer les man\u0153uvres des ennemis de la patrie, gr\u00e2ce \u00e0 la mobilisation collective, \u00e0 la gouvernance s\u00e9curitaire et \u00e0 l\u2019ouverture sur les acteurs de la soci\u00e9t\u00e9 civile.<\/p>\n<p>De m\u00eame, le Conseil national des droits de l\u2019Homme, avec ses commissions r\u00e9gionales, en tant qu\u2019institution constitutionnelle pour la d\u00e9fense et la protection des droits et des libert\u00e9s, s\u2019emploie en toute ind\u00e9pendance \u00e0 traiter tout abus, dans le cadre du dialogue et de la coop\u00e9ration avec les pouvoirs publics, les organisations associatives et les citoyens.<\/p>\n<p>Cher peuple,.<\/p>\n<p>Le Maroc, en mettant en application la r\u00e9gionalisation avanc\u00e9e, ne fait que conforter sa cr\u00e9dibilit\u00e9 et r\u00e9affirmer le respect de ses engagements.<\/p>\n<p>Comme je l\u2019ai dit dans mon discours devant le parlement, la l\u00e9gitimit\u00e9 d\u00e9mocratique et populaire qu\u2019ils ont acquise fait des \u00e9lus les repr\u00e9sentants authentiques des populations des provinces du Sud, tant au niveau des institutions nationales que dans leurs rapports avec la communaut\u00e9 internationale.<\/p>\n<p>Pour illustrer Notre volont\u00e9 de donner la primaut\u00e9 aux provinces du Sud dans le processus d\u2019application de la r\u00e9gionalisation avanc\u00e9e, il est pr\u00e9vu de mettre au point des contrats-programmes entre l\u2019Etat et les R\u00e9gions, o\u00f9 seront d\u00e9finies les obligations de chaque partie pour la r\u00e9alisation des projets de d\u00e9veloppement.<\/p>\n<p>Nous appelons donc le gouvernement \u00e0 activer la mise en \u0153uvre des dispositions juridiques relatives au transfert des comp\u00e9tences du centre vers ces R\u00e9gions, et \u00e0 soutenir celles-ci en leur affectant les comp\u00e9tences humaines et les ressources mat\u00e9rielles n\u00e9cessaires, dans la perspective de la g\u00e9n\u00e9ralisation de cette exp\u00e9rience parmi les autres r\u00e9gions du Royaume.<\/p>\n<p>Il convient aussi d\u2019acc\u00e9l\u00e9rer l\u2019\u00e9laboration d\u2019une v\u00e9ritable charte de d\u00e9concentration administrative, qui conf\u00e8re aux services r\u00e9gionaux les pr\u00e9rogatives n\u00e9cessaires pour assurer la gestion des affaires des r\u00e9gions au niveau local.<\/p>\n<p>A cet \u00e9gard, Nous tenons \u00e0 souligner la n\u00e9cessit\u00e9 d\u2019impliquer les populations, en assurant des espaces et des m\u00e9canismes permanents pour le dialogue et la concertation, permettant \u00e0 celles-ci de s\u2019approprier les programmes et de s\u2019investir dans leur r\u00e9alisation.<\/p>\n<p>Ainsi, nous mettons les habitants de nos provinces du Sud et leurs repr\u00e9sentants devant leurs responsabilit\u00e9s, maintenant que nous leur avons assur\u00e9 les m\u00e9canismes institutionnels et de d\u00e9veloppement pour g\u00e9rer leurs affaires et r\u00e9pondre \u00e0 leurs besoins.<\/p>\n<p>Cher peuple,.<\/p>\n<p>Lorsque le Maroc fait une promesse, il la tient par l\u2019acte et la parole. Il ne s\u2019engage que sur ce qu\u2019il peut honorer.<\/p>\n<p>Aussi, Nous adressons un message au monde : Nous ne brandissons pas de slogans creux, pas plus que nous ne vendons d\u2019illusions comme le font les autres. En revanche, nous souscrivons des engagements et nous les respectons et veillons \u00e0 leur concr\u00e9tisation sur le terrain.<\/p>\n<p>&#8211; Le Maroc a promis d\u2019appliquer la r\u00e9gionalisation avanc\u00e9e. Aujourd\u2019hui, c\u2019est une r\u00e9alit\u00e9 tangible, avec ses institutions et leurs attributions respectives.<\/p>\n<p>&#8211; Le Maroc a promis la d\u00e9mocratie et s\u2019est engag\u00e9 \u00e0 mettre les habitants de ses provinces du sud en capacit\u00e9 de g\u00e9rer leurs affaires locales. Aujourd\u2019hui, cette population choisit ses repr\u00e9sentants et participe aux institutions locales en toute libert\u00e9 et en toute responsabilit\u00e9.<\/p>\n<p>&#8211; Le Maroc a \u00e9galement promis un mod\u00e8le de d\u00e9veloppement propre \u00e0 ses provinces du Sud. Aujourd\u2019hui, Nous en avons lanc\u00e9 les chantiers structurants et les projets g\u00e9n\u00e9rateurs de richesse et d\u2019emplois.<\/p>\n<p>&#8211; Le Maroc s\u2019est engag\u00e9 \u00e0 garantir la s\u00e9curit\u00e9 et la stabilit\u00e9. Le Sahara marocain est aujourd\u2019hui l\u2019une des zones les plus s\u00fbres dans la r\u00e9gion du Sahel et du Sahara.<\/p>\n<p>&#8211; Le Maroc s\u2019engage aujourd\u2019hui \u00e0 faire du Sahara marocain un centre d\u2019\u00e9changes et un axe de communication avec les pays africains subsahariens et \u00e0 mettre en place les infrastructures n\u00e9cessaires \u00e0 cet effet. Encore une fois, notre pays va honorer ses engagements, au grand d\u00e9sespoir des ennemis.<\/p>\n<p>En revanche, les populations de Tindouf, en Alg\u00e9rie, continuent \u00e0 endurer les affres de la pauvret\u00e9, de la d\u00e9solation et de la privation et \u00e0 p\u00e2tir de la violation syst\u00e9matique de leurs droits fondamentaux. Ceci incite \u00e0 s\u2019interroger l\u00e9gitimement : &#8211; O\u00f9 sont pass\u00e9es les centaines de millions d\u2019euros accord\u00e9es sous forme d\u2019aides humanitaires, lesquelles d\u00e9passent les 60 millions d\u2019euros par an, sans compter les milliards affect\u00e9s \u00e0 l\u2019armement et au soutien de la machine de propagande et de r\u00e9pression utilis\u00e9e par les s\u00e9paratistes ?.<\/p>\n<p>&#8211; Comment expliquer la richesse insolente des leaders du s\u00e9paratisme, qui poss\u00e8dent des biens immobiliers et disposent de comptes et de fonds en banque, en Europe et en Am\u00e9rique latine ?.<\/p>\n<p>&#8211; Pourquoi l\u2019Alg\u00e9rie n\u2019a rien fait pour am\u00e9liorer les conditions de vie des habitants des camps de Tindouf estim\u00e9s tout au plus \u00e0 40 mille individus, soit l\u2019\u00e9quivalent de la population d\u2019un quartier de taille moyenne dans la capitale Alger ?.<\/p>\n<p>Cela veut dire qu\u2019en quarante ans, elle n\u2019a pas pu ou n\u2019a pas voulu doter ces populations de quelque 6000 logements pour pr\u00e9server leur dignit\u00e9, soit une moyenne annuelle de 150 unit\u00e9s de logement.<\/p>\n<p>&#8211; Pourquoi l\u2019Alg\u00e9rie, qui a d\u00e9pens\u00e9 des milliards dans sa croisade militaire et diplomatique contre le Maroc, accepte-t-elle de laisser la population de Tindouf vivre cette situation dramatique et inhumaine ?.<\/p>\n<p>L\u2019Histoire jugera ceux qui ont r\u00e9duit les enfants libres et dignes du Sahara \u00e0 l\u2019\u00e9tat de qu\u00e9mandeurs d\u2019aides humanitaires.<\/p>\n<p>Elle retiendra aussi \u00e0 leur sujet qu\u2019ils ont exploit\u00e9 le drame d\u2019un groupe parmi les femmes et les enfants du Sahara en faisant d\u2019eux un butin de guerre, un fonds de commerce ill\u00e9gitime et un moyen de lutte diplomatique.<\/p>\n<p>Je tiens \u00e0 poser aux habitants des camps de Tindouf cette question: Etes-vous satisfaits des conditions dramatiques dans lesquelles vous vivez ? Les m\u00e8res acceptent-elles le d\u00e9sespoir et la frustration de leurs enfants qui buttent sur un horizon bouch\u00e9 ?.<\/p>\n<p>Je r\u00e9cuse cette situation inhumaine qui vous est impos\u00e9e. Mais si vous vous en accommodez, n\u2019en faites le reproche qu\u2019\u00e0 vous-m\u00eames en voyant le Maroc assurer le d\u00e9veloppement de ses provinces du Sud et cr\u00e9er pour leurs habitants les conditions d\u2019une vie digne et libre.<\/p>\n<p>Cher peuple,.<\/p>\n<p>La question du Sahara n\u2019est pas le premier probl\u00e8me auquel le Maroc a \u00e9t\u00e9 confront\u00e9 au fil de son histoire. Il a d\u00e9j\u00e0 connu les jours de la Siba et de l\u2019anarchie et v\u00e9cu sous le Protectorat et l\u2019Occupation. Il a \u00e9t\u00e9 \u00e9galement le th\u00e9\u00e2tre des luttes et des dissensions de la p\u00e9riode postind\u00e9pendance touchant \u00e0 la construction de l\u2019Etat moderne.<\/p>\n<p>Mais il a toujours surmont\u00e9 les situations difficiles dont il sortait uni, fort et la t\u00eate haute. Il y est parvenu gr\u00e2ce \u00e0 la foi du peuple marocain qui croit \u00e0 la communaut\u00e9 de son destin, \u00e0 sa mobilisation pour la d\u00e9fense des valeurs sacr\u00e9es du pays et de son int\u00e9grit\u00e9 territoriale et \u00e0 la forte symbiose qui l\u2019unit \u00e0 son Tr\u00f4ne.<\/p>\n<p>En entreprenant l\u2019application de cette r\u00e9gionalisation et de ce mod\u00e8le de d\u00e9veloppement, le Maroc veut donner de plus grandes chances \u00e0 la recherche d\u2019une solution d\u00e9finitive au conflit artificiel autour de notre int\u00e9grit\u00e9 territoriale.<\/p>\n<p>Fermement convaincu de la justesse de notre Cause, le Maroc a r\u00e9pondu favorablement, en 2007, \u00e0 l\u2019appel lanc\u00e9 par la communaut\u00e9 internationale pour avancer des propositions permettant de sortir de l\u2019impasse o\u00f9 l\u2019affaire se trouve d\u00e9sormais.<\/p>\n<p>Aussi, Nous avons pr\u00e9sent\u00e9 l\u2019Initiative d\u2019autonomie pour les provinces du Sud, dont la communaut\u00e9 internationale a reconnu le s\u00e9rieux et la cr\u00e9dibilit\u00e9.<\/p>\n<p>Comme Je l\u2019ai affirm\u00e9 dans le Discours de la Marche Verte de l\u2019ann\u00e9e derni\u00e8re, cette Initiative est le maximum que le Maroc peut offrir. Son application reste tributaire de l\u2019imp\u00e9ratif de parvenir \u00e0 une solution politique d\u00e9finitive dans le cadre des Nations Unies.<\/p>\n<p>Il se leurre celui qui attend du Maroc qu\u2019il fasse une tout autre concession. Car le Maroc a tout donn\u00e9. Il a donn\u00e9 la vie de ses enfants pour d\u00e9fendre le Sahara.<\/p>\n<p>Devons-nous donner encore plus, comme le souhaitent certaines organisations internationales et non gouvernementales ? Nous connaissons les dessous de ces positions hostiles qui veulent diviser le pays. Nous savons aussi que ces organisations n\u2019ont pas le droit de s\u2019immiscer dans les affaires du Maroc.<\/p>\n<p>C\u2019est le m\u00eame principe qui r\u00e9git notre relation avec certains cercles au sein d\u2019organisations internationales, qui ignorent l\u2019histoire du Maroc, et qui cherchent \u00e0 pr\u00e9senter des conceptions \u00e9loign\u00e9es de la r\u00e9alit\u00e9 car concoct\u00e9es dans des bureaux feutr\u00e9s, comme autant de propositions pour r\u00e9gler le diff\u00e9rend r\u00e9gional suscit\u00e9 autour de la marocanit\u00e9 du Sahara.<\/p>\n<p>Le Maroc refuse toute aventure aux cons\u00e9quences incertaines, potentiellement dangereuses, ou toute autre proposition creuse ne servant \u00e0 rien d\u2019autre qu\u2019\u00e0 torpiller la dynamique positive enclench\u00e9e par l\u2019Initiative d\u2019autonomie.<\/p>\n<p>Le Maroc s\u2019opposera aussi aux campagnes hostiles qui visent les produits \u00e9conomiques marocains, avec le m\u00eame sens du sacrifice et le m\u00eame engagement dont il fait preuve dans les domaines politique et s\u00e9curitaire pour d\u00e9fendre son unit\u00e9 et ses valeurs sacr\u00e9es.<\/p>\n<p>Pour ceux qui, en violation du droit international, veulent boycotter ces produits, libre \u00e0 eux de le faire. Mais, ils devront assumer les cons\u00e9quences de leurs d\u00e9cisions.<\/p>\n<p>Le Maroc a le droit d\u2019ouvrir la porte \u00e0 ses partenaires, Etats et entreprises mondiales, pour profiter des opportunit\u00e9s d\u2019investissement que la r\u00e9gion va offrir gr\u00e2ce aux grands projets qui seront lanc\u00e9s.<\/p>\n<p>Vu que Nous ne faisons pas de distinction entre les r\u00e9gions Nord et Sud du Royaume, il n\u2019y a pas pour Nous de diff\u00e9rence entre les tomates d\u2019Agadir et celles de Dakhla, les sardines de Larache et celles de Boujdour et le phosphate de Khouribga et celui de Boucraa, m\u00eame si ce dernier repr\u00e9sente moins de 2% des r\u00e9serves nationales de cette ressource, comme l\u2019attestent les donn\u00e9es mondialement reconnues.<\/p>\n<p>Avec la m\u00eame fermet\u00e9 et la m\u00eame rigueur, le Maroc fera face \u00e0 toutes les tentatives visant \u00e0 remettre en question le statut juridique du Sahara marocain et \u00e0 contester l\u2019exercice par notre pays de la pl\u00e9nitude de ses pouvoirs sur son territoire, tant dans ses provinces du Sud qu\u2019au Nord.<\/p>\n<p>Cela exige de chacun de redoubler d\u2019efforts et de rester vigilant et mobilis\u00e9 pour faire connaitre la justesse de notre Cause et le progr\u00e8s dont jouit notre pays, et contrecarrer les man\u0153uvres des adversaires.<\/p>\n<p>Cher peuple,.<\/p>\n<p>Il nous \u00e9choit \u00e0 tous le devoir de promouvoir le d\u00e9veloppement de nos provinces du Sud, de pr\u00e9server la dignit\u00e9 de leurs habitants et de d\u00e9fendre l\u2019int\u00e9grit\u00e9 territoriale du pays, avec le m\u00eame esprit d\u2019engagement et le m\u00eame sacrifice qui ont caract\u00e9ris\u00e9 la Marche Verte.<\/p>\n<p>C\u2019est le meilleur gage de fid\u00e9lit\u00e9 \u00e0 la m\u00e9moire de l\u2019artisan de cette \u00e9pop\u00e9e, Notre V\u00e9n\u00e9r\u00e9 P\u00e8re, Sa Majest\u00e9 le Roi Hassan II, que Dieu ait Son \u00e2me, et au souvenir des vaillants martyrs de la Patrie.<\/p>\n<p>Wassalamou alakoum warahmatoullahi wabarakatouh\u00a0\u00bb.<\/p>\n","protected":false},"excerpt":{"rendered":"<p>Rabat, 06 Nov. 2015 (MAP) &#8211; SM le Roi Mohammed VI, que Dieu L&rsquo;assiste, a adress\u00e9 vendredi un discours \u00e0<\/p>\n","protected":false},"author":2,"featured_media":0,"comment_status":"closed","ping_status":"closed","sticky":false,"template":"","format":"standard","meta":{"footnotes":""},"categories":[62,5,7,8],"tags":[],"class_list":["post-1823","post","type-post","status-publish","format-standard","hentry","category-afrique","category-maghreb-news","category-presse-marocaine","category-provinces-du-sud"],"_links":{"self":[{"href":"https:\/\/anatem.info\/index.php?rest_route=\/wp\/v2\/posts\/1823","targetHints":{"allow":["GET"]}}],"collection":[{"href":"https:\/\/anatem.info\/index.php?rest_route=\/wp\/v2\/posts"}],"about":[{"href":"https:\/\/anatem.info\/index.php?rest_route=\/wp\/v2\/types\/post"}],"author":[{"embeddable":true,"href":"https:\/\/anatem.info\/index.php?rest_route=\/wp\/v2\/users\/2"}],"replies":[{"embeddable":true,"href":"https:\/\/anatem.info\/index.php?rest_route=%2Fwp%2Fv2%2Fcomments&post=1823"}],"version-history":[{"count":1,"href":"https:\/\/anatem.info\/index.php?rest_route=\/wp\/v2\/posts\/1823\/revisions"}],"predecessor-version":[{"id":1825,"href":"https:\/\/anatem.info\/index.php?rest_route=\/wp\/v2\/posts\/1823\/revisions\/1825"}],"wp:attachment":[{"href":"https:\/\/anatem.info\/index.php?rest_route=%2Fwp%2Fv2%2Fmedia&parent=1823"}],"wp:term":[{"taxonomy":"category","embeddable":true,"href":"https:\/\/anatem.info\/index.php?rest_route=%2Fwp%2Fv2%2Fcategories&post=1823"},{"taxonomy":"post_tag","embeddable":true,"href":"https:\/\/anatem.info\/index.php?rest_route=%2Fwp%2Fv2%2Ftags&post=1823"}],"curies":[{"name":"wp","href":"https:\/\/api.w.org\/{rel}","templated":true}]}}