{"id":1835,"date":"2015-11-09T12:28:32","date_gmt":"2015-11-09T12:28:32","guid":{"rendered":"http:\/\/anatem.info\/?p=1835"},"modified":"2015-11-09T12:28:32","modified_gmt":"2015-11-09T12:28:32","slug":"rappel-cinq-conventions-signees-sous-la-presidence-de-sm-le-roi-a-loccasion-du-lancement-du-nouveau-modele-de-developpement-des-provinces-du-sud","status":"publish","type":"post","link":"https:\/\/anatem.info\/?p=1835","title":{"rendered":"Rappel : cinq conventions sign\u00e9es sous la pr\u00e9sidence de SM le Roi \u00e0 l\u2019occasion du lancement du nouveau mod\u00e8le de d\u00e9veloppement des provinces du Sud"},"content":{"rendered":"<p style=\"text-align: justify;\">Voici les cinq conventions sign\u00e9es, le 7 novembre courant \u00e0 La\u00e2youne, sous la pr\u00e9sidence effective de Sa Majest\u00e9 le Roi Mohammed VI, accompagn\u00e9 de SAR le Prince Moulay Rachid, \u00e0 l\u2019occasion du lancement du nouveau mod\u00e8le de d\u00e9veloppement des provinces du Sud.<\/p>\n<p style=\"text-align: justify;\">La premi\u00e8re convention, relative aux engagements de l\u2019Etat pour le soutien financier de la r\u00e9gion de La\u00e2youne-Sakia El Hamra, a \u00e9t\u00e9 sign\u00e9e par les ministres de l\u2019Int\u00e9rieur et de l\u2019Economie et des Finances, MM. Mohamed Hassad et Mohamed Boussaid, et le pr\u00e9sident du Conseil de la R\u00e9gion de La\u00e2youne-Sakia El Hamra, M. Hamdi Ould Errachid.<\/p>\n<p style=\"text-align: justify;\">La deuxi\u00e8me convention, relative aux engagements de l\u2019Etat pour le soutien financier de la r\u00e9gion de Dakhla-Oued Eddahab, a \u00e9t\u00e9 sign\u00e9e par MM. Mohamed Hassad et Mohamed Boussaid, et le pr\u00e9sident du Conseil de la R\u00e9gion de Dakhla-Oued Eddahab, M. Ynja Khattat.<\/p>\n<p style=\"text-align: justify;\">La troisi\u00e8me convention, relative aux engagements de l\u2019Etat pour le soutien financier de la r\u00e9gion de Guelmim-Oued Noun,\u00a0 a \u00e9t\u00e9 sign\u00e9e par MM. Mohamed Hassad et Mohamed Boussaid, et le pr\u00e9sident du Conseil de la R\u00e9gion de Guelmim-Oued Noun, M. Abderrahim Ben Bouaida.<\/p>\n<p style=\"text-align: justify;\">La quatri\u00e8me convention, relative au contrat programme avec la r\u00e9gion de La\u00e2youne-Sakia El Hamra, a \u00e9t\u00e9 sign\u00e9e par MM. Mohamed Hassad et Mohamed Boussaid, le ministre de l\u2019Habitat et de la Politique de la ville, M. Nabil Benabdellah, le ministre de l\u2019Agriculture et de la p\u00eache maritime, M. Aziz Akhannouch, le ministre de l\u2019Education nationale et de la Formation professionnelle, M. Rachid Benmokhtar Benabdellah, le ministre de l\u2019Enseignement sup\u00e9rieur, de la Recherche scientifique, et de la Formation des cadres, M. Lahcen Daoudi, le ministre de l\u2019Equipement, du Transport et de la Logistique, M. Aziz Rebbah, le ministre de l\u2019Industrie, du Commerce, de l\u2019Investissement et de l\u2019Economie num\u00e9rique, Moulay Hafid Elalamy, le ministre de la Sant\u00e9, M. El Houssaine Louardi, le ministre du Tourisme, Lahcen Haddad, le ministre de la Culture, M. Mohamed Amine Sbihi, la ministre de l\u2019Artisanat, de l\u2019Economie sociale et solidaire, Mme Fatima Merouane, le ministre de l\u2019Emploi et des Affaires sociales, M. Abdesalam Seddiki, le ministre d\u00e9l\u00e9gu\u00e9 aupr\u00e8s du ministre de l\u2019Industrie, du Commerce, de l\u2019Investissement et de l\u2019Economie num\u00e9rique, Charg\u00e9 du commerce ext\u00e9rieur, M. Mohamed Abbou et la ministre d\u00e9l\u00e9gu\u00e9e aupr\u00e8s du ministre de l&rsquo;Energie, des Mines, de l&rsquo;Eau et de l&rsquo;Environnement, charg\u00e9e de l&rsquo;Eau, Mme Charafat Yadri Afilal.<\/p>\n<p style=\"text-align: justify;\">Cette convention a \u00e9galement \u00e9t\u00e9 sign\u00e9e par le Haut-Commissaire aux eaux et for\u00eats et \u00e0 la lutte contre la d\u00e9sertification, M. Abdel\u00e2adim El Hafi, le wali de la r\u00e9gion de La\u00e2youne-Sakia El Hamra, M. Yahdih Bouchaab, le pr\u00e9sident du Conseil de la R\u00e9gion de La\u00e2youne-Sakia El Hamra, M. Hamdi Ould Errachid, le directeur g\u00e9n\u00e9ral de l\u2019OCP, M. Mustapha Terrab, le directeur g\u00e9n\u00e9ral de l\u2019ONEE, M. Ali Fassi Fihri, le directeur g\u00e9n\u00e9ral de l\u2019OFPPT, M. Larbi Bencheikh, le directeur g\u00e9n\u00e9ral de l\u2019ONDA, M. Zouhair Mohamed El Oufir, et le directeur de l\u2019Agence marocaine de l\u2019\u00e9nergie solaire, M. Mustapha Bakkoury.<\/p>\n<p style=\"text-align: justify;\">Le cinqui\u00e8me document est une convention sp\u00e9cifique relative au projet de la voie express Agadir-La\u00e2youne et de l\u2019\u00e9largissement et renforcement de la section La\u00e2youne-Dakhla sur la route nationale n 1. Elle a \u00e9t\u00e9 sign\u00e9e par MM. Mohamed Hassad, Mohamed Boussaid, Aziz Rebbah, le wali de la r\u00e9gion de Souss-Massa, Mme Zineb El Adaoui, le wali de la r\u00e9gion de Guelmim-Oued Noun, M. Mohamed Benribak, le wali de la r\u00e9gion de La\u00e2youne-Sakia El Hamra, M. Yahdih Bouchaab, le wali de la r\u00e9gion de Dakhla-Oued Eddahab, Lamine Benomar, le pr\u00e9sident du Conseil de la r\u00e9gion de Souss- Massa, M. Brahim Hafidi, le\u00a0 pr\u00e9sident du Conseil de la R\u00e9gion de Guelmim-Oued Noun, M. Abderrahim Ben Bouaida, le pr\u00e9sident du Conseil de la R\u00e9gion de La\u00e2youne-Sakia El Hamra, M. Hamdi Ould Errachid, et le pr\u00e9sident du Conseil de la R\u00e9gion de Dakhla-Oued Eddahab, M. Ynja Khattat.<\/p>\n","protected":false},"excerpt":{"rendered":"<p>Voici les cinq conventions sign\u00e9es, le 7 novembre courant \u00e0 La\u00e2youne, sous la pr\u00e9sidence effective de Sa Majest\u00e9 le Roi<\/p>\n","protected":false},"author":2,"featured_media":1836,"comment_status":"closed","ping_status":"closed","sticky":false,"template":"","format":"standard","meta":{"footnotes":""},"categories":[3,62,5,7,8],"tags":[],"class_list":["post-1835","post","type-post","status-publish","format-standard","has-post-thumbnail","hentry","category-accueil","category-afrique","category-maghreb-news","category-presse-marocaine","category-provinces-du-sud"],"_links":{"self":[{"href":"https:\/\/anatem.info\/index.php?rest_route=\/wp\/v2\/posts\/1835","targetHints":{"allow":["GET"]}}],"collection":[{"href":"https:\/\/anatem.info\/index.php?rest_route=\/wp\/v2\/posts"}],"about":[{"href":"https:\/\/anatem.info\/index.php?rest_route=\/wp\/v2\/types\/post"}],"author":[{"embeddable":true,"href":"https:\/\/anatem.info\/index.php?rest_route=\/wp\/v2\/users\/2"}],"replies":[{"embeddable":true,"href":"https:\/\/anatem.info\/index.php?rest_route=%2Fwp%2Fv2%2Fcomments&post=1835"}],"version-history":[{"count":1,"href":"https:\/\/anatem.info\/index.php?rest_route=\/wp\/v2\/posts\/1835\/revisions"}],"predecessor-version":[{"id":1837,"href":"https:\/\/anatem.info\/index.php?rest_route=\/wp\/v2\/posts\/1835\/revisions\/1837"}],"wp:featuredmedia":[{"embeddable":true,"href":"https:\/\/anatem.info\/index.php?rest_route=\/wp\/v2\/media\/1836"}],"wp:attachment":[{"href":"https:\/\/anatem.info\/index.php?rest_route=%2Fwp%2Fv2%2Fmedia&parent=1835"}],"wp:term":[{"taxonomy":"category","embeddable":true,"href":"https:\/\/anatem.info\/index.php?rest_route=%2Fwp%2Fv2%2Fcategories&post=1835"},{"taxonomy":"post_tag","embeddable":true,"href":"https:\/\/anatem.info\/index.php?rest_route=%2Fwp%2Fv2%2Ftags&post=1835"}],"curies":[{"name":"wp","href":"https:\/\/api.w.org\/{rel}","templated":true}]}}