{"id":1892,"date":"2015-12-18T10:21:24","date_gmt":"2015-12-18T10:21:24","guid":{"rendered":"http:\/\/anatem.info\/?p=1892"},"modified":"2015-12-18T10:21:24","modified_gmt":"2015-12-18T10:21:24","slug":"signature-a-skhirat-de-laccord-politique-libyen","status":"publish","type":"post","link":"https:\/\/anatem.info\/?p=1892","title":{"rendered":"Signature \u00e0 Skhirat de l\u2019accord politique libyen"},"content":{"rendered":"<p style=\"text-align: justify;\"><img fetchpriority=\"high\" decoding=\"async\" class=\"size-full wp-image-1893 aligncenter\" src=\"http:\/\/anatem.info\/wp-content\/uploads\/2015\/12\/accord-L.jpg\" alt=\"accord-L\" width=\"504\" height=\"297\" srcset=\"https:\/\/anatem.info\/wp-content\/uploads\/2015\/12\/accord-L.jpg 504w, https:\/\/anatem.info\/wp-content\/uploads\/2015\/12\/accord-L-300x177.jpg 300w\" sizes=\"(max-width: 504px) 100vw, 504px\" \/>Les parties libyennes ont sign\u00e9, le 17 janvier 2015, \u00e0 Skhirat (environ 30 km au sud de Rabat &#8211; Maroc), \u00ab\u00a0l&rsquo;Accord politique libyen\u00a0\u00bb visant \u00e0 faire sortir le pays de la crise qui dure depuis plus de trois ans.<\/p>\n<p style=\"text-align: justify;\">Il fut sign\u00e9 par les repr\u00e9sentants de l&rsquo;ensemble des parties prenant part au dialogue inter-libyen, qui se d\u00e9roule sous les auspices de la mission des Nations-unies d&rsquo;appui en Libye (Manul), notamment du parlement de Tobrouk, reconnu par la communaut\u00e9 internationale, du Congr\u00e8s national g\u00e9n\u00e9ral (CNG), dit parlement de Tripoli, de partis politiques, des ind\u00e9pendants et de la soci\u00e9t\u00e9 civile.<\/p>\n<p style=\"text-align: justify;\">\u00ab\u00a0Cet accord repr\u00e9sente le premier pas vers la solution du conflit qui dure depuis 4 ans dans ce pays\u00a0\u00bb a indiqu\u00e9 le ministre espagnol des Affaires \u00e9trang\u00e8res et de la Coop\u00e9ration, Jos\u00e9 Manuel Garcia Margallo.<\/p>\n<p style=\"text-align: justify;\">Et le chef de la diplomatie espagnole de souligner devant la presse que l\u2019accord stipule la cr\u00e9ation d\u2019un gouvernement d\u2019union nationale, la reconnaissance d\u2019un seul parlement et la cr\u00e9ation d\u2019un conseil d\u2019Etat, entre autres.<\/p>\n<p style=\"text-align: justify;\">Source : D&rsquo;apr\u00e8s des communiqu\u00e9s de la MAP<\/p>\n<p style=\"text-align: justify;\">\n","protected":false},"excerpt":{"rendered":"<p>Les parties libyennes ont sign\u00e9, le 17 janvier 2015, \u00e0 Skhirat (environ 30 km au sud de Rabat &#8211; Maroc),<\/p>\n","protected":false},"author":2,"featured_media":1893,"comment_status":"closed","ping_status":"closed","sticky":false,"template":"","format":"standard","meta":{"footnotes":""},"categories":[3,62,7],"tags":[],"class_list":["post-1892","post","type-post","status-publish","format-standard","has-post-thumbnail","hentry","category-accueil","category-afrique","category-presse-marocaine"],"_links":{"self":[{"href":"https:\/\/anatem.info\/index.php?rest_route=\/wp\/v2\/posts\/1892","targetHints":{"allow":["GET"]}}],"collection":[{"href":"https:\/\/anatem.info\/index.php?rest_route=\/wp\/v2\/posts"}],"about":[{"href":"https:\/\/anatem.info\/index.php?rest_route=\/wp\/v2\/types\/post"}],"author":[{"embeddable":true,"href":"https:\/\/anatem.info\/index.php?rest_route=\/wp\/v2\/users\/2"}],"replies":[{"embeddable":true,"href":"https:\/\/anatem.info\/index.php?rest_route=%2Fwp%2Fv2%2Fcomments&post=1892"}],"version-history":[{"count":1,"href":"https:\/\/anatem.info\/index.php?rest_route=\/wp\/v2\/posts\/1892\/revisions"}],"predecessor-version":[{"id":1894,"href":"https:\/\/anatem.info\/index.php?rest_route=\/wp\/v2\/posts\/1892\/revisions\/1894"}],"wp:featuredmedia":[{"embeddable":true,"href":"https:\/\/anatem.info\/index.php?rest_route=\/wp\/v2\/media\/1893"}],"wp:attachment":[{"href":"https:\/\/anatem.info\/index.php?rest_route=%2Fwp%2Fv2%2Fmedia&parent=1892"}],"wp:term":[{"taxonomy":"category","embeddable":true,"href":"https:\/\/anatem.info\/index.php?rest_route=%2Fwp%2Fv2%2Fcategories&post=1892"},{"taxonomy":"post_tag","embeddable":true,"href":"https:\/\/anatem.info\/index.php?rest_route=%2Fwp%2Fv2%2Ftags&post=1892"}],"curies":[{"name":"wp","href":"https:\/\/api.w.org\/{rel}","templated":true}]}}