{"id":1907,"date":"2015-12-30T18:11:35","date_gmt":"2015-12-30T18:11:35","guid":{"rendered":"http:\/\/anatem.info\/?p=1907"},"modified":"2015-12-30T18:15:38","modified_gmt":"2015-12-30T18:15:38","slug":"message-de-condoleances-et-de-compassion-de-sm-le-roi-a-la-famille-de-hocine-ait-ahmed","status":"publish","type":"post","link":"https:\/\/anatem.info\/?p=1907","title":{"rendered":"Message de condol\u00e9ances et de compassion de SM le Roi \u00e0 la famille de Hocine Ait Ahmed"},"content":{"rendered":"<p style=\"text-align: justify;\">Rabat \u2013 SM le Roi Mohammed VI a adress\u00e9 un message de condol\u00e9ances et de compassion \u00e0 la famille du militant alg\u00e9rien Hocine Ait Ahmed, d\u00e9c\u00e9d\u00e9, le 23 d\u00e9cembre 2015 \u00e0 Lausanne (Suisse), \u00e0 l\u2019\u00e2ge de 89 ans, des suites d\u2019une longue maladie.<\/p>\n<p style=\"text-align: justify;\">Dans ce message, SM le Roi affirme avoir appris avec affliction la triste nouvelle du d\u00e9c\u00e8s de feu Ait Ahmed que Dieu l\u2019ait en sa Sainte mis\u00e9ricorde, exprimant en cette douloureuse circonstance, \u00e0 la famille du d\u00e9funt et \u00e0 travers elle, \u00e0 l\u2019ensemble de ses amis, Ses vives condol\u00e9ances et Ses sinc\u00e8res sentiments de compassion.<\/p>\n<p style=\"text-align: justify;\">Le message souligne que le d\u00e9c\u00e8s du grand militant et nationaliste feu Ait Ahmed est une perte, non seulement pour son honorable famille, mais \u00e9galement pour l\u2019Alg\u00e9rie s\u0153ur qui vient de perdre un de ses leaders historiques ayant men\u00e9 le combat de lib\u00e9ration et milit\u00e9 tout au long de leur vie en faveur de la libert\u00e9 et de la d\u00e9mocratie.<\/p>\n<p style=\"text-align: justify;\">Le d\u00e9c\u00e8s de Ait Ahmed constitue aussi, une perte pour le Maroc, auquel il est li\u00e9 par des liens familiaux solides et des relations fortes de fraternit\u00e9, d\u2019estime et de solidarit\u00e9, puis\u00e9s dans sa profonde croyance en le destin commun des peuples alg\u00e9rien et marocain fr\u00e8res, ajoute le message royal.<\/p>\n<p style=\"text-align: justify;\">SM le Roi a implor\u00e9 le Tr\u00e8s Haut d\u2019avoir le d\u00e9funt en Sa sainte mis\u00e9ricorde, de l\u2019accueillir en son vaste paradis et de le r\u00e9tribuer pour ses louables actions.<\/p>\n<p style=\"text-align: right;\">Source : MAP<\/p>\n<p style=\"text-align: justify;\">\n","protected":false},"excerpt":{"rendered":"<p>Rabat \u2013 SM le Roi Mohammed VI a adress\u00e9 un message de condol\u00e9ances et de compassion \u00e0 la famille du<\/p>\n","protected":false},"author":2,"featured_media":1772,"comment_status":"closed","ping_status":"closed","sticky":false,"template":"","format":"standard","meta":{"footnotes":""},"categories":[5],"tags":[],"class_list":["post-1907","post","type-post","status-publish","format-standard","has-post-thumbnail","hentry","category-maghreb-news"],"_links":{"self":[{"href":"https:\/\/anatem.info\/index.php?rest_route=\/wp\/v2\/posts\/1907","targetHints":{"allow":["GET"]}}],"collection":[{"href":"https:\/\/anatem.info\/index.php?rest_route=\/wp\/v2\/posts"}],"about":[{"href":"https:\/\/anatem.info\/index.php?rest_route=\/wp\/v2\/types\/post"}],"author":[{"embeddable":true,"href":"https:\/\/anatem.info\/index.php?rest_route=\/wp\/v2\/users\/2"}],"replies":[{"embeddable":true,"href":"https:\/\/anatem.info\/index.php?rest_route=%2Fwp%2Fv2%2Fcomments&post=1907"}],"version-history":[{"count":2,"href":"https:\/\/anatem.info\/index.php?rest_route=\/wp\/v2\/posts\/1907\/revisions"}],"predecessor-version":[{"id":1909,"href":"https:\/\/anatem.info\/index.php?rest_route=\/wp\/v2\/posts\/1907\/revisions\/1909"}],"wp:featuredmedia":[{"embeddable":true,"href":"https:\/\/anatem.info\/index.php?rest_route=\/wp\/v2\/media\/1772"}],"wp:attachment":[{"href":"https:\/\/anatem.info\/index.php?rest_route=%2Fwp%2Fv2%2Fmedia&parent=1907"}],"wp:term":[{"taxonomy":"category","embeddable":true,"href":"https:\/\/anatem.info\/index.php?rest_route=%2Fwp%2Fv2%2Fcategories&post=1907"},{"taxonomy":"post_tag","embeddable":true,"href":"https:\/\/anatem.info\/index.php?rest_route=%2Fwp%2Fv2%2Ftags&post=1907"}],"curies":[{"name":"wp","href":"https:\/\/api.w.org\/{rel}","templated":true}]}}