{"id":1917,"date":"2016-01-16T10:05:21","date_gmt":"2016-01-16T10:05:21","guid":{"rendered":"http:\/\/anatem.info\/?p=1917"},"modified":"2016-01-16T10:33:43","modified_gmt":"2016-01-16T10:33:43","slug":"la-decision-de-la-suede-de-ne-pas-reconnaitre-la-pseudo-rasd-est-en-conformite-avec-le-droit-international-maec","status":"publish","type":"post","link":"https:\/\/anatem.info\/?p=1917","title":{"rendered":"La d\u00e9cision de la Su\u00e8de de ne pas reconna\u00eetre la pseudo \u00ab\u00a0RASD\u00a0\u00bb, est \u00ab\u00a0en conformit\u00e9 avec le Droit international\u00a0\u00bb (MAEC)"},"content":{"rendered":"<div>\n<div class=\"mimepart text html\">\n<div dir=\"ltr\">\n<p dir=\"ltr\">Rabat, 15 janv. 2016 (MAP) &#8211; La d\u00e9cision de la Su\u00e8de de ne pas reconna\u00eetre la pseudo \u00ab\u00a0RASD\u00a0\u00bb, est \u00ab\u00a0en conformit\u00e9 avec le Droit international et en harmonie avec le processus politique men\u00e9 dans le cadre des Nations-Unies\u00a0\u00bb, indique vendredi le minist\u00e8re des Affaires \u00e9trang\u00e8res et de la Coop\u00e9ration (MAEC).<\/p>\n<p dir=\"ltr\">La ministre su\u00e9doise des Affaires \u00e9trang\u00e8res, Margot Wallstrom, a annonc\u00e9 vendredi que son pays n&rsquo;a pas l&rsquo;intention de reconna\u00eetre le \u00ab\u00a0Sahara Occidental\u00a0\u00bb en tant qu&rsquo;Etat, r\u00e9affirmant le soutien de la Su\u00e8de au processus de n\u00e9gociations en cours sous l&rsquo;\u00e9gide des Nations-unies.<\/p>\n<p dir=\"ltr\">\u00ab\u00a0Il s&rsquo;agit d&rsquo;une position en conformit\u00e9 avec le Droit international et en harmonie avec le processus politique men\u00e9e dans le cadre des Nations-unies, en vue de parvenir \u00e0 une solution juste, durable et mutuellement acceptable \u00e0 ce diff\u00e9rend qui n&rsquo;a que trop dur\u00e9\u00a0\u00bb, pr\u00e9cise le MAEC dans un communiqu\u00e9.<\/p>\n<p dir=\"ltr\">Le minist\u00e8re souligne que le Maroc a pris note de la pr\u00e9sentation, ce vendredi, des conclusions du rapport \u00ab\u00a0d&rsquo;\u00e9valuation\u00a0\u00bb effectu\u00e9e par le Gouvernement su\u00e9dois au sujet de la question du Sahara marocain.<\/p>\n<p dir=\"ltr\">Au-del\u00e0 de quelques appr\u00e9ciations contestables, le Maroc constate que l&rsquo;analyse men\u00e9e par le Gouvernement su\u00e9dois durant 18 mois, a abouti \u00e0 la conclusion inexorable que la chim\u00e9rique \u00ab\u00a0RASD\u00a0\u00bb ne peut \u00eatre reconnue alors que \u00ab\u00a0au regard du Droit international, les exigences pour la reconnaissance . ne sont pas remplies\u00a0\u00bb, poursuit le minist\u00e8re.<\/p>\n<p dir=\"ltr\">Le Maroc, ajoute la m\u00eame source, esp\u00e8re que \u00ab\u00a0cette position l\u00e9galiste forte du Gouvernement su\u00e9dois, puisse faire \u00e9clore la voix du discernement critique et de la conscience l\u00e9gale dans l&rsquo;esprit de tous ceux, gouvernements et organisation r\u00e9gionale, qui ont opt\u00e9 pour une reconnaissance indue de la \u00ab\u00a0r\u00e9publique\u00a0\u00bb fantomatique et ill\u00e9gale\u00a0\u00bb.<\/p>\n<p dir=\"ltr\">Le minist\u00e8re des Affaires \u00e9trang\u00e8res souligne que le Maroc est convaincu que, inscrite dans la dur\u00e9e, cette position constructive du Gouvernement su\u00e9dois sur les diff\u00e9rentes dimensions de ce diff\u00e9rend r\u00e9gional, notamment la dimension \u00e9conomique, favorisera le d\u00e9veloppement serein et substantiel des relations bilat\u00e9rales. (MAP).<\/p>\n<\/div>\n<\/div>\n<\/div>\n<div class=\"MailMessagePane-inlineContainer\"><\/div>\n","protected":false},"excerpt":{"rendered":"<p>Rabat, 15 janv. 2016 (MAP) &#8211; La d\u00e9cision de la Su\u00e8de de ne pas reconna\u00eetre la pseudo \u00ab\u00a0RASD\u00a0\u00bb, est \u00ab\u00a0en<\/p>\n","protected":false},"author":2,"featured_media":1749,"comment_status":"closed","ping_status":"closed","sticky":false,"template":"","format":"standard","meta":{"footnotes":""},"categories":[3,5,8],"tags":[],"class_list":["post-1917","post","type-post","status-publish","format-standard","has-post-thumbnail","hentry","category-accueil","category-maghreb-news","category-provinces-du-sud"],"_links":{"self":[{"href":"https:\/\/anatem.info\/index.php?rest_route=\/wp\/v2\/posts\/1917","targetHints":{"allow":["GET"]}}],"collection":[{"href":"https:\/\/anatem.info\/index.php?rest_route=\/wp\/v2\/posts"}],"about":[{"href":"https:\/\/anatem.info\/index.php?rest_route=\/wp\/v2\/types\/post"}],"author":[{"embeddable":true,"href":"https:\/\/anatem.info\/index.php?rest_route=\/wp\/v2\/users\/2"}],"replies":[{"embeddable":true,"href":"https:\/\/anatem.info\/index.php?rest_route=%2Fwp%2Fv2%2Fcomments&post=1917"}],"version-history":[{"count":1,"href":"https:\/\/anatem.info\/index.php?rest_route=\/wp\/v2\/posts\/1917\/revisions"}],"predecessor-version":[{"id":1918,"href":"https:\/\/anatem.info\/index.php?rest_route=\/wp\/v2\/posts\/1917\/revisions\/1918"}],"wp:featuredmedia":[{"embeddable":true,"href":"https:\/\/anatem.info\/index.php?rest_route=\/wp\/v2\/media\/1749"}],"wp:attachment":[{"href":"https:\/\/anatem.info\/index.php?rest_route=%2Fwp%2Fv2%2Fmedia&parent=1917"}],"wp:term":[{"taxonomy":"category","embeddable":true,"href":"https:\/\/anatem.info\/index.php?rest_route=%2Fwp%2Fv2%2Fcategories&post=1917"},{"taxonomy":"post_tag","embeddable":true,"href":"https:\/\/anatem.info\/index.php?rest_route=%2Fwp%2Fv2%2Ftags&post=1917"}],"curies":[{"name":"wp","href":"https:\/\/api.w.org\/{rel}","templated":true}]}}