{"id":1919,"date":"2016-01-16T10:32:02","date_gmt":"2016-01-16T10:32:02","guid":{"rendered":"http:\/\/anatem.info\/?p=1919"},"modified":"2016-01-16T10:33:04","modified_gmt":"2016-01-16T10:33:04","slug":"sahara-la-suede-renonce-a-reconnaitre-la-rasd","status":"publish","type":"post","link":"https:\/\/anatem.info\/?p=1919","title":{"rendered":"Sahara. La Su\u00e8de renonce \u00e0 reconna\u00eetre la RASD"},"content":{"rendered":"<div class=\"articles-holder\">\n<p class=\"marker\">La voix de la raison a fini par l\u2019emporter. Le gouvernement su\u00e9dois renonce \u00e0 reconna\u00eetre la RASD. Une victoire diplomatique pour Rabat et l&rsquo;\u00e9bauche de relations plus sereines.<\/p>\n<div class=\"ctn\">\n<p>Le gouvernement su\u00e9dois, qui examinait la possibilit\u00e9 de reconna\u00eetre la RASD, a renonc\u00e9 \u00e0 cette id\u00e9e, a affirm\u00e9 jeudi la t\u00e9l\u00e9vision publique SVT.<\/p>\n<p>\u00ab\u00a0La Su\u00e8de ne reconna\u00eetra pas le Sahara occidental. D&rsquo;apr\u00e8s les informations de SVT, il est pr\u00e9vu que la ministre des Affaires \u00e9trang\u00e8res Margot Wallstr?m rendra publique cette d\u00e9cision sous peu\u00a0\u00bb, a \u00e9crit la cha\u00eene sur son site Internet.<\/p>\n<p>La question est \u00e0 l&rsquo;\u00e9tude depuis plusieurs mois au sein de la diplomatie su\u00e9doise.<\/p>\n<p>Selon SVT, qui ne cite pas ses sources, Mme Wallstr?m devrait invoquer les crit\u00e8res g\u00e9opolitiques et juridiques traditionnels qui guident la reconnaissance d&rsquo;un ?tat par la Su\u00e8de. La cha\u00eene ajoute que le gouvernement a aussi pes\u00e9 d&rsquo;autres consid\u00e9rations, comme le fait que \u00ab\u00a0le Maroc est un pays influent dans le monde arabe\u00a0\u00bb et l&rsquo;envie de \u00ab\u00a0voir une reprise dans les relations \u00e9conomiques et les \u00e9changes commerciaux\u00a0\u00bb entre les deux pays.<\/p>\n<p>La gauche au pouvoir avait r\u00e9ussi \u00e0 faire voter, quand elle \u00e9tait dans l&rsquo;opposition en d\u00e9cembre 2012, une motion demandant la reconnaissance de la RASD, avec l&rsquo;apport des voix de l&rsquo;extr\u00eame droite.<\/p>\n<p>Mais depuis la prise de fonctions en octobre 2014 du gouvernement associant sociaux-d\u00e9mocrates et Verts, l&rsquo;ex\u00e9cutif semblait h\u00e9siter \u00e0 faire de la Su\u00e8de le premier membre de l&rsquo;Union europ\u00e9enne \u00e0 reconna\u00eetre la \u00ab\u00a0rasd\u00a0\u00bb.<\/p>\n<p>L&rsquo;une des manifestations les plus \u00e9videntes de la crispation des relations entre Rabat et Stockholm a \u00e9t\u00e9 le blocage de l&rsquo;ouverture du premier magasin Ikea marocain, en p\u00e9riph\u00e9rie de Casablanca, initialement pr\u00e9vue en septembre 2015.<\/p>\n<p>Le Maroc propose une large autonomie sous sa souverainet\u00e9, tandis que le mouvement s\u00e9paratiste du Polisario, soutenu par l&rsquo;Alg\u00e9rie, r\u00e9clame un r\u00e9f\u00e9rendum d&rsquo;autod\u00e9termination.<\/p>\n<p>Par <a href=\"http:\/\/www.le360.ma\/fr\/recherche?f[0]=field_signature%253Auid%3A19103\">Le360 ( AFP )<\/a><\/p>\n<\/div>\n<\/div>\n","protected":false},"excerpt":{"rendered":"<p>La voix de la raison a fini par l\u2019emporter. Le gouvernement su\u00e9dois renonce \u00e0 reconna\u00eetre la RASD. Une victoire diplomatique<\/p>\n","protected":false},"author":2,"featured_media":1736,"comment_status":"closed","ping_status":"closed","sticky":false,"template":"","format":"standard","meta":{"footnotes":""},"categories":[3,5,8],"tags":[],"class_list":["post-1919","post","type-post","status-publish","format-standard","has-post-thumbnail","hentry","category-accueil","category-maghreb-news","category-provinces-du-sud"],"_links":{"self":[{"href":"https:\/\/anatem.info\/index.php?rest_route=\/wp\/v2\/posts\/1919","targetHints":{"allow":["GET"]}}],"collection":[{"href":"https:\/\/anatem.info\/index.php?rest_route=\/wp\/v2\/posts"}],"about":[{"href":"https:\/\/anatem.info\/index.php?rest_route=\/wp\/v2\/types\/post"}],"author":[{"embeddable":true,"href":"https:\/\/anatem.info\/index.php?rest_route=\/wp\/v2\/users\/2"}],"replies":[{"embeddable":true,"href":"https:\/\/anatem.info\/index.php?rest_route=%2Fwp%2Fv2%2Fcomments&post=1919"}],"version-history":[{"count":1,"href":"https:\/\/anatem.info\/index.php?rest_route=\/wp\/v2\/posts\/1919\/revisions"}],"predecessor-version":[{"id":1920,"href":"https:\/\/anatem.info\/index.php?rest_route=\/wp\/v2\/posts\/1919\/revisions\/1920"}],"wp:featuredmedia":[{"embeddable":true,"href":"https:\/\/anatem.info\/index.php?rest_route=\/wp\/v2\/media\/1736"}],"wp:attachment":[{"href":"https:\/\/anatem.info\/index.php?rest_route=%2Fwp%2Fv2%2Fmedia&parent=1919"}],"wp:term":[{"taxonomy":"category","embeddable":true,"href":"https:\/\/anatem.info\/index.php?rest_route=%2Fwp%2Fv2%2Fcategories&post=1919"},{"taxonomy":"post_tag","embeddable":true,"href":"https:\/\/anatem.info\/index.php?rest_route=%2Fwp%2Fv2%2Ftags&post=1919"}],"curies":[{"name":"wp","href":"https:\/\/api.w.org\/{rel}","templated":true}]}}