{"id":1945,"date":"2016-02-04T19:49:19","date_gmt":"2016-02-04T19:49:19","guid":{"rendered":"http:\/\/anatem.info\/?p=1945"},"modified":"2016-02-04T19:49:19","modified_gmt":"2016-02-04T19:49:19","slug":"la-plus-grande-centrale-solaire-du-monde-inauguree-par-le-roi-du-maroc","status":"publish","type":"post","link":"https:\/\/anatem.info\/?p=1945","title":{"rendered":"La plus grande centrale solaire du monde inaugur\u00e9e par le Roi du Maroc"},"content":{"rendered":"<p align=\"JUSTIFY\">En pr\u00e9sence de nombreuses personnalit\u00e9s \u00e9trang\u00e8res, dont Madame S\u00e9gol\u00e8ne Royal, Ministre fran\u00e7aise de l&rsquo;Ecologie et pressentie future Ministre des Affaires Etrang\u00e8res, de la presse internationale et nationale et des membres du gouvernement marocain au grand complet, le Roi Mohammed VI a inaugur\u00e9, ce jeudi 04 f\u00e9vrier 2016 \u00e0 Ouarzazate la premi\u00e8re phase du plus grand complexe d&rsquo;\u00e9nergie solaire au Monde.<\/p>\n<p align=\"JUSTIFY\">Ce site, Noor 1, couvre une superficie de 450 hectares dot\u00e9e de 500 plaques r\u00e9fl\u00e9chissantes incurv\u00e9es sur 800 rang\u00e9es et aura une production de 160 m\u00e9gawatts.<\/p>\n<p align=\"JUSTIFY\">Le site sera compl\u00e9t\u00e9 par trois autres sites solaires Noor 2, Noor 3, Noor 4, couvrant une superficie totale de 3093 hectares dot\u00e9e de plus de 20 000 collecteurs afin d&rsquo;atteindre une capacit\u00e9 de production \u00e9lectrique de 2 000 m\u00e9gawats en 2020.<\/p>\n<p align=\"JUSTIFY\">Ce parc solaire, inaugur\u00e9 par le Sa Majest\u00e9 le Roi Mohammed VI, a pour ambition de couvrir 42% des besoins \u00e9nerg\u00e9tiques du Maroc, de fournir en \u00e9lectricit\u00e9 un million de foyers, de g\u00e9n\u00e9rer, \u00e0 long terme 1600 emplois et de r\u00e9duire la d\u00e9pendance \u00e9nerg\u00e9tique du Maroc.<\/p>\n<p align=\"JUSTIFY\">Un projet \u00e0 forte valeur ajout\u00e9e pour la r\u00e9gion d&rsquo;implantation que vient d&rsquo;inaugurer le Souverain marocain, contribuant \u00e0 son d\u00e9veloppement socio-\u00e9conomique et culturel, au d\u00e9senclavement de nombreux villages et \u00e0 l&rsquo;\u00e9mergence de nouveaux produits touristiques au service du rayonnement international de la province de Ouarzazate.<\/p>\n<p align=\"JUSTIFY\">Un projet qui r\u00e9pond parfaitement aux normes internationales relatives au rejet de CO2 et a n\u00e9cessit\u00e9 un budget d&rsquo;investissement de 9 milliards de dollars, constitue au final le fer de lance de la strat\u00e9gie marocaine en mati\u00e8re d&rsquo;\u00e9nergie propre.<\/p>\n<p align=\"JUSTIFY\">Farid Mnebhi.<\/p>\n<p>&nbsp;<\/p>\n","protected":false},"excerpt":{"rendered":"<p>En pr\u00e9sence de nombreuses personnalit\u00e9s \u00e9trang\u00e8res, dont Madame S\u00e9gol\u00e8ne Royal, Ministre fran\u00e7aise de l&rsquo;Ecologie et pressentie future Ministre des Affaires<\/p>\n","protected":false},"author":2,"featured_media":1946,"comment_status":"closed","ping_status":"closed","sticky":false,"template":"","format":"standard","meta":{"footnotes":""},"categories":[3,62,5],"tags":[],"class_list":["post-1945","post","type-post","status-publish","format-standard","has-post-thumbnail","hentry","category-accueil","category-afrique","category-maghreb-news"],"_links":{"self":[{"href":"https:\/\/anatem.info\/index.php?rest_route=\/wp\/v2\/posts\/1945","targetHints":{"allow":["GET"]}}],"collection":[{"href":"https:\/\/anatem.info\/index.php?rest_route=\/wp\/v2\/posts"}],"about":[{"href":"https:\/\/anatem.info\/index.php?rest_route=\/wp\/v2\/types\/post"}],"author":[{"embeddable":true,"href":"https:\/\/anatem.info\/index.php?rest_route=\/wp\/v2\/users\/2"}],"replies":[{"embeddable":true,"href":"https:\/\/anatem.info\/index.php?rest_route=%2Fwp%2Fv2%2Fcomments&post=1945"}],"version-history":[{"count":1,"href":"https:\/\/anatem.info\/index.php?rest_route=\/wp\/v2\/posts\/1945\/revisions"}],"predecessor-version":[{"id":1947,"href":"https:\/\/anatem.info\/index.php?rest_route=\/wp\/v2\/posts\/1945\/revisions\/1947"}],"wp:featuredmedia":[{"embeddable":true,"href":"https:\/\/anatem.info\/index.php?rest_route=\/wp\/v2\/media\/1946"}],"wp:attachment":[{"href":"https:\/\/anatem.info\/index.php?rest_route=%2Fwp%2Fv2%2Fmedia&parent=1945"}],"wp:term":[{"taxonomy":"category","embeddable":true,"href":"https:\/\/anatem.info\/index.php?rest_route=%2Fwp%2Fv2%2Fcategories&post=1945"},{"taxonomy":"post_tag","embeddable":true,"href":"https:\/\/anatem.info\/index.php?rest_route=%2Fwp%2Fv2%2Ftags&post=1945"}],"curies":[{"name":"wp","href":"https:\/\/api.w.org\/{rel}","templated":true}]}}