{"id":2002,"date":"2016-02-22T14:40:04","date_gmt":"2016-02-22T14:40:04","guid":{"rendered":"http:\/\/anatem.info\/?p=2002"},"modified":"2016-02-22T14:43:15","modified_gmt":"2016-02-22T14:43:15","slug":"maroc-lutte-contre-le-terrorisme-attentat-dejoue-de-justesse-par-le-bcij","status":"publish","type":"post","link":"https:\/\/anatem.info\/?p=2002","title":{"rendered":"Maroc \/ Lutte contre le terrorisme : Attentat d\u00e9jou\u00e9 de justesse par le BCIJ"},"content":{"rendered":"<p style=\"text-align: justify;\">La cellule d\u00e9mantel\u00e9e le 18 f\u00e9vrier 2016 \u00e0 Mekn\u00e8s, El Jadida et Essaouira par le BCIJ \u00e9tait en fait un commando sur le point de commettre une attaque sur le territoire national. L\u2019attentat \u00e0 la voiture (camionnette) pi\u00e9g\u00e9e \u00e9tait programm\u00e9 pour ce vendredi 19 f\u00e9vrier, mais l\u2019action ne devait \u00eatre que la premi\u00e8re d\u2019une s\u00e9rie qui ciblait aussi bien des institutions que des personnalit\u00e9s publiques. Plusieurs \u00e9l\u00e9ments nouveaux\u00a0: un mineur, un Fran\u00e7ais converti et le chef d\u2019origine sahraouie en lien possible avec le Polisario, un fusil de pr\u00e9cision longue port\u00e9e et des embryons d\u2019armes chimiques\u00a0!<\/p>\n<p style=\"text-align: justify;\">Abdelhak \u00a0Khiame, patron du BCIJ, avait la mine des grands jours et la mise des mauvais jours. A l\u2019en croire, le Maroc a \u00e9chapp\u00e9 au pire. Et on le croit, au vu de l\u2019arsenal expos\u00e9, des \u00e9l\u00e9ments pr\u00e9sent\u00e9s et des objectifs du commando.<\/p>\n<p style=\"text-align: justify;\">\u00ab\u00a0<em>D\u2019un point de vue juridique, il s\u2019agit d\u2019une cellule terroriste, mais pour moi, nous sommes en pr\u00e9sence d\u2019un v\u00e9ritable commando arm\u00e9 qui allait agir suivant un plan m\u00e9thodique, employant un mineur et, pour la premi\u00e8re fois, un Fran\u00e7ais<\/em>\u00a0converti \u00e0 l\u2019islam de fra\u00eeche date\u00bb.<\/p>\n<h2 style=\"text-align: justify;\">Un <em>modus operandi<\/em> diff\u00e9rent, am\u00e9lior\u00e9<\/h2>\n<p style=\"text-align: justify;\">Abdelhak Khiame explique ainsi que \u00ab\u00a0<em>ce qui caract\u00e9rise ce groupe est la nature des armes achemin\u00e9es par ses membres depuis la Libye\u00a0; elles sont fabriqu\u00e9es \u00e0 base de produits biologiques et chimiques nocifs destin\u00e9s \u00e0 confectionner des engins explosifs<\/em>\u00a0\u00bb.<\/p>\n<p style=\"text-align: justify;\">Les premiers \u00e9l\u00e9ments de l\u2019enqu\u00eate indiquent qu\u2019une op\u00e9ration suicide \u00e9tait imminente, au moyen d&rsquo;une camionnette\u00a0qui devait \u00eatre conduite par un mineur, lequel a re\u00e7u des le\u00e7ons de conduite. On ne sait pas encore o\u00f9, quand et contre qui cette op\u00e9ration kamikaze devait avoir lieu.<\/p>\n<p style=\"text-align: justify;\">Ce que les enqu\u00eateurs savent en revanche est que cette attaque faisait partie d\u2019un plan bien plus large pour semer la terreur au sein de la population et \u00e9branler l\u2019ensemble de la soci\u00e9t\u00e9 marocaine.<\/p>\n<p style=\"text-align: justify;\">Une fois leurs actions perp\u00e9tr\u00e9es, les membres du commando pr\u00e9voyaient d\u2019aller se cacher dans des grottes dans la r\u00e9gion de Tan Tan, pour laisser les choses se calmer avant de revenir en force pour d\u2019autres attentats.<\/p>\n<h2 style=\"text-align: justify;\">Un arsenal effrayant<\/h2>\n<p style=\"text-align: justify;\">De fait, notre (tr\u00e8s inform\u00e9) confr\u00e8re de Medias24 Samir el Ouardighi rapporte que l\u2019arsenal saisi consiste en 3 revolvers Smith &amp; Wesson, 1 pistolet automatique irakien, 4 pistolets mitrailleurs Scorpio de calibre 7,65 et un fusil espagnol de pr\u00e9cision, avec un millier de cartouches. La m\u00eame source ajoute \u2013 et c\u2019est effrayant \u2013 que des produits pouvant servir \u00e0 fabriquer des armes biologiques ont aussi \u00e9t\u00e9 trouv\u00e9s, \u00e0 savoir des clous rouill\u00e9s, le cadavre d\u2019un rat et du citron. En plus de toute une panoplie d\u2019armes blanches et de poing ainsi que du mat\u00e9riel \u00e9lectronique et les in\u00e9vitables drapeaux de Daech.<\/p>\n<p style=\"text-align: justify;\">Un fusil de pr\u00e9cision et de longue port\u00e9e sert g\u00e9n\u00e9ralement \u00e0 des snipers. Si la port\u00e9e d\u00e9passe le kilom\u00e8tre, cela signifie qu\u2019il n\u2019existe aucune personnalit\u00e9 au Maroc qui aurait \u00e9t\u00e9 \u00e0 l\u2019abri d\u2019un tir d\u2019une telle longueur et d\u2019une telle pr\u00e9cision\u2026 On imagine les cons\u00e9quences, et on mesure encore plus l\u2019importance de l\u2019action du BCIJ.<\/p>\n<h2 style=\"text-align: justify;\">Des \u00ab\u00a0identit\u00e9s \u00a0remarquables\u00a0\u00bb<\/h2>\n<p style=\"text-align: justify;\">Trois individus parmi les 10 arr\u00eat\u00e9s attirent l\u2019attention\u2026<\/p>\n<p style=\"text-align: justify;\"><strong>1\/<\/strong> Le mineur \u00e2ge de 16 ans qui devait se transformer en kamikaze\u00a0;<\/p>\n<p style=\"text-align: justify;\"><strong>2\/<\/strong>\u00a0 Le Fran\u00e7ais, un converti \u2026 Ecoutons Khiame\u00a0: \u00ab\u00a0<em>Ce ressortissant fran\u00e7ais, originaire de la r\u00e9gion parisienne, \u00e2g\u00e9 de 30 ans et technicien de formation, qui n&rsquo;a aucune relation avec les pays du Maghreb, est de p\u00e8re et de m\u00e8re fran\u00e7ais. Il s&rsquo;est converti \u00e0 l&rsquo;Islam \u00e0 El Jadida o\u00f9 il a r\u00e9sid\u00e9 pendant une ann\u00e9e avant de faire la connaissance du cerveau du commando\u00a0; ce ne sont donc plus les binationaux qu\u2019il faut surveiller, mais aussi des convertis<\/em>\u00a0\u00bb\u2026 des Europ\u00e9ens en g\u00e9n\u00e9ral, ou Fran\u00e7ais en particulier, qu\u2019il faut guetter traquer. L\u2019allusion au d\u00e9bat actuellement en cours en France est on ne peut plus claire, et aussi \u00a0juste que pertinente.<\/p>\n<p style=\"text-align: justify;\"><strong>3\/<\/strong> Le cerveau du commando est originaire de La\u00e2youne et le chef du BCIJ ne se prive pas de dire les doutes s\u00e9rieux qu\u2019il a sur les liens de cet individu avec le Polisario.<\/p>\n<h2 style=\"text-align: justify;\">Cons\u00e9quences politiques du coup de filet du BCIJ<\/h2>\n<p style=\"text-align: justify;\">Ce d\u00e9mant\u00e8lement intervient alors que le roi Mohammed VI se trouve en France, o\u00f9 il a rencontr\u00e9 mercredi 17 le pr\u00e9sident fran\u00e7ais pour \u00e9voquer pr\u00e9cis\u00e9ment les questions de coop\u00e9ration bilat\u00e9rale en mati\u00e8re de terrorisme. Et il se trouve qu\u2019un des pr\u00e9sum\u00e9s terroristes arr\u00eat\u00e9s est\u2026 fran\u00e7ais. Le d\u00e9bat sur la bi-nationalit\u00e9 et la d\u00e9ch\u00e9ance de nationalit\u00e9 en France pourrait prendre un cours diff\u00e9rent.<\/p>\n<p style=\"text-align: justify;\">Si, en outre, le lien est \u00e9tabli entre le cerveau du commando et le Polisario, c\u2019est toute la g\u00e9opolitique de la r\u00e9gion du Maghreb qui en serait boulevers\u00e9e, avec le Polisario qui pourrait \u00eatre d\u00e9clar\u00e9 organisation terroriste et le r\u00e9gime alg\u00e9rien qui devrait en tirer des conclusions, au m\u00eame titre que l\u2019ONU.<\/p>\n<p style=\"text-align: justify;\">Source : <a href=\"http:\/\/www.panorapost.com\/article.php?id=12204\">PanoraPost.com<\/a><\/p>\n","protected":false},"excerpt":{"rendered":"<p>La cellule d\u00e9mantel\u00e9e le 18 f\u00e9vrier 2016 \u00e0 Mekn\u00e8s, El Jadida et Essaouira par le BCIJ \u00e9tait en fait un<\/p>\n","protected":false},"author":2,"featured_media":0,"comment_status":"closed","ping_status":"closed","sticky":false,"template":"","format":"standard","meta":{"footnotes":""},"categories":[3,62,5,7],"tags":[],"class_list":["post-2002","post","type-post","status-publish","format-standard","hentry","category-accueil","category-afrique","category-maghreb-news","category-presse-marocaine"],"_links":{"self":[{"href":"https:\/\/anatem.info\/index.php?rest_route=\/wp\/v2\/posts\/2002","targetHints":{"allow":["GET"]}}],"collection":[{"href":"https:\/\/anatem.info\/index.php?rest_route=\/wp\/v2\/posts"}],"about":[{"href":"https:\/\/anatem.info\/index.php?rest_route=\/wp\/v2\/types\/post"}],"author":[{"embeddable":true,"href":"https:\/\/anatem.info\/index.php?rest_route=\/wp\/v2\/users\/2"}],"replies":[{"embeddable":true,"href":"https:\/\/anatem.info\/index.php?rest_route=%2Fwp%2Fv2%2Fcomments&post=2002"}],"version-history":[{"count":3,"href":"https:\/\/anatem.info\/index.php?rest_route=\/wp\/v2\/posts\/2002\/revisions"}],"predecessor-version":[{"id":2005,"href":"https:\/\/anatem.info\/index.php?rest_route=\/wp\/v2\/posts\/2002\/revisions\/2005"}],"wp:attachment":[{"href":"https:\/\/anatem.info\/index.php?rest_route=%2Fwp%2Fv2%2Fmedia&parent=2002"}],"wp:term":[{"taxonomy":"category","embeddable":true,"href":"https:\/\/anatem.info\/index.php?rest_route=%2Fwp%2Fv2%2Fcategories&post=2002"},{"taxonomy":"post_tag","embeddable":true,"href":"https:\/\/anatem.info\/index.php?rest_route=%2Fwp%2Fv2%2Ftags&post=2002"}],"curies":[{"name":"wp","href":"https:\/\/api.w.org\/{rel}","templated":true}]}}