{"id":2006,"date":"2016-02-22T14:56:13","date_gmt":"2016-02-22T14:56:13","guid":{"rendered":"http:\/\/anatem.info\/?p=2006"},"modified":"2016-02-22T14:57:26","modified_gmt":"2016-02-22T14:57:26","slug":"2006","status":"publish","type":"post","link":"https:\/\/anatem.info\/?p=2006","title":{"rendered":"D\u00e9mant\u00e8lement de cellules terroristes : R\u00e9action des \u00e9trangers vivant au Maroc"},"content":{"rendered":"<h3 align=\"JUSTIFY\">Suite au d\u00e9mant\u00e8lement de cellules terroristes au Maroc, les journalistes Dominique Demoulin et Gilles Gengler ont eu des entretiens avec les ressortissants belges install\u00e9s au pays.<\/h3>\n<p align=\"JUSTIFY\">Il ressort de ces multiples rencontres avec les Belges install\u00e9s au Maroc que cette communaut\u00e9 est bien accueillie et vit en toute s\u00e9curit\u00e9, mieux, elle se sent plus en s\u00e9curit\u00e9 dans ce pays qu&rsquo;en Belgique.<\/p>\n<p align=\"JUSTIFY\">Leurs enfants grandissent en toute s\u00e9curit\u00e9 et n&rsquo;ont aucun probl\u00e8me \u00e0 vagabonder dans les grands boulevards de Casablanca ou autres villes et dans les campagnes du Maroc.<\/p>\n<p align=\"JUSTIFY\">Telle est la voix exprim\u00e9e par des repr\u00e9sentants de pr\u00e8s de 40 000 expatri\u00e9s belges install\u00e9s au Maroc, dont nombre d&rsquo;entre eux ont inscrit leurs enfants \u00e0 l&rsquo;Ecole Moderne de Casablanca ; une Ecole qui accueille plus de 600 \u00e9l\u00e8ves belges et marocains et se veut un miroir de la F\u00e9d\u00e9ration Wallonie-Bruxelles au Maroc.<\/p>\n<p align=\"JUSTIFY\">Selon le Directeur de cette Ecole, Monsieur Etienne Crousse, une seconde infrastructure scolaire, plus importante, devrait voir le jour \u00e0 Rabat en 2018, prouvant ainsi que les \u00e9trangers et les touristes sont en toute s\u00e9curit\u00e9 et les bienvenus au Maroc.<\/p>\n<p align=\"JUSTIFY\">Il en est de m\u00eame pour les expatri\u00e9s de France, d&rsquo;Espagne, de Grande Bretagne, du Portugal, d&rsquo;Italie, des Etats-Unis d&rsquo;Am\u00e9rique et bien d&rsquo;autres pays qui se sont install\u00e9s dans ce pays qu&rsquo;ils ont choisi pour sa s\u00e9curit\u00e9 et son bien vivre ainsi que les touristes qui y viennent en nombre pour y passer des moments inoubliables dans la joie.<\/p>\n<p align=\"JUSTIFY\">Farid Mnebhi.<\/p>\n<p>&nbsp;<\/p>\n","protected":false},"excerpt":{"rendered":"<p>Suite au d\u00e9mant\u00e8lement de cellules terroristes au Maroc, les journalistes Dominique Demoulin et Gilles Gengler ont eu des entretiens avec<\/p>\n","protected":false},"author":2,"featured_media":0,"comment_status":"closed","ping_status":"closed","sticky":false,"template":"","format":"standard","meta":{"footnotes":""},"categories":[3,62,5],"tags":[],"class_list":["post-2006","post","type-post","status-publish","format-standard","hentry","category-accueil","category-afrique","category-maghreb-news"],"_links":{"self":[{"href":"https:\/\/anatem.info\/index.php?rest_route=\/wp\/v2\/posts\/2006","targetHints":{"allow":["GET"]}}],"collection":[{"href":"https:\/\/anatem.info\/index.php?rest_route=\/wp\/v2\/posts"}],"about":[{"href":"https:\/\/anatem.info\/index.php?rest_route=\/wp\/v2\/types\/post"}],"author":[{"embeddable":true,"href":"https:\/\/anatem.info\/index.php?rest_route=\/wp\/v2\/users\/2"}],"replies":[{"embeddable":true,"href":"https:\/\/anatem.info\/index.php?rest_route=%2Fwp%2Fv2%2Fcomments&post=2006"}],"version-history":[{"count":3,"href":"https:\/\/anatem.info\/index.php?rest_route=\/wp\/v2\/posts\/2006\/revisions"}],"predecessor-version":[{"id":2010,"href":"https:\/\/anatem.info\/index.php?rest_route=\/wp\/v2\/posts\/2006\/revisions\/2010"}],"wp:attachment":[{"href":"https:\/\/anatem.info\/index.php?rest_route=%2Fwp%2Fv2%2Fmedia&parent=2006"}],"wp:term":[{"taxonomy":"category","embeddable":true,"href":"https:\/\/anatem.info\/index.php?rest_route=%2Fwp%2Fv2%2Fcategories&post=2006"},{"taxonomy":"post_tag","embeddable":true,"href":"https:\/\/anatem.info\/index.php?rest_route=%2Fwp%2Fv2%2Ftags&post=2006"}],"curies":[{"name":"wp","href":"https:\/\/api.w.org\/{rel}","templated":true}]}}