{"id":2012,"date":"2016-02-23T16:53:30","date_gmt":"2016-02-23T16:53:30","guid":{"rendered":"http:\/\/anatem.info\/?p=2012"},"modified":"2016-02-23T18:02:09","modified_gmt":"2016-02-23T18:02:09","slug":"consulat-du-maroc-a-orly-ville-une-visite-royale-pleine-de-symboles","status":"publish","type":"post","link":"https:\/\/anatem.info\/?p=2012","title":{"rendered":"Consulat du Maroc \u00e0 Orly-ville : Une visite royale pleine de symboles"},"content":{"rendered":"<p style=\"text-align: justify;\" align=\"JUSTIFY\"><span style=\"font-size: large;\">Un message tr\u00e8s clair vient d&rsquo;\u00eatre d\u00e9livr\u00e9 ce mardi 23 f\u00e9vrier 2016 par le Roi Mohammed VI \u00e0 tous les responsables et fonctionnaires des Consulats et Ambassades du Maroc pour assurer un accueil et des prestations de qualit\u00e9 \u00e0 tous les ressortissants marocains expatri\u00e9s.<\/span><\/p>\n<p style=\"text-align: justify;\" align=\"JUSTIFY\">En, visite de Travail et d&rsquo;Amiti\u00e9 en France, le Roi s&rsquo;est rendu ce 23 f\u00e9vrier 2016, au Consulat du Maroc \u00e0 Orly-ville pour prendre in situ et de visu connaissance des diverses difficult\u00e9s que rencontrent les ressortissants marocains install\u00e9s dans cette circonscription consulaire.<\/p>\n<p style=\"text-align: justify;\" align=\"JUSTIFY\">C&rsquo;est ainsi, d\u00e8s la nouvelle de l&rsquo;arriv\u00e9e du Roi du Maroc dans ce Consulat d&rsquo;Orly-ville, des milliers de marocaines et marocains ont envahi les chauss\u00e9es proches de la l\u00e9gation marocaine pour accueillir avec ferveur leur Souverain et lui t\u00e9moigner toute leur reconnaissance.<\/p>\n<p style=\"text-align: justify;\" align=\"JUSTIFY\">Un d\u00e9placement du Roi Mohammed VI dans ce Consulat qui est la suite logique de son dernier discours du Tr\u00f4ne au cours duquel il avait adress\u00e9 une ferme mise en garde aux responsables des missions consulaires pour qu&rsquo;ils perfectionnent le service, le contact, la communication, r\u00e9pondent avec c\u00e9l\u00e9rit\u00e9 et courtoisie aux probl\u00e8mes des expatri\u00e9s marocains et surtout de mettre un terme au dysfonctionnement et aux n\u00e9gligences tout en sauvegardant la dignit\u00e9 et les droits de leurs compatriotes r\u00e9sidant \u00e0 l&rsquo;\u00e9tranger.<\/p>\n<p style=\"text-align: justify;\" align=\"JUSTIFY\">Le message est donc clair ; le temps o\u00f9 les fonctionnaires des Ambassades et des Consulats s&rsquo;occupaient plus de leurs affaires personnelles et de politique est r\u00e9volu et que tout manquement sera s\u00e9v\u00e8rement sanctionn\u00e9.<\/p>\n<p style=\"text-align: justify;\" align=\"JUSTIFY\">Tel a \u00e9t\u00e9 l&rsquo;objet de la visite du Roi Mohammed VI au Consulat d&rsquo;Orly-ville.<\/p>\n<p style=\"text-align: justify;\" align=\"JUSTIFY\">Farid Mnebhi.<\/p>\n<p>&nbsp;<\/p>\n","protected":false},"excerpt":{"rendered":"<p>Un message tr\u00e8s clair vient d&rsquo;\u00eatre d\u00e9livr\u00e9 ce mardi 23 f\u00e9vrier 2016 par le Roi Mohammed VI \u00e0 tous les<\/p>\n","protected":false},"author":2,"featured_media":0,"comment_status":"closed","ping_status":"closed","sticky":false,"template":"","format":"standard","meta":{"footnotes":""},"categories":[3,5],"tags":[],"class_list":["post-2012","post","type-post","status-publish","format-standard","hentry","category-accueil","category-maghreb-news"],"_links":{"self":[{"href":"https:\/\/anatem.info\/index.php?rest_route=\/wp\/v2\/posts\/2012","targetHints":{"allow":["GET"]}}],"collection":[{"href":"https:\/\/anatem.info\/index.php?rest_route=\/wp\/v2\/posts"}],"about":[{"href":"https:\/\/anatem.info\/index.php?rest_route=\/wp\/v2\/types\/post"}],"author":[{"embeddable":true,"href":"https:\/\/anatem.info\/index.php?rest_route=\/wp\/v2\/users\/2"}],"replies":[{"embeddable":true,"href":"https:\/\/anatem.info\/index.php?rest_route=%2Fwp%2Fv2%2Fcomments&post=2012"}],"version-history":[{"count":1,"href":"https:\/\/anatem.info\/index.php?rest_route=\/wp\/v2\/posts\/2012\/revisions"}],"predecessor-version":[{"id":2014,"href":"https:\/\/anatem.info\/index.php?rest_route=\/wp\/v2\/posts\/2012\/revisions\/2014"}],"wp:attachment":[{"href":"https:\/\/anatem.info\/index.php?rest_route=%2Fwp%2Fv2%2Fmedia&parent=2012"}],"wp:term":[{"taxonomy":"category","embeddable":true,"href":"https:\/\/anatem.info\/index.php?rest_route=%2Fwp%2Fv2%2Fcategories&post=2012"},{"taxonomy":"post_tag","embeddable":true,"href":"https:\/\/anatem.info\/index.php?rest_route=%2Fwp%2Fv2%2Ftags&post=2012"}],"curies":[{"name":"wp","href":"https:\/\/api.w.org\/{rel}","templated":true}]}}