{"id":2052,"date":"2016-03-16T14:48:49","date_gmt":"2016-03-16T14:48:49","guid":{"rendered":"http:\/\/anatem.info\/?p=2052"},"modified":"2016-03-16T15:16:31","modified_gmt":"2016-03-16T15:16:31","slug":"la-composante-civile-et-plus-particulierement-le-segment-politique-de-la-minurso","status":"publish","type":"post","link":"https:\/\/anatem.info\/?p=2052","title":{"rendered":"Le Royaume du Maroc d\u00e9cide une \u201cr\u00e9duction significative\u201d d\u2019une grande partie de la composante civile et plus particuli\u00e8rement le segment politique de la MINURSO"},"content":{"rendered":"<p style=\"text-align: justify;\">Rabat, 15 mars 2016 MAP)- Suite aux d\u00e9clarations \u201cinacceptables\u201d du Secr\u00e9taire g\u00e9n\u00e9ral de l\u2019ONU, Ban Ki-moon, et \u00e0 ses agissements \u2018\u201c\u2018inadmissibles\u201d\u201d durant sa r\u00e9cente visite dans la r\u00e9gion, le Gouvernement du Royaume du Maroc a d\u00e9cid\u00e9 \u201cles mesures imm\u00e9diates\u201d suivantes, \u00e0 savoir \u201cune r\u00e9duction significative, dans les jours qui viennent, d\u2019une grande partie de la composante civile et plus particuli\u00e8rement le segment politique de la MINURSO, l\u2019annulation de la contribution volontaire qu\u2019accorde le Maroc au fonctionnement de la MINURSO et l\u2019examen des modalit\u00e9s de retrait des contingents marocains engag\u00e9s dans les Op\u00e9rations de Maintien de la Paix\u201d.<\/p>\n<p style=\"text-align: justify;\">\u201cLe Royaume du Maroc se r\u00e9serve le droit l\u00e9gitime de recourir \u00e0 d\u2019autres mesures, qu\u2019il pourrait \u00eatre amen\u00e9 \u00e0 prendre, pour d\u00e9fendre, dans le strict respect de la Charte des Nations Unies, ses int\u00e9r\u00eats sup\u00e9rieurs, sa souverainet\u00e9 et son int\u00e9grit\u00e9 territoriale\u201d, souligne, le 15 mars, un communiqu\u00e9 du minist\u00e8re des Affaires \u00e9trang\u00e8res et de la coop\u00e9ration.<\/p>\n<p style=\"text-align: justify;\">De m\u00eame, poursuit-on, \u201cle recours au r\u00e9f\u00e9rendum \u00e9voqu\u00e9 pour r\u00e9soudre ce diff\u00e9rend r\u00e9gional a \u00e9t\u00e9 balay\u00e9 par l\u2019histoire et \u00e9cart\u00e9 par le Conseil de S\u00e9curit\u00e9. Le document rappelle, \u00e0 ce sujet, que depuis 2004, \u201cle Conseil plaide exclusivement pour la recherche d\u2019une solution politique n\u00e9goci\u00e9e, sur la base \u00b1du r\u00e9alisme et de l\u2019esprit de compromis+\u201d.<\/p>\n<p style=\"text-align: justify;\">\u201cLes tentatives inacceptables de travestir le statut de la zone \u00e0 l\u2019est du dispositif de d\u00e9fense, ainsi que le traitement s\u00e9lectif et l\u2019attitude complaisante \u00e0 l&rsquo;\u00e9gard de la situation humanitaire dans les camps de Tindouf ont \u00e9t\u00e9 \u00e9galement \u00e9voqu\u00e9es\u201d, indique le communiqu\u00e9, ajoutant que M. Mezouar a r\u00e9it\u00e9r\u00e9, lors de cette r\u00e9union, \u201cl\u2019urgence pour le Secr\u00e9taire G\u00e9n\u00e9ral de ne pas verser dans les tentatives d\u00e9voil\u00e9es et visant \u00e0 s\u2019attaquer \u00e0 l\u2019initiative marocaine d\u2019autonomie qui garde toute sa pr\u00e9\u00e9minence dans les r\u00e9solutions du conseil de s\u00e9curit\u00e9\u201d.<\/p>\n<p style=\"text-align: justify;\">\u201cII lui a \u00e9t\u00e9 demand\u00e9 de clarifier publiquement ses positions poux restaurer un climat de confiance et de respect mutuel\u201d, pr\u00e9cise la m\u00eame source.<\/p>\n<p style=\"text-align: justify;\">\u201cOr, au lieu de respecta les engagements exprim\u00e9s lors de cette r\u00e9union, le communiqu\u00e9 publi\u00e9 par le secr\u00e9tariat g\u00e9n\u00e9ral rajoute \u00e0 l\u2019offense initiale, un nouvel outrage au peuple marocain qui n\u2019avait fait qu\u2019exprimer spontan\u00e9ment son rejet face \u00e0 tant de d\u00e9rapages et d\u2019irresponsabilit\u00e9s\u201d, d\u00e9plore le communiqu\u00e9 du MAEC.<\/p>\n<p style=\"text-align: justify;\">\u201cLe Royaume du Maroc s\u2019indigne de voir le Secr\u00e9taire G\u00e9n\u00e9ral contester le droit l\u00e9gitime et d\u00e9mocratique d\u2019un peuple et de ses forces vives, \u00e0 exprimer librement ses opinions et ses r\u00e9actions\u201d, souligne la m\u00eame source, en s\u2019interrogeant \u201cen quoi l\u2019exercice d\u2019un droit individuel et collectif consacr\u00e9 par la Constitution marocaine constituerait-il une offense \u00e0 la personne du secr\u00e9taire g\u00e9n\u00e9ral, surtout lorsqu\u2019il s\u2019agit d\u2019une r\u00e9action fond\u00e9e \u00e0 des propos et des actes qui touchent profond\u00e9ment chaque citoyen marocain du nord au sud ?\u201c.<\/p>\n<p style=\"text-align: justify;\">Le communiqu\u00e9 s\u2019est \u00e9galement interrog\u00e9 \u201cComment peut-on \u00e0 ce niveau (le responsabilit\u00e9 r\u00e9duire l\u2019Organisation des Nations Unies \u00e0 l\u2019affect personnel du secr\u00e9taire g\u00e9n\u00e9ral ?\u201c, en soulignant que face \u00e0 cette \u201cd\u00e9rive dangereuse\u201d, le Gouvernement du Royaume du Maroc \u00e0 d\u00e9cid\u00e9 les mesures imm\u00e9diates suivantes, \u00e0 savoir \u201cune r\u00e9duction significative, dans les jours qui viennent, d\u2019une grande partie de la composante civile et plus particuli\u00e8rement le segment politique de la MINURSO, l\u2019annulation de la contribution volontaire qu\u2019accorde le Marne au fonctionnement de la MINURSO et l\u2019examen des modalit\u00e9s de retrait des contingents marocains engag\u00e9s dans les Op\u00e9rations de Maintien de la Paix\u201d.(MAP)<\/p>\n","protected":false},"excerpt":{"rendered":"<p>Rabat, 15 mars 2016 MAP)- Suite aux d\u00e9clarations \u201cinacceptables\u201d du Secr\u00e9taire g\u00e9n\u00e9ral de l\u2019ONU, Ban Ki-moon, et \u00e0 ses agissements<\/p>\n","protected":false},"author":2,"featured_media":0,"comment_status":"closed","ping_status":"closed","sticky":false,"template":"","format":"standard","meta":{"footnotes":""},"categories":[3,62,5,8],"tags":[],"class_list":["post-2052","post","type-post","status-publish","format-standard","hentry","category-accueil","category-afrique","category-maghreb-news","category-provinces-du-sud"],"_links":{"self":[{"href":"https:\/\/anatem.info\/index.php?rest_route=\/wp\/v2\/posts\/2052","targetHints":{"allow":["GET"]}}],"collection":[{"href":"https:\/\/anatem.info\/index.php?rest_route=\/wp\/v2\/posts"}],"about":[{"href":"https:\/\/anatem.info\/index.php?rest_route=\/wp\/v2\/types\/post"}],"author":[{"embeddable":true,"href":"https:\/\/anatem.info\/index.php?rest_route=\/wp\/v2\/users\/2"}],"replies":[{"embeddable":true,"href":"https:\/\/anatem.info\/index.php?rest_route=%2Fwp%2Fv2%2Fcomments&post=2052"}],"version-history":[{"count":3,"href":"https:\/\/anatem.info\/index.php?rest_route=\/wp\/v2\/posts\/2052\/revisions"}],"predecessor-version":[{"id":2056,"href":"https:\/\/anatem.info\/index.php?rest_route=\/wp\/v2\/posts\/2052\/revisions\/2056"}],"wp:attachment":[{"href":"https:\/\/anatem.info\/index.php?rest_route=%2Fwp%2Fv2%2Fmedia&parent=2052"}],"wp:term":[{"taxonomy":"category","embeddable":true,"href":"https:\/\/anatem.info\/index.php?rest_route=%2Fwp%2Fv2%2Fcategories&post=2052"},{"taxonomy":"post_tag","embeddable":true,"href":"https:\/\/anatem.info\/index.php?rest_route=%2Fwp%2Fv2%2Ftags&post=2052"}],"curies":[{"name":"wp","href":"https:\/\/api.w.org\/{rel}","templated":true}]}}