{"id":2122,"date":"2016-04-12T14:10:38","date_gmt":"2016-04-12T14:10:38","guid":{"rendered":"http:\/\/anatem.info\/?p=2122"},"modified":"2016-04-12T14:10:38","modified_gmt":"2016-04-12T14:10:38","slug":"renault-va-investir-plus-de-900-millions-deuros-au-maroc","status":"publish","type":"post","link":"https:\/\/anatem.info\/?p=2122","title":{"rendered":"Renault va investir plus de 900 millions d&rsquo;Euros au Maroc"},"content":{"rendered":"<p style=\"text-align: justify;\"><img decoding=\"async\" class=\"size-full wp-image-2123 alignleft\" src=\"http:\/\/anatem.info\/wp-content\/uploads\/2016\/04\/renault.jpg\" alt=\"renault\" width=\"220\" height=\"164\" \/>Rabat, 9 avr 2016 (AFP) &#8211; Le constructeur automobile fran\u00e7ais Renault a sign\u00e9 \u00e0 Rabat des partenariats avec le Maroc portant \u00e0 terme sur plus de 900 millions d&rsquo;euros d&rsquo;investissements et 50.000 emplois dans le but d&rsquo;y construire un \u00ab\u00a0\u00e9cosyst\u00e8me industriel\u00a0\u00bb selon le ministre marocain de l&rsquo;Industrie.<\/p>\n<p style=\"text-align: justify;\">\u00ab\u00a0Ce projet strat\u00e9gique \u00e0 lui seul va donner 50.000 nouveaux emplois au Maroc et regrouper plus de 10 milliard de dirhams d&rsquo;investissements (environ 912 millions EUR)\u00a0\u00bb, s&rsquo;est f\u00e9licit\u00e9 le ministre Moulay Hafid Elalamy apr\u00e8s la signature vendredi de cet accord avec Renault, en pr\u00e9sence du roi Mohamed VI.<\/p>\n<p style=\"text-align: justify;\">Pour le ministre marocain de l&rsquo;Industrie, la convention avec le constructeur fran\u00e7ais va changer \u00ab\u00a0d\u00e9finitivement le secteur automobile au Maroc\u00a0\u00bb, qui est selon lui le premier secteur exportateur du royaume depuis trois ans.<\/p>\n<p style=\"text-align: justify;\">\u00ab\u00a0Les conventions que nous avons sign\u00e9es avec le gouvernement marocain vont plus que doubler le chiffre d&rsquo;affaires de Renault au Maroc avec un objectif de deux milliards d&rsquo;euros dans quelques ann\u00e9es\u00a0\u00bb, a indiqu\u00e9 \u00e0 l&rsquo;AFP le directeur des op\u00e9rations de la r\u00e9gion Afrique-Moyen Orient-Inde de Renault, Bernard Cambier.<\/p>\n<p style=\"text-align: justify;\">\u00ab\u00a0Le &lsquo;Made in Morocco&rsquo; que nous faisons (actuellement dans les deux usines de Renault au Maroc) est de grande qualit\u00e9 et au meilleur de la qualit\u00e9 de toutes nos usines (dans le monde)\u00a0\u00bb, s&rsquo;est \u00e9galement f\u00e9licit\u00e9 le dirigeant du constructeur automobile.<\/p>\n<p style=\"text-align: justify;\">\u00ab\u00a0Je pense qu&rsquo;avec les accords que nous avons sign\u00e9s, nous allons pouvoir continuer la tr\u00e8s belle histoire de Renault au Maroc\u00a0\u00bb, a-t-il ajout\u00e9.<\/p>\n<p style=\"text-align: justify;\">La r\u00e9gion \u00ab\u00a0Afrique, Moyen-Orient et Inde\u00a0\u00bb est le premier march\u00e9 de Renault hors de l&rsquo;Europe avec 360.000 unit\u00e9s et les ventes du constructeur fran\u00e7ais y ont progress\u00e9 de 16,9% en 2015, avec de bons scores au Maroc (+11,5%) et en Alg\u00e9rie (+8,7%), selon des chiffres publi\u00e9s en janvier.<\/p>\n<p style=\"text-align: justify;\">L&rsquo;ann\u00e9e derni\u00e8re, le groupe au Losange (Renault, Dacia et Samsung Motors) a enregistr\u00e9 une hausse de 3,3% de ses ventes mondiales, \u00e0 2,8 millions d&rsquo;unit\u00e9s.<\/p>\n<p style=\"text-align: justify;\">Renault et son alli\u00e9 Nissan, alli\u00e9s depuis 1999, forment le quatri\u00e8me groupe automobile mondial en volumes.<\/p>\n","protected":false},"excerpt":{"rendered":"<p>Rabat, 9 avr 2016 (AFP) &#8211; Le constructeur automobile fran\u00e7ais Renault a sign\u00e9 \u00e0 Rabat des partenariats avec le Maroc<\/p>\n","protected":false},"author":2,"featured_media":2123,"comment_status":"closed","ping_status":"closed","sticky":false,"template":"","format":"standard","meta":{"footnotes":""},"categories":[3,62,5,7],"tags":[],"class_list":["post-2122","post","type-post","status-publish","format-standard","has-post-thumbnail","hentry","category-accueil","category-afrique","category-maghreb-news","category-presse-marocaine"],"_links":{"self":[{"href":"https:\/\/anatem.info\/index.php?rest_route=\/wp\/v2\/posts\/2122","targetHints":{"allow":["GET"]}}],"collection":[{"href":"https:\/\/anatem.info\/index.php?rest_route=\/wp\/v2\/posts"}],"about":[{"href":"https:\/\/anatem.info\/index.php?rest_route=\/wp\/v2\/types\/post"}],"author":[{"embeddable":true,"href":"https:\/\/anatem.info\/index.php?rest_route=\/wp\/v2\/users\/2"}],"replies":[{"embeddable":true,"href":"https:\/\/anatem.info\/index.php?rest_route=%2Fwp%2Fv2%2Fcomments&post=2122"}],"version-history":[{"count":1,"href":"https:\/\/anatem.info\/index.php?rest_route=\/wp\/v2\/posts\/2122\/revisions"}],"predecessor-version":[{"id":2124,"href":"https:\/\/anatem.info\/index.php?rest_route=\/wp\/v2\/posts\/2122\/revisions\/2124"}],"wp:featuredmedia":[{"embeddable":true,"href":"https:\/\/anatem.info\/index.php?rest_route=\/wp\/v2\/media\/2123"}],"wp:attachment":[{"href":"https:\/\/anatem.info\/index.php?rest_route=%2Fwp%2Fv2%2Fmedia&parent=2122"}],"wp:term":[{"taxonomy":"category","embeddable":true,"href":"https:\/\/anatem.info\/index.php?rest_route=%2Fwp%2Fv2%2Fcategories&post=2122"},{"taxonomy":"post_tag","embeddable":true,"href":"https:\/\/anatem.info\/index.php?rest_route=%2Fwp%2Fv2%2Ftags&post=2122"}],"curies":[{"name":"wp","href":"https:\/\/api.w.org\/{rel}","templated":true}]}}