{"id":2210,"date":"2016-05-12T14:33:11","date_gmt":"2016-05-12T14:33:11","guid":{"rendered":"http:\/\/anatem.info\/?p=2210"},"modified":"2016-05-12T14:33:11","modified_gmt":"2016-05-12T14:33:11","slug":"partenariat-strategique-maroc-chine-une-feuille-de-route-un-cap-une-vision-selon-mustapha-sehimi","status":"publish","type":"post","link":"https:\/\/anatem.info\/?p=2210","title":{"rendered":"Partenariat strat\u00e9gique Maroc-Chine: \u00ab\u00a0Une feuille de route, un cap, une vision\u00a0\u00bb, selon Mustapha Sehimi"},"content":{"rendered":"<p style=\"text-align: justify;\">Rabat, 11\/05\/2016 (MAP), Le partenariat strat\u00e9gique, scell\u00e9 entre le Maroc et la Chine en vertu d\u2019une d\u00e9claration conjointe sign\u00e9e mercredi \u00e0 P\u00e9kin par SM le Roi Mohammed VI et le pr\u00e9sident chinois, Xi Jinping, constitue une \u00ab\u00a0feuille de route\u00a0\u00bb, mais aussi un \u00ab\u00a0cap\u00a0\u00bb et une \u00ab\u00a0vision\u00a0\u00bb, soutient le politologue et professeur universitaire, Mustapha Sehimi.<\/p>\n<p style=\"text-align: justify;\">\u00ab\u00a0Cette deuxi\u00e8me visite royale en Chine, apr\u00e8s celle de 2002, est un acte diplomatique fort. Elle intervient apr\u00e8s celles effectu\u00e9es en Russie et dans les monarchies du Golfe. Voil\u00e0 un agenda qui traduit l\u2019inflexion donn\u00e9e \u00e0 la politique \u00e9trang\u00e8re du Royaume\u00a0\u00bb, affirme M. Sehimi dans une d\u00e9claration \u00e0 la MAP ajoutant qu\u2019avec la Chine, le bilan de cette visite officielle de SM le Roi est \u00ab\u00a0important\u00a0\u00bb.<\/p>\n<p style=\"text-align: justify;\">Pas moins de quinze conventions et d\u2019accords-cadres ont \u00e9t\u00e9 sign\u00e9s \u00e0 l\u2019occasion de cette visite et embrassent de nombreux domaines, a-t-il rappel\u00e9 soulignant que ces textes donneront \u00ab\u00a0assur\u00e9ment\u00a0\u00bb une \u00ab\u00a0forte\u00a0\u00bb impulsion \u00e0 une coop\u00e9ration multidimensionnelle, dont le p\u00e9rim\u00e8tre s\u2019est \u00e9largi et qui \u00ab\u00a0ouvre un champ immense \u00e0 des opportunit\u00e9s en m\u00eame temps qu\u2019il identifie les potentialit\u00e9s \u00e0 valoriser\u00a0\u00bb.<\/p>\n<p style=\"text-align: justify;\">Mettant en relief le partenariat strat\u00e9gique scell\u00e9 entre les deux pays lors de la visite royale \u00e0 P\u00e9kin, le politologue rel\u00e8ve qu\u2019il s\u2019agit l\u00e0 \u00ab\u00a0beaucoup plus qu\u2019une coop\u00e9ration\u00a0\u00bb. \u00ab\u00a0C\u2019est un bond en avant dans les rapports entre les deux pays\u00a0\u00bb, a-t-il dit pr\u00e9cisant que \u00ab\u00a0cet acte n\u2019a pu \u00eatre finalis\u00e9 que parce que les deux pays partagent des convergences, notamment leur souci constant de la paix, de la stabilit\u00e9, de la s\u00e9curit\u00e9 ainsi que la pr\u00e9servation de l\u2019unit\u00e9 nationale, de l\u2019ind\u00e9pendance, de la souverainet\u00e9 et de l\u2019int\u00e9grit\u00e9 territoriale\u00a0\u00bb.<\/p>\n<p style=\"text-align: justify;\">\u00ab\u00a0Le Maroc et la Chine sont plus que mill\u00e9naires et \u00e0 ce titre, ils ont en charge, malgr\u00e9 les vicissitudes de l\u2019histoire, la promotion d\u2019une communaut\u00e9 internationale organis\u00e9e sur un r\u00e9f\u00e9rent moins in\u00e9galitaire, \u00e9quitable\u00a0\u00bb, a-t-i ajout\u00e9 faisant observer que c\u2019est dans cette perspective que le Maroc, pionnier de la coop\u00e9ration Sud-Sud, notamment dans l\u2019Afrique subsaharienne, \u00ab\u00a0ne pouvait que trouver \u00e0 P\u00e9kin la m\u00eame disposition d\u2019esprit, \u00e0 savoir une feuille de route, un cap et une vision commune\u00a0\u00bb.<\/p>\n","protected":false},"excerpt":{"rendered":"<p>Rabat, 11\/05\/2016 (MAP), Le partenariat strat\u00e9gique, scell\u00e9 entre le Maroc et la Chine en vertu d\u2019une d\u00e9claration conjointe sign\u00e9e mercredi<\/p>\n","protected":false},"author":2,"featured_media":0,"comment_status":"closed","ping_status":"closed","sticky":false,"template":"","format":"standard","meta":{"footnotes":""},"categories":[3,62,5,7],"tags":[],"class_list":["post-2210","post","type-post","status-publish","format-standard","hentry","category-accueil","category-afrique","category-maghreb-news","category-presse-marocaine"],"_links":{"self":[{"href":"https:\/\/anatem.info\/index.php?rest_route=\/wp\/v2\/posts\/2210","targetHints":{"allow":["GET"]}}],"collection":[{"href":"https:\/\/anatem.info\/index.php?rest_route=\/wp\/v2\/posts"}],"about":[{"href":"https:\/\/anatem.info\/index.php?rest_route=\/wp\/v2\/types\/post"}],"author":[{"embeddable":true,"href":"https:\/\/anatem.info\/index.php?rest_route=\/wp\/v2\/users\/2"}],"replies":[{"embeddable":true,"href":"https:\/\/anatem.info\/index.php?rest_route=%2Fwp%2Fv2%2Fcomments&post=2210"}],"version-history":[{"count":1,"href":"https:\/\/anatem.info\/index.php?rest_route=\/wp\/v2\/posts\/2210\/revisions"}],"predecessor-version":[{"id":2211,"href":"https:\/\/anatem.info\/index.php?rest_route=\/wp\/v2\/posts\/2210\/revisions\/2211"}],"wp:attachment":[{"href":"https:\/\/anatem.info\/index.php?rest_route=%2Fwp%2Fv2%2Fmedia&parent=2210"}],"wp:term":[{"taxonomy":"category","embeddable":true,"href":"https:\/\/anatem.info\/index.php?rest_route=%2Fwp%2Fv2%2Fcategories&post=2210"},{"taxonomy":"post_tag","embeddable":true,"href":"https:\/\/anatem.info\/index.php?rest_route=%2Fwp%2Fv2%2Ftags&post=2210"}],"curies":[{"name":"wp","href":"https:\/\/api.w.org\/{rel}","templated":true}]}}