{"id":2221,"date":"2016-05-18T16:14:24","date_gmt":"2016-05-18T16:14:24","guid":{"rendered":"http:\/\/anatem.info\/?p=2221"},"modified":"2016-05-18T16:14:24","modified_gmt":"2016-05-18T16:14:24","slug":"maroc-droits-de-lhomme-une-fixation-du-departement-detat-americain","status":"publish","type":"post","link":"https:\/\/anatem.info\/?p=2221","title":{"rendered":"Maroc-Droits de l&rsquo;Homme : une \u00ab\u00a0fixation\u00a0\u00bb du D\u00e9partement d&rsquo;Etat am\u00e9ricain"},"content":{"rendered":"<p style=\"text-align: justify;\" align=\"JUSTIFY\"><img fetchpriority=\"high\" decoding=\"async\" class=\"size-full wp-image-2222 alignleft\" src=\"http:\/\/anatem.info\/wp-content\/uploads\/2016\/05\/Maroc-USA.jpg\" alt=\"Maroc-USA\" width=\"472\" height=\"235\" \/>Comme \u00e0 son habitude, le D\u00e9partement d&rsquo;Etat a publi\u00e9, le 13 avril 2016, son rapport annuel 2015 sur les Droits de l&rsquo;Homme dans le monde, avec une partie consacr\u00e9e au Maroc.<\/p>\n<p style=\"text-align: justify;\" align=\"JUSTIFY\">Ce rapport, \u00e9crit par des fonctionnaires du D\u00e9partement d&rsquo;Etat qui ne connaissent le Maroc ni de pr\u00e8s ni de loin, contient un lot d&rsquo;informations approximatives et de commentaires injustifi\u00e9s de parties hostiles au Maroc pour en arriver \u00e0 un document plein de d\u00e9ductions hasardeuses et de conclusions h\u00e2tives \u00e0 partir de donn\u00e9es fragmentaires non v\u00e9rifi\u00e9es.<\/p>\n<p style=\"text-align: justify;\" align=\"JUSTIFY\">Aussi, face \u00e0 un tel rapport \u00e0 charge, le Maroc, par la voix de son Minist\u00e8re de l&rsquo;Int\u00e9rieur, a vivement et fermement r\u00e9agi le 17 mai 2016, le qualifiant de le document de \u00a0\u00bb scandaleux \u00a0\u00bb .<\/p>\n<p style=\"text-align: justify;\" align=\"JUSTIFY\">Il est utile de rappeler \u00e0 ces fonctionnaires du D\u00e9partement d&rsquo;Etat, qui pr\u00e9parent d\u00e9j\u00e0 leurs cartons pour l&rsquo;apr\u00e8s-pr\u00e9sidentielle, qu&rsquo;un processus de dialogue, unique dans la r\u00e9gion, a \u00e9t\u00e9 initi\u00e9, depuis 2006, avec les autorit\u00e9s marocaines comp\u00e9tentes. Ce processus a \u00e9t\u00e9 demand\u00e9 plusieurs fois par le Maroc, bien qu&rsquo;il ne soit pas oblig\u00e9 de le faire et qu&rsquo;il n&rsquo;ait de compte \u00e0 rendre \u00e0 aucun pays \u00e9tranger, et ce, pour r\u00e9pondre de mani\u00e8re rapide et durant toute l&rsquo;ann\u00e9e aux questions pos\u00e9es, fournir des informations compl\u00e8tes sur les cas soulev\u00e9s et mettre \u00e0 la disposition toute la documentation demand\u00e9e.<\/p>\n<p style=\"text-align: justify;\" align=\"JUSTIFY\">Ces r\u00e9unions ont permis de faire des d\u00e9monstrations argument\u00e9es pour mettre en exergue le caract\u00e8re infond\u00e9 et fallacieux des all\u00e9gations contenues dans ledit rapport.<\/p>\n<p style=\"text-align: justify;\" align=\"JUSTIFY\"><span style=\"font-size: large;\">Quoiqu&rsquo;il en soit, le Maroc reste confiant dans l&rsquo;\u00e9volution de son mod\u00e8le de soci\u00e9t\u00e9 con\u00e7u et mis en <\/span><span style=\"font-family: Arial; font-size: large;\"><span style=\"font-family: Arial; font-size: large;\">\u0153<\/span><\/span><span style=\"font-size: large;\">uvre par les Marocains et pour les Marocains ; il n&rsquo;accepte de le\u00e7ons de personne et refuse que l&rsquo;on fabrique des faits, que l&rsquo;on monte de toute pi\u00e8ce des cas de violation de Droits de l&rsquo;Homme et que l&rsquo;on fomente de fausses all\u00e9gations pour des motivations politiques obscures. <\/span><\/p>\n<p style=\"text-align: justify;\" align=\"JUSTIFY\">Il est certain que la prochaine Administration am\u00e9ricaine, D\u00e9mocrate ou R\u00e9publicaine, qui investira les bureaux \u00e0 Washington en janvier 2017 apr\u00e8s la prestation de serment du nouveau Pr\u00e9sident, r\u00e9tablira la v\u00e9rit\u00e9 et d\u00e9noncera ce tissu de mensonges.<\/p>\n<p style=\"text-align: justify;\" align=\"JUSTIFY\">Une fin de mandat catastrophique et ridicule pour l&rsquo;administration Obama qui passera aux oubliettes de l&rsquo;Histoire des Etats Unis d&rsquo;Am\u00e9rique.<\/p>\n<p style=\"text-align: justify;\" align=\"JUSTIFY\">Aussi, sans risque, aucun, d&rsquo;erreur, Monsieur Mohammed Hassad a tanc\u00e9 Monsieur John Kerry et l&rsquo;a renvoy\u00e9, ainsi que son staff, \u00e0 leurs ch\u00e8res \u00e9tudes.<\/p>\n<p style=\"text-align: justify;\" align=\"JUSTIFY\">Le D\u00e9partement d&rsquo;Etat n&rsquo;a aucune le\u00e7on de droits de l&rsquo;homme \u00e0 donner au Maroc. Qu&rsquo;il balaie devant sa porte, quand on sait comment sont trait\u00e9es les communaut\u00e9s noire, hispanique et arabe aux Etats-Unis.<\/p>\n<p>J&rsquo;invite \u00e9galement ledit D\u00e9partement \u00e0 \u00eatre plus objectif dans son traitement de l&rsquo;Alg\u00e9rie en mati\u00e8re de respect des droits humains. Mais, nous le savons&#8230;.int\u00e9r\u00eats \u00e9conomiques (p\u00e9trole; gaz) obligent !<\/p>\n<p style=\"text-align: justify;\" align=\"JUSTIFY\">Farid Mnebhi.<\/p>\n<p>&nbsp;<\/p>\n","protected":false},"excerpt":{"rendered":"<p>Comme \u00e0 son habitude, le D\u00e9partement d&rsquo;Etat a publi\u00e9, le 13 avril 2016, son rapport annuel 2015 sur les Droits<\/p>\n","protected":false},"author":2,"featured_media":0,"comment_status":"closed","ping_status":"closed","sticky":false,"template":"","format":"standard","meta":{"footnotes":""},"categories":[3,62,5,7],"tags":[],"class_list":["post-2221","post","type-post","status-publish","format-standard","hentry","category-accueil","category-afrique","category-maghreb-news","category-presse-marocaine"],"_links":{"self":[{"href":"https:\/\/anatem.info\/index.php?rest_route=\/wp\/v2\/posts\/2221","targetHints":{"allow":["GET"]}}],"collection":[{"href":"https:\/\/anatem.info\/index.php?rest_route=\/wp\/v2\/posts"}],"about":[{"href":"https:\/\/anatem.info\/index.php?rest_route=\/wp\/v2\/types\/post"}],"author":[{"embeddable":true,"href":"https:\/\/anatem.info\/index.php?rest_route=\/wp\/v2\/users\/2"}],"replies":[{"embeddable":true,"href":"https:\/\/anatem.info\/index.php?rest_route=%2Fwp%2Fv2%2Fcomments&post=2221"}],"version-history":[{"count":1,"href":"https:\/\/anatem.info\/index.php?rest_route=\/wp\/v2\/posts\/2221\/revisions"}],"predecessor-version":[{"id":2223,"href":"https:\/\/anatem.info\/index.php?rest_route=\/wp\/v2\/posts\/2221\/revisions\/2223"}],"wp:attachment":[{"href":"https:\/\/anatem.info\/index.php?rest_route=%2Fwp%2Fv2%2Fmedia&parent=2221"}],"wp:term":[{"taxonomy":"category","embeddable":true,"href":"https:\/\/anatem.info\/index.php?rest_route=%2Fwp%2Fv2%2Fcategories&post=2221"},{"taxonomy":"post_tag","embeddable":true,"href":"https:\/\/anatem.info\/index.php?rest_route=%2Fwp%2Fv2%2Ftags&post=2221"}],"curies":[{"name":"wp","href":"https:\/\/api.w.org\/{rel}","templated":true}]}}