{"id":2233,"date":"2016-06-04T15:00:42","date_gmt":"2016-06-04T15:00:42","guid":{"rendered":"http:\/\/anatem.info\/?p=2233"},"modified":"2016-06-04T15:00:42","modified_gmt":"2016-06-04T15:00:42","slug":"le-deces-de-mohamed-abdelaziz-un-non-evenement-dun-point-de-vue-politique-et-sans-aucun-impact-sur-le-dossier-du-sahara-marocain-source-officielle-marocaine","status":"publish","type":"post","link":"https:\/\/anatem.info\/?p=2233","title":{"rendered":"Le d\u00e9c\u00e8s de Mohamed Abdelaziz, un non-\u00e9v\u00e9nement d&rsquo;un point de vue politique et sans aucun impact sur le dossier du Sahara marocain (source officielle marocaine)"},"content":{"rendered":"<p style=\"text-align: justify;\">Le d\u00e9c\u00e8s de Mohamed Abdelaziz est un non-\u00e9v\u00e8nement d\u2019un point de vue politique, et sans aucun impact sur le dossier du Sahara marocain, a d\u00e9clar\u00e9 une source officielle marocaine \u00e0 la MAP.<\/p>\n<p style=\"text-align: justify;\">\u00abLe Maroc a pris note du d\u00e9c\u00e8s de Mohamed Abdelaziz. Comme pour tout d\u00e9c\u00e8s, c\u2019est regrettable, notamment pour la famille et les proches. Cependant, il s\u2019agit d\u2019un non-\u00e9v\u00e8nement d\u2019un point de vue politique, et sans aucun impact sur le dossier du Sahara marocain\u00bb, a pr\u00e9cis\u00e9 la m\u00eame source dans une d\u00e9claration \u00e0 la MAP.<\/p>\n<p style=\"text-align: justify;\">\u00abLe d\u00e9funt, tout comme le mouvement s\u00e9paratiste auquel il appartenait, \u00e9tait effectivement figurant, et non pas acteur du dossier, qui \u00e9tait \u2013 et demeure \u2013 contr\u00f4l\u00e9 ailleurs \u00bb, ajoute la m\u00eame source.<\/p>\n","protected":false},"excerpt":{"rendered":"<p>Le d\u00e9c\u00e8s de Mohamed Abdelaziz est un non-\u00e9v\u00e8nement d\u2019un point de vue politique, et sans aucun impact sur le dossier<\/p>\n","protected":false},"author":2,"featured_media":0,"comment_status":"closed","ping_status":"closed","sticky":false,"template":"","format":"standard","meta":{"footnotes":""},"categories":[3,5,7,8],"tags":[],"class_list":["post-2233","post","type-post","status-publish","format-standard","hentry","category-accueil","category-maghreb-news","category-presse-marocaine","category-provinces-du-sud"],"_links":{"self":[{"href":"https:\/\/anatem.info\/index.php?rest_route=\/wp\/v2\/posts\/2233","targetHints":{"allow":["GET"]}}],"collection":[{"href":"https:\/\/anatem.info\/index.php?rest_route=\/wp\/v2\/posts"}],"about":[{"href":"https:\/\/anatem.info\/index.php?rest_route=\/wp\/v2\/types\/post"}],"author":[{"embeddable":true,"href":"https:\/\/anatem.info\/index.php?rest_route=\/wp\/v2\/users\/2"}],"replies":[{"embeddable":true,"href":"https:\/\/anatem.info\/index.php?rest_route=%2Fwp%2Fv2%2Fcomments&post=2233"}],"version-history":[{"count":1,"href":"https:\/\/anatem.info\/index.php?rest_route=\/wp\/v2\/posts\/2233\/revisions"}],"predecessor-version":[{"id":2234,"href":"https:\/\/anatem.info\/index.php?rest_route=\/wp\/v2\/posts\/2233\/revisions\/2234"}],"wp:attachment":[{"href":"https:\/\/anatem.info\/index.php?rest_route=%2Fwp%2Fv2%2Fmedia&parent=2233"}],"wp:term":[{"taxonomy":"category","embeddable":true,"href":"https:\/\/anatem.info\/index.php?rest_route=%2Fwp%2Fv2%2Fcategories&post=2233"},{"taxonomy":"post_tag","embeddable":true,"href":"https:\/\/anatem.info\/index.php?rest_route=%2Fwp%2Fv2%2Ftags&post=2233"}],"curies":[{"name":"wp","href":"https:\/\/api.w.org\/{rel}","templated":true}]}}