{"id":2238,"date":"2016-06-05T14:58:50","date_gmt":"2016-06-05T14:58:50","guid":{"rendered":"http:\/\/anatem.info\/?p=2238"},"modified":"2016-06-05T14:58:50","modified_gmt":"2016-06-05T14:58:50","slug":"mohamed-abdelaziz-enterre-incognito-a-bir-lahlou-en-terre-marocaine-le-polisario-en-proie-au-desinteret-et-a-lisolement-international","status":"publish","type":"post","link":"https:\/\/anatem.info\/?p=2238","title":{"rendered":"Mohamed Abdelaziz enterr\u00e9 incognito \u00e0 Bir Lahlou, en terre marocaine :  le polisario en proie au d\u00e9sint\u00e9r\u00eat et \u00e0 l&rsquo;isolement international"},"content":{"rendered":"<p style=\"text-align: justify;\">Alors que la presse alg\u00e9rienne et polisarienne intoxiquaient leurs lecteurs sur des raz de mar\u00e9e de Sahraouis venus des camps de s\u00e9questr\u00e9s de Tindouf et de l&rsquo;\u00e9tranger ainsi que des d\u00e9l\u00e9gations \u00e9trang\u00e8res pour assister \u00e0 l&rsquo;enterrement du d\u00e9funt chef du polisario, force est constater que la manipulation \u00e9tait grosse.<br \/>\nEn effet, seuls \u00e9taient pr\u00e9sents \u00e0 l&rsquo;arriv\u00e9e, le 03 juin 2016, de la d\u00e9pouille de Mohamed Abdelaziz \u00e0 l&rsquo;a\u00e9roport de Tindouf, le pr\u00e9sident du S\u00e9nat alg\u00e9rien, le premier ministre et quelques membres du gouvernement alg\u00e9riens ainsi que le g\u00e9n\u00e9ral Ahmed Ga\u00efd Salah Chef d&rsquo;Etat-Major de l&rsquo;arm\u00e9e alg\u00e9rienne (pr\u00e9sence somme toute normale, s&rsquo;agissant de ses sponsors)) et quelques pontes du polisario.<br \/>\nEn ce qui concerne le volet officiel de cet enterrement, y ont assist\u00e9, c\u00f4t\u00e9 polisarien, quelques membres du secr\u00e9tariat national sahraoui, du gouvernement, des miliciens de la pseudo \u00ab\u00a0arm\u00e9e de lib\u00e9ration populaire sahraouie\u00a0\u00bb, une poign\u00e9e de civils sahraouis et un nombre insignifiant de d\u00e9l\u00e9gations \u00e9trang\u00e8res.<br \/>\nAucun journaliste \u00e9tranger n&rsquo;\u00e9tait autoris\u00e9 \u00e0 couvrir ce non-\u00e9v\u00e8nement, seule la presse, proche du pouvoir alg\u00e9rien \u00e9tait autoris\u00e9e \u00e0 le faire. D&rsquo;ailleurs, Reporters Sans Fronti\u00e8res (RSF) a d\u00e9nonc\u00e9 l&rsquo;interdiction faite aux journalistes des quotidiens alg\u00e9riens peu empathiques \u00e0 l&rsquo;endroit du pouvoir alg\u00e9rien de couvrir les obs\u00e8ques.<br \/>\nLe lendemain, 04 juin 2016, un petit cort\u00e8ge d&rsquo;un peu plus d&rsquo;une centaine de personnes (voir photo jointe), notamment des miliciens polisariens, ont accompagn\u00e9 Mohamed Abdelaziz jusqu&rsquo;\u00e0 sa derni\u00e8re demeure \u00e0 Bir Lahlou, en terre marocaine, pour y \u00eatre enterr\u00e9, conform\u00e9ment \u00e0 sa derni\u00e8re volont\u00e9.<br \/>\nEnfin, et comme l&rsquo;a si bien \u00e9crit le quotidien espagnol \u00a0\u00bb El Pais\u00a0\u00bb dans sa livraison du 04 juin 2016, \u00a0\u00bb la pr\u00e9sence internationale insignifiante aux fun\u00e9railles de Mohamed Abdelaziz d\u00e9note de l&rsquo;isolement du polisario sur le plan international \u00a0\u00bb . Plus que de l&rsquo;isolement, le mouvement est en pleine d\u00e9liquescence. L&rsquo;Alg\u00e9rie a d\u00e9j\u00e0 liss\u00e9 et oint ses fils de marionnettiste. Celle-ci s&rsquo;animera, sans \u00e2me et sans r\u00e9elle volont\u00e9, dans les prochaines semaines.<br \/>\nFarid Mnebhi<\/p>\n<p style=\"text-align: justify;\"><img fetchpriority=\"high\" decoding=\"async\" class=\"alignnone size-full wp-image-2239\" src=\"http:\/\/anatem.info\/wp-content\/uploads\/2016\/06\/Abdelaziz3.jpg\" alt=\"Abdelaziz3\" width=\"777\" height=\"416\" \/><\/p>\n","protected":false},"excerpt":{"rendered":"<p>Alors que la presse alg\u00e9rienne et polisarienne intoxiquaient leurs lecteurs sur des raz de mar\u00e9e de Sahraouis venus des camps<\/p>\n","protected":false},"author":2,"featured_media":0,"comment_status":"closed","ping_status":"closed","sticky":false,"template":"","format":"standard","meta":{"footnotes":""},"categories":[3,62,5,7,8],"tags":[],"class_list":["post-2238","post","type-post","status-publish","format-standard","hentry","category-accueil","category-afrique","category-maghreb-news","category-presse-marocaine","category-provinces-du-sud"],"_links":{"self":[{"href":"https:\/\/anatem.info\/index.php?rest_route=\/wp\/v2\/posts\/2238","targetHints":{"allow":["GET"]}}],"collection":[{"href":"https:\/\/anatem.info\/index.php?rest_route=\/wp\/v2\/posts"}],"about":[{"href":"https:\/\/anatem.info\/index.php?rest_route=\/wp\/v2\/types\/post"}],"author":[{"embeddable":true,"href":"https:\/\/anatem.info\/index.php?rest_route=\/wp\/v2\/users\/2"}],"replies":[{"embeddable":true,"href":"https:\/\/anatem.info\/index.php?rest_route=%2Fwp%2Fv2%2Fcomments&post=2238"}],"version-history":[{"count":1,"href":"https:\/\/anatem.info\/index.php?rest_route=\/wp\/v2\/posts\/2238\/revisions"}],"predecessor-version":[{"id":2240,"href":"https:\/\/anatem.info\/index.php?rest_route=\/wp\/v2\/posts\/2238\/revisions\/2240"}],"wp:attachment":[{"href":"https:\/\/anatem.info\/index.php?rest_route=%2Fwp%2Fv2%2Fmedia&parent=2238"}],"wp:term":[{"taxonomy":"category","embeddable":true,"href":"https:\/\/anatem.info\/index.php?rest_route=%2Fwp%2Fv2%2Fcategories&post=2238"},{"taxonomy":"post_tag","embeddable":true,"href":"https:\/\/anatem.info\/index.php?rest_route=%2Fwp%2Fv2%2Ftags&post=2238"}],"curies":[{"name":"wp","href":"https:\/\/api.w.org\/{rel}","templated":true}]}}