{"id":2243,"date":"2016-06-07T13:25:34","date_gmt":"2016-06-07T13:25:34","guid":{"rendered":"http:\/\/anatem.info\/?p=2243"},"modified":"2016-06-07T13:25:34","modified_gmt":"2016-06-07T13:25:34","slug":"rapport-du-departement-detat-sur-les-droits-de-lhomme-au-maroc-le-congres-americain-affirme-son-desaccord-avec-le-traitement-injuste-fait-au-maroc","status":"publish","type":"post","link":"https:\/\/anatem.info\/?p=2243","title":{"rendered":"Rapport du D\u00e9partement d&rsquo;Etat sur les Droits de l&rsquo;Homme au Maroc :  le Congr\u00e8s am\u00e9ricain affirme son d\u00e9saccord avec le traitement injuste fait au Maroc"},"content":{"rendered":"<p style=\"text-align: justify;\">La partie Maroc du rapport annuel 2015 sur les Droits de l&rsquo;homme dans le monde publi\u00e9 derni\u00e8rement par le D\u00e9partement d&rsquo;Etat am\u00e9ricain continue de soulever un toll\u00e9 dans la classe politique am\u00e9ricaine et \u00e0 l&rsquo;\u00e9tranger en raison des all\u00e9gations fallacieuses qu&rsquo;il contient en ce qui concerne le Royaume ch\u00e9rifien.<br \/>\nCe rapport \u00e0 charge contre le Maroc avait conduit les autorit\u00e9s marocaines \u00e0 r\u00e9agir avec beaucoup de fermet\u00e9, vu les informations approximatives, les commentaires injustifi\u00e9s et les conclusions h\u00e2tives b\u00e2ties \u00e0 partir de donn\u00e9es fragmentaires et non v\u00e9rifi\u00e9es qu&rsquo;il renferme.<br \/>\nIl n&rsquo;en fallait pas plus pour que le Congr\u00e8s am\u00e9ricain, institution supr\u00eame, r\u00e9agisse, \u00e0 son tour, le 04 juin 2016, pour d\u00e9fendre un ami et alli\u00e9 de longue date face \u00e0 cette agression des \u00ab\u00a0Desk officers\u00a0\u00bb (responsables des dossiers) du D\u00e9partement d&rsquo;Etat.<br \/>\nC&rsquo;est ainsi, qu&rsquo;apr\u00e8s avoir pris bonne note des r\u00e9actions du Maroc et apr\u00e8s lecture dudit rapport, le Congr\u00e8s a d\u00e9cid\u00e9 de soutenir la position de Rabat en transmettant une lettre au Pr\u00e9sident Barack Obama.<br \/>\nLes Congressistes y d\u00e9clarent \u00a0\u00bb prendre en consid\u00e9ration, dans le cadre d&rsquo;une d\u00e9marche \u00e9minemment bipartisane, les commentaires l\u00e9gitimes du Maroc sur le contenu de ce rapport, qui a \u00e9t\u00e9 entach\u00e9 d&rsquo;erreurs factuelles et de fausses all\u00e9gations \u00ab\u00a0. Ces m\u00eames Congressistes appellent ,en cons\u00e9quence, le Chef de l&rsquo;Ex\u00e9cutif am\u00e9ricain \u00e0 accorder une \u00ab\u00a0plus grande visibilit\u00e9\u00a0\u00bb au r\u00f4le que joue le Maroc dans la promotion de la stabilit\u00e9 et le d\u00e9veloppement dans la r\u00e9gion, ainsi qu&rsquo;au progr\u00e8s r\u00e9alis\u00e9 par le Royaume en mati\u00e8re des Droits de l&rsquo;Homme \u00a0\u00bb .<br \/>\nDes avanc\u00e9es qui \u00ab\u00a0sont autant de facteurs qui m\u00e9ritent une plus grande visibilit\u00e9 dans nos d\u00e9clarations publiques, d&rsquo;autant plus que cette d\u00e9marche concerne l&rsquo;un de nos partenaires les plus anciens et les plus fiables et avec lequel nous entretenons une relation bilat\u00e9rale de la plus haute importance\u00a0\u00bb ont-ils soulign\u00e9.<br \/>\nIls rappellent \u00e9galement \u00e0 Barack Obama que le Maroc \u00a0\u00bb est le seul pays de la r\u00e9gion \u00e0 avoir mis en place avec les Etats-Unis, depuis 2006, et \u00e0 la demande du Royaume, un dialogue continu sur les Droits de l&rsquo;Homme qui se veut un forum ouvert pour un \u00e9change objectif et constructif sur ces questions\u00a0\u00bb .<br \/>\nIls concluent leur lettre en rappelant que le Maroc est un \u00ab\u00a0alli\u00e9 des Etats-Unis de la premi\u00e8re heure et tout au long de l&rsquo;histoire, y compris pendant la seconde guerre mondiale, la guerre froide et encore aujourd&rsquo;hui dans notre combat contre Daech et toutes les autres formes de terrorisme et d&rsquo;extr\u00e9misme violent\u00a0\u00bb.<br \/>\nUne r\u00e9action du Congr\u00e8s am\u00e9ricain qui a \u00e9t\u00e9 analys\u00e9e par l&rsquo;ancien ambassadeur am\u00e9ricain Edward Gabriel qui a tenu \u00e0 souligner que \u00ab\u00a0le Congr\u00e8s am\u00e9ricain, avec ses deux Chambres et avec l&rsquo;adh\u00e9sion, aussi bien des D\u00e9mocrates que des R\u00e9publicains, reconna\u00eet, de longue date, l&rsquo;importance des relations am\u00e9ricano-marocaines\u00a0\u00bb, relevant qu&rsquo;un tel consensus bipartisan, qui tranche avec une \u00e8re marqu\u00e9e par la polarisation partisane, est de nature \u00e0 \u00ab\u00a0apaiser les tensions et \u00e0 sauvegarder la longue histoire d&rsquo;amiti\u00e9 et de coop\u00e9ration entre les deux nations\u00a0\u00bb.<br \/>\nR\u00e9action identique de Jordan Paul, expert des questions l\u00e9gislatives du Congr\u00e8s am\u00e9ricain, qui a fait observer que \u00a0\u00bb la lettre offre opportun\u00e9ment les encouragements et le conseil avis\u00e9 pour continuer \u00e0 \u00e9riger en priorit\u00e9 cette alliance maroco-am\u00e9ricaine b\u00e2tie sur les valeurs et les objectifs communs\u00a0\u00bb.<br \/>\nA noter que la r\u00e9action du Congr\u00e8s am\u00e9ricain intervient deux semaines apr\u00e8s la publication d\u2019une tribune de Dov Zakheim, ancien sous-Secr\u00e9taire d&rsquo;Etat am\u00e9ricain \u00e0 la D\u00e9fense de l\u2019Administration Obama, d\u00e9non\u00e7ant le contenu concernant le Maroc du rapport du d\u00e9partement d\u2019Etat sur les droits de l\u2019Homme. \u00ab La partie consacr\u00e9e au Maroc est d\u2019un tiers plus longue que celle r\u00e9serv\u00e9e \u00e0 Cuba \u00bb ou \u00e0 l\u2019\u00ab Iran \u00bb, avait-t-il ironis\u00e9.<br \/>\nEn conclusion, la r\u00e9action du Congr\u00e8s am\u00e9ricain, favorable au Maroc, constitue un v\u00e9ritable camouflet pour les services de John Kerry habilit\u00e9s \u00e0 s\u2019assurer de la v\u00e9racit\u00e9 des informations recueillies sur d\u2019\u00e9ventuels cas de violations ou de torture avec le Minist\u00e8re marocain de l\u2019Int\u00e9rieur, et ce par une op\u00e9rationnalisation d\u2019un m\u00e9canisme ayant 10 ans d\u2019existence, mais aussi une nouvelle d\u00e9faite diplomatique de l&rsquo;Alg\u00e9rie et du Polisario.<br \/>\nFarid Mnebhi<\/p>\n","protected":false},"excerpt":{"rendered":"<p>La partie Maroc du rapport annuel 2015 sur les Droits de l&rsquo;homme dans le monde publi\u00e9 derni\u00e8rement par le D\u00e9partement<\/p>\n","protected":false},"author":2,"featured_media":0,"comment_status":"closed","ping_status":"closed","sticky":false,"template":"","format":"standard","meta":{"footnotes":""},"categories":[3,62,5,7],"tags":[],"class_list":["post-2243","post","type-post","status-publish","format-standard","hentry","category-accueil","category-afrique","category-maghreb-news","category-presse-marocaine"],"_links":{"self":[{"href":"https:\/\/anatem.info\/index.php?rest_route=\/wp\/v2\/posts\/2243","targetHints":{"allow":["GET"]}}],"collection":[{"href":"https:\/\/anatem.info\/index.php?rest_route=\/wp\/v2\/posts"}],"about":[{"href":"https:\/\/anatem.info\/index.php?rest_route=\/wp\/v2\/types\/post"}],"author":[{"embeddable":true,"href":"https:\/\/anatem.info\/index.php?rest_route=\/wp\/v2\/users\/2"}],"replies":[{"embeddable":true,"href":"https:\/\/anatem.info\/index.php?rest_route=%2Fwp%2Fv2%2Fcomments&post=2243"}],"version-history":[{"count":1,"href":"https:\/\/anatem.info\/index.php?rest_route=\/wp\/v2\/posts\/2243\/revisions"}],"predecessor-version":[{"id":2245,"href":"https:\/\/anatem.info\/index.php?rest_route=\/wp\/v2\/posts\/2243\/revisions\/2245"}],"wp:attachment":[{"href":"https:\/\/anatem.info\/index.php?rest_route=%2Fwp%2Fv2%2Fmedia&parent=2243"}],"wp:term":[{"taxonomy":"category","embeddable":true,"href":"https:\/\/anatem.info\/index.php?rest_route=%2Fwp%2Fv2%2Fcategories&post=2243"},{"taxonomy":"post_tag","embeddable":true,"href":"https:\/\/anatem.info\/index.php?rest_route=%2Fwp%2Fv2%2Ftags&post=2243"}],"curies":[{"name":"wp","href":"https:\/\/api.w.org\/{rel}","templated":true}]}}