{"id":2251,"date":"2016-06-20T11:50:48","date_gmt":"2016-06-20T11:50:48","guid":{"rendered":"http:\/\/anatem.info\/?p=2251"},"modified":"2016-06-20T11:57:40","modified_gmt":"2016-06-20T11:57:40","slug":"sm-le-roi-visite-plusieurs-sites-historiques-restaures-dans-le-cadre-du-programme-de-rehabilitation-des-monuments-de-lancienne-medina-de-fes","status":"publish","type":"post","link":"https:\/\/anatem.info\/?p=2251","title":{"rendered":"SM le Roi visite plusieurs sites historiques restaur\u00e9s dans le cadre du programme de r\u00e9habilitation des monuments de l&rsquo;ancienne m\u00e9dina de F\u00e8s"},"content":{"rendered":"<h4 style=\"text-align: justify;\">Sa Majest\u00e9 le Roi Mohammed VI, que Dieu L\u2019assiste, a visit\u00e9, mercredi, plusieurs sites historiques ayant fait l\u2019objet de travaux de restauration et de r\u00e9novation dans le cadre du programme de r\u00e9habilitation des monuments de l\u2019ancienne m\u00e9dina de F\u00e8s, dot\u00e9 d&rsquo;une enveloppe budg\u00e9taire de 285,5 millions de dirhams.<\/h4>\n<p style=\"text-align: justify;\">Cette visite t\u00e9moigne de la volont\u00e9 constante de SM le Roi de pr\u00e9server le cachet architectural de la m\u00e9dina de F\u00e8s et de promouvoir le rayonnement de cette cit\u00e9 mill\u00e9naire, inscrite en 1981 au patrimoine mondial de l&rsquo;Humanit\u00e9 par l&rsquo;Organisation des Nations unies pour l&rsquo;\u00e9ducation, la science et la culture (Unesco).<\/p>\n<p style=\"text-align: justify;\">Ainsi, le Souverain a visit\u00e9 le pont Terrafine, oeuvre de l\u2019\u00e9mir Z\u00e9n\u00e8te Dounas au XI\u00e8me si\u00e8cle, Souk Sebbaghine, dont la construction remonte \u00e0 l\u2019\u00e9poque Z\u00e9n\u00e8te au X\u00e8me si\u00e8cle, les medersas Mohammadia, fond\u00e9e \u00e0 la fin du XIII\u00e8me si\u00e8cle et r\u00e9nov\u00e9e par le Sultan Mohammed V au XX\u00e8me si\u00e8cle, Seffarine, premi\u00e8re medersa de l\u2019\u00e9poque m\u00e9rinide au Maroc (675H\/ 1276 J.-C) et Mesbahiya, \u00e9rig\u00e9e au Nord de la Mosqu\u00e9e Al Qaraouiyine par le Sultan m\u00e9rinide Abou Hassan en 1347.<\/p>\n<p style=\"text-align: justify;\">SM le Roi a \u00e9galement visit\u00e9 Dar Al Mouaqqit, une tour \u00e9lev\u00e9e sous le r\u00e8gne du Sultan m\u00e9rinide Abou Inan dans le but de contr\u00f4ler la carte astronomique du ciel, l\u2019Ex-agence Bank Al Maghreb (d\u00e9but du XX\u00e8me si\u00e8cle), foundouk Kettanine (XIX\u00e8me si\u00e8cle \u00e0 l\u2019\u00e9poque du Sultan My Hassan Ier), Hammam Ben Abbad (XIV\u00e8me si\u00e8cle), Dar Lazrek, fond\u00e9e \u00e0 l\u2019\u00e9poque m\u00e9rinide au XV\u00e8me si\u00e8cle, pont Khrachfiyine (XI\u00e8me si\u00e8cle), et les fortins Sidi Bounafae et Boutouil, \u00e9difi\u00e9s par les Sa\u00e2diens au cours du 16e si\u00e8cle.<\/p>\n<p style=\"text-align: justify;\">Projet capital pour la pr\u00e9servation de la m\u00e9moire collective, la restauration de ces 13 monuments historiques, qui a n\u00e9cessit\u00e9 une enveloppe budg\u00e9taire de plus de 92 millions de dirhams (MDH), s\u2019inscrit en droite ligne de l\u2019approche pr\u00e9conis\u00e9e par le Souverain visant \u00e0 mettre en valeur le capital immat\u00e9riel, un des principaux crit\u00e8res de richesse de la Nation.<\/p>\n<p style=\"text-align: justify;\">Ces actions de restauration et de r\u00e9novation font partie int\u00e9grante du programme de r\u00e9habilitation des monuments historiques de l\u2019ancienne m\u00e9dina de F\u00e8s, dont la convention-cadre a \u00e9t\u00e9 sign\u00e9e le 04 mars 2013, sous la pr\u00e9sidence de SM le Roi Mohammed VI, entre les minist\u00e8res de l&rsquo;Int\u00e9rieur, des Habous et des affaires islamiques, de l&rsquo;Economie et des Finances, de l&rsquo;Habitat, de l&rsquo;Urbanisme et de la politique de la ville, de la Culture, de l&rsquo;Artisanat, la Wilaya de la r\u00e9gion de F\u00e8s-Boulmane, la Commune urbaine de F\u00e8s, la Commune Mechouar F\u00e8s Jdid et l&rsquo;Agence pour le d\u00e9veloppement et la r\u00e9habilitation de la ville de F\u00e8s.<\/p>\n<p style=\"text-align: justify;\">Ce programme de r\u00e9habilitation porte, dans son ensemble, sur la r\u00e9novation de 27 sites historiques, dont 26 sont d\u00e9j\u00e0 achev\u00e9s et le 27eme sera lanc\u00e9 en 2016. Ainsi, il a permis la restauration des treize sites visit\u00e9s en ce jour par le Souverain, ainsi que celle des medersas Sahrij et Sbaiyine, fond\u00e9es au XIV\u00e8me si\u00e8cle par le Sultan Abou El-Hassan Al Marini, du fortin Kawkab (XIV\u00e8me si\u00e8cle), des murailles Bab Makina, \u00e9difi\u00e9es au XIV\u00e8me si\u00e8cle (Est) et au XIX\u00e8me (Ouest), des remparts Jnane Drader (XII\u00e8me si\u00e8cle), des foundouks Sagha (d\u00e9but du XVIII\u00e8me si\u00e8cle) et Achich (XVI\u00e8me si\u00e8cle), des tanneries Ain Azliten et Sidi Moussa (IX\u00e8me si\u00e8cle), de Dar Dbagh Chouara (XVI\u00e8me si\u00e8cle), de Dar Dmana (XIV\u00e8me si\u00e8cle), de la biblioth\u00e8que Al Qaraouiyine, \u00e9difi\u00e9 par le Sultan Mohammed V, et du Mausol\u00e9e Sidi Hrazem (XII\u00e8me si\u00e8cle).<\/p>\n<p style=\"text-align: justify;\">Les travaux de r\u00e9novation de ces monuments ont \u00e9t\u00e9 r\u00e9alis\u00e9s par des ma\u00e2lmine (maitres artisans) qui ont su les restaurer \u00e0 l\u2019identique, faisant appel \u00e0 leur dext\u00e9rit\u00e9, leur ing\u00e9niosit\u00e9, et leur savoir-faire ancestral.<\/p>\n<p style=\"text-align: justify;\">La restauration de ses diff\u00e9rents monuments devra contribuer au renforcement des circuits touristiques au niveau de l&rsquo;ancienne m\u00e9dina de F\u00e8s, \u00e0 l&#8217;embellissement du cadre b\u00e2ti, au d\u00e9veloppement socio-\u00e9conomique de cette Cit\u00e9-Mus\u00e9e et la pr\u00e9servation de son patrimoine mat\u00e9riel qui refl\u00e8te la grandeur d&rsquo;un pass\u00e9 architectural glorieux et l&rsquo;authenticit\u00e9 d&rsquo;un savoir-faire in\u00e9gal\u00e9 dans les domaines culturel, urbanistique et social.<\/p>\n<p style=\"text-align: justify;\">Des milliers d\u2019habitants de l\u2019ancienne m\u00e9dina de F\u00e8s se sont mass\u00e9s, \u00e0 cette occasion, le long du chemin qui m\u00e8ne aux sites visit\u00e9s par SM le Roi, pour exprimer leurs marques de fid\u00e9lit\u00e9 et de loyalisme au Souverain et leur profonde gratitude \u00e0 l\u2019auguste personne du Souverain pour cette visite b\u00e9nie.<\/p>\n","protected":false},"excerpt":{"rendered":"<p>Sa Majest\u00e9 le Roi Mohammed VI, que Dieu L\u2019assiste, a visit\u00e9, mercredi, plusieurs sites historiques ayant fait l\u2019objet de travaux<\/p>\n","protected":false},"author":2,"featured_media":2253,"comment_status":"closed","ping_status":"closed","sticky":false,"template":"","format":"standard","meta":{"footnotes":""},"categories":[3,62,5,7],"tags":[],"class_list":["post-2251","post","type-post","status-publish","format-standard","has-post-thumbnail","hentry","category-accueil","category-afrique","category-maghreb-news","category-presse-marocaine"],"_links":{"self":[{"href":"https:\/\/anatem.info\/index.php?rest_route=\/wp\/v2\/posts\/2251","targetHints":{"allow":["GET"]}}],"collection":[{"href":"https:\/\/anatem.info\/index.php?rest_route=\/wp\/v2\/posts"}],"about":[{"href":"https:\/\/anatem.info\/index.php?rest_route=\/wp\/v2\/types\/post"}],"author":[{"embeddable":true,"href":"https:\/\/anatem.info\/index.php?rest_route=\/wp\/v2\/users\/2"}],"replies":[{"embeddable":true,"href":"https:\/\/anatem.info\/index.php?rest_route=%2Fwp%2Fv2%2Fcomments&post=2251"}],"version-history":[{"count":1,"href":"https:\/\/anatem.info\/index.php?rest_route=\/wp\/v2\/posts\/2251\/revisions"}],"predecessor-version":[{"id":2252,"href":"https:\/\/anatem.info\/index.php?rest_route=\/wp\/v2\/posts\/2251\/revisions\/2252"}],"wp:featuredmedia":[{"embeddable":true,"href":"https:\/\/anatem.info\/index.php?rest_route=\/wp\/v2\/media\/2253"}],"wp:attachment":[{"href":"https:\/\/anatem.info\/index.php?rest_route=%2Fwp%2Fv2%2Fmedia&parent=2251"}],"wp:term":[{"taxonomy":"category","embeddable":true,"href":"https:\/\/anatem.info\/index.php?rest_route=%2Fwp%2Fv2%2Fcategories&post=2251"},{"taxonomy":"post_tag","embeddable":true,"href":"https:\/\/anatem.info\/index.php?rest_route=%2Fwp%2Fv2%2Ftags&post=2251"}],"curies":[{"name":"wp","href":"https:\/\/api.w.org\/{rel}","templated":true}]}}