{"id":2258,"date":"2016-06-27T10:08:34","date_gmt":"2016-06-27T10:08:34","guid":{"rendered":"http:\/\/anatem.info\/?p=2258"},"modified":"2016-06-27T10:08:34","modified_gmt":"2016-06-27T10:08:34","slug":"le-president-portugais-effectue-lundi-une-visite-officielle-au-maroc-a-linvitation-de-sm-le-roi","status":"publish","type":"post","link":"https:\/\/anatem.info\/?p=2258","title":{"rendered":"Le Pr\u00e9sident portugais effectue lundi une visite officielle au Maroc \u00e0 l\u2019invitation de SM le Roi"},"content":{"rendered":"<p style=\"text-align: justify;\"><em>Le Pr\u00e9sident portugais, M. Marcelo Duarte Rebelo de Sousa, effectuera lundi, 27 juin 2016, une visite officielle au Maroc \u00e0 l&rsquo;invitation de SM le Roi Mohammed VI, annonce dimanche (26\/06\/2016) le minist\u00e8re de la Maison Royale, du Protocole et de la Chancellerie dans un communiqu\u00e9, dont voici la traduction :<\/em><\/p>\n<p style=\"text-align: justify;\">\u00ab\u00a0Le minist\u00e8re de la Maison Royale, du Protocole et de la Chancellerie annonce qu\u2019\u00e0 l\u2019invitation de SM le Roi Mohammed VI, que Dieu L\u2019assiste, le Pr\u00e9sident de la R\u00e9publique du Portugal Son Excellence Marcelo Duarte Rebelo de Sousa, effectuera lundi 21 Ramadan 1437 H, correspondant au 27 juin 2016, une visite officielle au Royaume du Maroc.<\/p>\n<p style=\"text-align: justify;\">\u00a0A cette occasion, SM le Roi, que Dieu Le pr\u00e9serve, aura des entretiens officiels avec Son illustre h\u00f4te.<\/p>\n<p style=\"text-align: justify;\">Sa Majest\u00e9 le Roi, que Dieu L\u2019assiste, offrira un Iftar officiel en l\u2019honneur du Pr\u00e9sident portugais et de la d\u00e9l\u00e9gation l\u2019accompagnant au Palais Royal de Casablanca.<\/p>\n<p style=\"text-align: justify;\">Cette visite refl\u00e8te la profondeur et la qualit\u00e9 des relations bilat\u00e9rales fond\u00e9es sur un partenariat ancr\u00e9 et solide gr\u00e2ce \u00e0 la volont\u00e9 commune de consolider les liens multidimensionnels entre les deux pays\u00a0\u00bb.<\/p>\n","protected":false},"excerpt":{"rendered":"<p>Le Pr\u00e9sident portugais, M. Marcelo Duarte Rebelo de Sousa, effectuera lundi, 27 juin 2016, une visite officielle au Maroc \u00e0<\/p>\n","protected":false},"author":2,"featured_media":0,"comment_status":"closed","ping_status":"closed","sticky":false,"template":"","format":"standard","meta":{"footnotes":""},"categories":[3,62,5],"tags":[],"class_list":["post-2258","post","type-post","status-publish","format-standard","hentry","category-accueil","category-afrique","category-maghreb-news"],"_links":{"self":[{"href":"https:\/\/anatem.info\/index.php?rest_route=\/wp\/v2\/posts\/2258","targetHints":{"allow":["GET"]}}],"collection":[{"href":"https:\/\/anatem.info\/index.php?rest_route=\/wp\/v2\/posts"}],"about":[{"href":"https:\/\/anatem.info\/index.php?rest_route=\/wp\/v2\/types\/post"}],"author":[{"embeddable":true,"href":"https:\/\/anatem.info\/index.php?rest_route=\/wp\/v2\/users\/2"}],"replies":[{"embeddable":true,"href":"https:\/\/anatem.info\/index.php?rest_route=%2Fwp%2Fv2%2Fcomments&post=2258"}],"version-history":[{"count":1,"href":"https:\/\/anatem.info\/index.php?rest_route=\/wp\/v2\/posts\/2258\/revisions"}],"predecessor-version":[{"id":2259,"href":"https:\/\/anatem.info\/index.php?rest_route=\/wp\/v2\/posts\/2258\/revisions\/2259"}],"wp:attachment":[{"href":"https:\/\/anatem.info\/index.php?rest_route=%2Fwp%2Fv2%2Fmedia&parent=2258"}],"wp:term":[{"taxonomy":"category","embeddable":true,"href":"https:\/\/anatem.info\/index.php?rest_route=%2Fwp%2Fv2%2Fcategories&post=2258"},{"taxonomy":"post_tag","embeddable":true,"href":"https:\/\/anatem.info\/index.php?rest_route=%2Fwp%2Fv2%2Ftags&post=2258"}],"curies":[{"name":"wp","href":"https:\/\/api.w.org\/{rel}","templated":true}]}}