{"id":2260,"date":"2016-06-28T11:51:12","date_gmt":"2016-06-28T11:51:12","guid":{"rendered":"http:\/\/anatem.info\/?p=2260"},"modified":"2016-06-28T11:51:12","modified_gmt":"2016-06-28T11:51:12","slug":"ceremonie-daccueil-officiel-a-casablanca-du-president-de-la-republique-portugaise","status":"publish","type":"post","link":"https:\/\/anatem.info\/?p=2260","title":{"rendered":"C\u00e9r\u00e9monie d&rsquo;accueil officiel \u00e0 Casablanca du Pr\u00e9sident de la R\u00e9publique portugaise"},"content":{"rendered":"<p style=\"text-align: justify;\">Sa Majest\u00e9 le Roi Mohammed VI, que Dieu L&rsquo;assiste, a pr\u00e9sid\u00e9, lundi en fin d&rsquo;apr\u00e8s-midi \u00e0 la Place du Mechouar au Palais Royal de Casablanca, la c\u00e9r\u00e9monie d&rsquo;accueil officiel du Pr\u00e9sident de la R\u00e9publique portugaise, SEM. Marcelo Nuno Duarte Rebelo de Sousa.<\/p>\n<p style=\"text-align: justify;\">A son arriv\u00e9e \u00e0 la Place du Mechouar, le Pr\u00e9sident portugais a \u00e9t\u00e9 accueilli par Sa Majest\u00e9 le Roi Mohammed VI, que Dieu L&rsquo;assiste, qui \u00e9tait accompagn\u00e9 de SAR le Prince Moulay Rachid.<\/p>\n<p style=\"text-align: justify;\">Le Souverain et SEM. Marcelo Nuno Duarte Rebelo de Sousa ont par la suite gagn\u00e9 la tribune d&rsquo;honneur pour saluer les couleurs nationales au son des hymnes nationaux des deux pays, alors qu&rsquo;une salve de 21 coups de canon retentissait en signe de bienvenue au Chef de l&rsquo;Etat portugais.<\/p>\n<p style=\"text-align: justify;\">SM le Roi Mohammed VI et Son illustre h\u00f4te ont ensuite pass\u00e9 en revue un d\u00e9tachement de la Garde Royale qui rendait les honneurs, avant que le Pr\u00e9sident de la R\u00e9publique portugaise ne soit salu\u00e9 par le Chef du gouvernement, le pr\u00e9sident de la Chambre des Repr\u00e9sentants, le pr\u00e9sident de la Chambre des Conseillers, les Conseillers de SM le Roi et les membres du gouvernement.<\/p>\n<p style=\"text-align: justify;\">SEM. Marcelo Nuno Duarte Rebelo de Sousa a \u00e9galement \u00e9t\u00e9 salu\u00e9 par le premier pr\u00e9sident de la Cour de Cassation, le procureur g\u00e9n\u00e9ral du Roi pr\u00e8s cette Cour, le pr\u00e9sident du Conseil constitutionnel, le pr\u00e9sident de la Cour des comptes, les pr\u00e9sidents des instances constitutionnelles, le directeur du secr\u00e9tariat particulier de SM le Roi, le Chambellan de SM le Roi, le porte-parole du Palais Royal, historiographe du Royaume, le directeur de la Cour Royale et des charg\u00e9s de missions au Cabinet Royal.<\/p>\n<p style=\"text-align: justify;\">Le Chef de l&rsquo;Etat portugais a aussi \u00e9t\u00e9 salu\u00e9 par le doyen du corps diplomatique accr\u00e9dit\u00e9 \u00e0 Rabat, les chefs des missions diplomatiques europ\u00e9ennes accr\u00e9dit\u00e9s au Maroc, les officiers sup\u00e9rieurs de l&rsquo;Etat-Major g\u00e9n\u00e9ral des Forces Arm\u00e9es Royales, le directeur g\u00e9n\u00e9ral de la S\u00fbret\u00e9 nationale et de la Surveillance du territoire national, le directeur g\u00e9n\u00e9ral des Etudes et de la Documentation, le wali de la r\u00e9gion de Casablanca-Settat, les \u00e9lus locaux et les repr\u00e9sentants des autorit\u00e9s civiles et militaires.<\/p>\n<p style=\"text-align: justify;\">Par la suite, SM le Roi a \u00e9t\u00e9 salu\u00e9 par les membres de la d\u00e9l\u00e9gation officielle accompagnant le Pr\u00e9sident de la R\u00e9publique portugaise, compos\u00e9e notamment de Mme Teresa Ribeiro, Secr\u00e9taire d&rsquo;Etat aux Affaires \u00e9trang\u00e8res et \u00e0 la Coop\u00e9ration, Mme Maria Rita Ferro, Ambassadeur de la R\u00e9publique portugaise \u00e0 Rabat, M. Antonio Almeida Lima, Ambassadeur, Chef du Protocole d&rsquo;Etat, M. Francisco Duarte Lopes, Ambassadeur, Directeur G\u00e9n\u00e9ral de la Politique Ext\u00e9rieure, et M. Jos\u00e9 Augusto Duarte, Ambassadeur, Conseiller Diplomatique.<\/p>\n<p style=\"text-align: justify;\">SEM. Marcelo Nuno Duarte Rebelo de Sousa a ensuite \u00e9t\u00e9 salu\u00e9 par les membres du comit\u00e9 d&rsquo;honneur, notamment M. Moulay Hafid Elalamy, ministre de l&rsquo;Industrie, du Commerce, de l&rsquo;Investissement et de l&rsquo;Economie num\u00e9rique, et Mme Karima Benyaich, ambassadeur de SM le Roi \u00e0 Lisbonne.<\/p>\n<p style=\"text-align: justify;\">La visite officielle du pr\u00e9sident portugais au Maroc refl\u00e8te l&rsquo;excellence des relations d\u2019amiti\u00e9 profonde, de coop\u00e9ration fructueuse et de solidarit\u00e9 agissante entre le Maroc et le Portugal. Des relations qui tirent leur force de l&rsquo;histoire commune des deux pays et des nobles valeurs que les deux peuples amis ont en partage.<\/p>\n","protected":false},"excerpt":{"rendered":"<p>Sa Majest\u00e9 le Roi Mohammed VI, que Dieu L&rsquo;assiste, a pr\u00e9sid\u00e9, lundi en fin d&rsquo;apr\u00e8s-midi \u00e0 la Place du Mechouar<\/p>\n","protected":false},"author":2,"featured_media":0,"comment_status":"closed","ping_status":"closed","sticky":false,"template":"","format":"standard","meta":{"footnotes":""},"categories":[3,62,5,7],"tags":[],"class_list":["post-2260","post","type-post","status-publish","format-standard","hentry","category-accueil","category-afrique","category-maghreb-news","category-presse-marocaine"],"_links":{"self":[{"href":"https:\/\/anatem.info\/index.php?rest_route=\/wp\/v2\/posts\/2260","targetHints":{"allow":["GET"]}}],"collection":[{"href":"https:\/\/anatem.info\/index.php?rest_route=\/wp\/v2\/posts"}],"about":[{"href":"https:\/\/anatem.info\/index.php?rest_route=\/wp\/v2\/types\/post"}],"author":[{"embeddable":true,"href":"https:\/\/anatem.info\/index.php?rest_route=\/wp\/v2\/users\/2"}],"replies":[{"embeddable":true,"href":"https:\/\/anatem.info\/index.php?rest_route=%2Fwp%2Fv2%2Fcomments&post=2260"}],"version-history":[{"count":1,"href":"https:\/\/anatem.info\/index.php?rest_route=\/wp\/v2\/posts\/2260\/revisions"}],"predecessor-version":[{"id":2261,"href":"https:\/\/anatem.info\/index.php?rest_route=\/wp\/v2\/posts\/2260\/revisions\/2261"}],"wp:attachment":[{"href":"https:\/\/anatem.info\/index.php?rest_route=%2Fwp%2Fv2%2Fmedia&parent=2260"}],"wp:term":[{"taxonomy":"category","embeddable":true,"href":"https:\/\/anatem.info\/index.php?rest_route=%2Fwp%2Fv2%2Fcategories&post=2260"},{"taxonomy":"post_tag","embeddable":true,"href":"https:\/\/anatem.info\/index.php?rest_route=%2Fwp%2Fv2%2Ftags&post=2260"}],"curies":[{"name":"wp","href":"https:\/\/api.w.org\/{rel}","templated":true}]}}