{"id":2262,"date":"2016-06-28T11:53:00","date_gmt":"2016-06-28T11:53:00","guid":{"rendered":"http:\/\/anatem.info\/?p=2262"},"modified":"2016-06-28T11:53:00","modified_gmt":"2016-06-28T11:53:00","slug":"entretiens-en-tete-a-tete-entre-sm-le-roi-et-le-president-portugais","status":"publish","type":"post","link":"https:\/\/anatem.info\/?p=2262","title":{"rendered":"Entretiens en t\u00eate-\u00e0-t\u00eate entre SM le Roi et le Pr\u00e9sident portugais"},"content":{"rendered":"<p style=\"text-align: justify;\">Casablanca\u00a0 &#8211; \u00a027 Juin 2016- Sa Majest\u00e9 le Roi Mohammed VI, que Dieu L&rsquo;assiste, a eu, lundi au Palais Royal de Casablanca, des entretiens en t\u00eate-\u00e0-t\u00eate avec le Pr\u00e9sident de la R\u00e9publique portugaise, SEM. Marcelo Nuno Duarte Rebelo de Sousa, qui effectue une visite officielle au Royaume du Maroc.<\/p>\n<p style=\"text-align: justify;\">A cette occasion, Le Souverain a d\u00e9cor\u00e9 le Chef de l&rsquo;Etat portugais du Ouissam Al Mohammadi de classe exceptionnelle, la plus haute distinction du Royaume.<\/p>\n<p style=\"text-align: justify;\">SEM. Marcelo Nuno Duarte Rebelo de Sousa a, pour sa part, d\u00e9cor\u00e9 SM le Roi du Grand Collier de l&rsquo;ordre militaire de Saint Jacques de l\u2019\u00e9p\u00e9e (Grande-Colar da Ordem Militar Sant&rsquo;Iago da Espada), la plus importante d\u00e9coration honorifique portugaise d\u00e9cern\u00e9e par le Pr\u00e9sident de la R\u00e9publique aux chefs d&rsquo;?tat \u00e9trangers.<\/p>\n<p style=\"text-align: justify;\">Sa Majest\u00e9 le Roi Mohammed VI avait pr\u00e9sid\u00e9 auparavant, \u00e0 la Place du Mechouar au Palais Royal de Casablanca, la c\u00e9r\u00e9monie d&rsquo;accueil officiel du Pr\u00e9sident Portugais.<\/p>\n","protected":false},"excerpt":{"rendered":"<p>Casablanca\u00a0 &#8211; \u00a027 Juin 2016- Sa Majest\u00e9 le Roi Mohammed VI, que Dieu L&rsquo;assiste, a eu, lundi au Palais Royal<\/p>\n","protected":false},"author":2,"featured_media":0,"comment_status":"closed","ping_status":"closed","sticky":false,"template":"","format":"standard","meta":{"footnotes":""},"categories":[3,62,4,5,7],"tags":[],"class_list":["post-2262","post","type-post","status-publish","format-standard","hentry","category-accueil","category-afrique","category-competences-mre","category-maghreb-news","category-presse-marocaine"],"_links":{"self":[{"href":"https:\/\/anatem.info\/index.php?rest_route=\/wp\/v2\/posts\/2262","targetHints":{"allow":["GET"]}}],"collection":[{"href":"https:\/\/anatem.info\/index.php?rest_route=\/wp\/v2\/posts"}],"about":[{"href":"https:\/\/anatem.info\/index.php?rest_route=\/wp\/v2\/types\/post"}],"author":[{"embeddable":true,"href":"https:\/\/anatem.info\/index.php?rest_route=\/wp\/v2\/users\/2"}],"replies":[{"embeddable":true,"href":"https:\/\/anatem.info\/index.php?rest_route=%2Fwp%2Fv2%2Fcomments&post=2262"}],"version-history":[{"count":1,"href":"https:\/\/anatem.info\/index.php?rest_route=\/wp\/v2\/posts\/2262\/revisions"}],"predecessor-version":[{"id":2263,"href":"https:\/\/anatem.info\/index.php?rest_route=\/wp\/v2\/posts\/2262\/revisions\/2263"}],"wp:attachment":[{"href":"https:\/\/anatem.info\/index.php?rest_route=%2Fwp%2Fv2%2Fmedia&parent=2262"}],"wp:term":[{"taxonomy":"category","embeddable":true,"href":"https:\/\/anatem.info\/index.php?rest_route=%2Fwp%2Fv2%2Fcategories&post=2262"},{"taxonomy":"post_tag","embeddable":true,"href":"https:\/\/anatem.info\/index.php?rest_route=%2Fwp%2Fv2%2Ftags&post=2262"}],"curies":[{"name":"wp","href":"https:\/\/api.w.org\/{rel}","templated":true}]}}