{"id":2275,"date":"2016-07-04T18:53:22","date_gmt":"2016-07-04T18:53:22","guid":{"rendered":"http:\/\/anatem.info\/?p=2275"},"modified":"2016-07-04T18:54:25","modified_gmt":"2016-07-04T18:54:25","slug":"2275","status":"publish","type":"post","link":"https:\/\/anatem.info\/?p=2275","title":{"rendered":"La France r\u00e9tablit la r\u00e9alit\u00e9 avec l&rsquo;agence de presse officielle alg\u00e9rienne (APS)"},"content":{"rendered":"<p style=\"text-align: justify;\"><img fetchpriority=\"high\" decoding=\"async\" class=\"size-full wp-image-2276 alignleft\" src=\"http:\/\/anatem.info\/wp-content\/uploads\/2016\/07\/boutefliqa-e1467658335289.jpg\" alt=\"boutefliqa\" width=\"350\" height=\"265\" \/>Suite \u00e0 un report, qualifi\u00e9 de technique, par les autorit\u00e9s comp\u00e9tentes fran\u00e7aises et marocaines de la visite au Maroc du Ministre fran\u00e7ais des Affaires Etrang\u00e8res, Monsieur Jean-Marc Ayrault, l&rsquo;agence officielle de presse alg\u00e9rienne APS s&rsquo;est fendue, dans un article, comme toujours tendancieux lorsqu&rsquo;il s&rsquo;agit du Maroc, sur une soi-disant brouille entre Rabat et Paris sur le dossier du Sahara marocain.<\/p>\n<p style=\"text-align: justify;\">Mal lui en pris, la r\u00e9ponse de autorit\u00e9s fran\u00e7aises comp\u00e9tentes en la mati\u00e8re a \u00e9t\u00e9 des plus cinglantes.<\/p>\n<p style=\"text-align: justify;\">En effet, le 02 juillet 2016, le porte-parole du Quai d&rsquo;Orsay, Monsieur Romain Nadal, a oppos\u00e9 un d\u00e9menti formel aux all\u00e9gations fallacieuses de l&rsquo;APS sur un quelconque diff\u00e9rend entre le Maroc et la France sur le dossier du Sahara, arguant que \u00a0\u00bb la relation franco-marocain \u00e9tait en plein essor, tout en ajoutant que \u00a0\u00bb la position de la France sur le dossier du Sahara est bien connue et inchang\u00e9e \u00a0\u00bb .<br \/>\nFace \u00e0 ce nouvel \u00e9chec d&rsquo;intoxication m\u00e9diatique, j&rsquo;invite les journalistes de l&rsquo;APS \u00e0 nous livrer leurs commentaires sur la derni\u00e8re interview du G\u00e9n\u00e9ral en retraite Khaled Nezzar, qui vient de r\u00e9v\u00e9ler que le Pr\u00e9sident Mohamed Boudiaf, un leader de l&rsquo;ind\u00e9pendance alg\u00e9rienne, a \u00e9t\u00e9 assassin\u00e9 sur ordre du service de renseignement alg\u00e9rien, le DRS, en raison de son rejet total du polisario, pure cr\u00e9ation de Houari Boumediene pour d\u00e9stabiliser le Maroc.<br \/>\nJe les invite \u00e9galement \u00e0 informer un peu plus le lectorat alg\u00e9rien sur ce qui se passe dans leur pays sur les plans social, \u00e9conomique et politique ; un pays qui va tomber bient\u00f4t en faillite suite \u00e0 la baisse des prix des hydrocarbures et \u00e0 l&rsquo;\u00e9vaporation des fonds souverains qui permettent d&rsquo;acheter les denr\u00e9es alimentaires au peuple alg\u00e9rien qui commence \u00e0 en ressentir les effets.<br \/>\nM\u00eame l&rsquo;assureur-cr\u00e9dit COFACE a r\u00e9trograd\u00e9 l&rsquo;Alg\u00e9rie l&rsquo;a pla\u00e7ant \u00e0 \u00ab\u00a0risque tr\u00e8s \u00e9lev\u00e9\u00a0\u00bb ; une d\u00e9cision qui se comprend en raison de son d\u00e9ficit budg\u00e9taire qui se chiffre \u00e0 plus de 30 milliards de Dollars, des soci\u00e9t\u00e9s \u00e9trang\u00e8res qui refusent d&rsquo;investir dans ce pays et d&rsquo;autres qui se retirent, comme TOTAL.<br \/>\nL&rsquo;\u00e9t\u00e9 sera chaud en Alg\u00e9rie. Les pr\u00e9mices de cette chaleur se sont d\u00e9j\u00e0 manifest\u00e9es avec les derni\u00e8res \u00e9meutes violentes survenues \u00e0 Annaba, les coupures d&rsquo;\u00e9lectricit\u00e9 \u00e0 Alger et dans d&rsquo;autres villes alg\u00e9riennes, les coupures d&rsquo;eau dans de nombreuses agglom\u00e9rations et les ordures m\u00e9nag\u00e8res qui d\u00e9bordent dans les rues sans parler de la violence et de la traite des \u00eatres humains, comme vient de le d\u00e9noncer le D\u00e9partement d&rsquo;Etat am\u00e9ricain dans son dernier rapport.<\/p>\n<p style=\"text-align: justify;\">Farid Mnebhi.<\/p>\n","protected":false},"excerpt":{"rendered":"<p>Suite \u00e0 un report, qualifi\u00e9 de technique, par les autorit\u00e9s comp\u00e9tentes fran\u00e7aises et marocaines de la visite au Maroc du<\/p>\n","protected":false},"author":2,"featured_media":0,"comment_status":"closed","ping_status":"closed","sticky":false,"template":"","format":"standard","meta":{"footnotes":""},"categories":[3,62,5],"tags":[],"class_list":["post-2275","post","type-post","status-publish","format-standard","hentry","category-accueil","category-afrique","category-maghreb-news"],"_links":{"self":[{"href":"https:\/\/anatem.info\/index.php?rest_route=\/wp\/v2\/posts\/2275","targetHints":{"allow":["GET"]}}],"collection":[{"href":"https:\/\/anatem.info\/index.php?rest_route=\/wp\/v2\/posts"}],"about":[{"href":"https:\/\/anatem.info\/index.php?rest_route=\/wp\/v2\/types\/post"}],"author":[{"embeddable":true,"href":"https:\/\/anatem.info\/index.php?rest_route=\/wp\/v2\/users\/2"}],"replies":[{"embeddable":true,"href":"https:\/\/anatem.info\/index.php?rest_route=%2Fwp%2Fv2%2Fcomments&post=2275"}],"version-history":[{"count":2,"href":"https:\/\/anatem.info\/index.php?rest_route=\/wp\/v2\/posts\/2275\/revisions"}],"predecessor-version":[{"id":2278,"href":"https:\/\/anatem.info\/index.php?rest_route=\/wp\/v2\/posts\/2275\/revisions\/2278"}],"wp:attachment":[{"href":"https:\/\/anatem.info\/index.php?rest_route=%2Fwp%2Fv2%2Fmedia&parent=2275"}],"wp:term":[{"taxonomy":"category","embeddable":true,"href":"https:\/\/anatem.info\/index.php?rest_route=%2Fwp%2Fv2%2Fcategories&post=2275"},{"taxonomy":"post_tag","embeddable":true,"href":"https:\/\/anatem.info\/index.php?rest_route=%2Fwp%2Fv2%2Ftags&post=2275"}],"curies":[{"name":"wp","href":"https:\/\/api.w.org\/{rel}","templated":true}]}}