{"id":2279,"date":"2016-07-11T11:13:08","date_gmt":"2016-07-11T11:13:08","guid":{"rendered":"http:\/\/anatem.info\/?p=2279"},"modified":"2016-07-11T11:13:08","modified_gmt":"2016-07-11T11:13:08","slug":"la-zambie-retire-sa-reconnaissance-de-la-pseudo-rasd","status":"publish","type":"post","link":"https:\/\/anatem.info\/?p=2279","title":{"rendered":"La Zambie retire sa reconnaissance de la pseudo \u00a0\u00bbRASD\u00a0\u00bb"},"content":{"rendered":"<p style=\"text-align: justify;\">Rabat, 09\/07\/2016 (MAP), La Zambie a d\u00e9cid\u00e9 de retirer sa reconnaissance de la pseudo \u00a0\u00bbRASD\u2019\u2019, a annonc\u00e9, samedi soir \u00e0 Rabat, le ministre zambien des Affaires \u00e9trang\u00e8res, Harry Kalaba.<\/p>\n<p style=\"text-align: justify;\">\u00a0\u00bbLe gouvernement de la R\u00e9publique de Zambie a d\u00e9cid\u00e9 de retirer sa reconnaissance de la pseudo \u00a0\u00bbRASD\u2019\u2019 et de rompre ses relations diplomatiques avec cette entit\u00e9\u2019\u2019, a d\u00e9clar\u00e9 M. Kalaba lors d\u2019un point de presse conjoint avec le ministre d\u00e9l\u00e9gu\u00e9 aupr\u00e8s du ministre des Affaires \u00e9trang\u00e8res et de la Coop\u00e9ration, Nasser Bourita.<\/p>\n<p style=\"text-align: justify;\">Le gouvernement de la R\u00e9publique de Zambie exprime \u00a0\u00bbson soutien ferme\u2019\u2019 aux efforts d\u00e9ploy\u00e9s par les Nations Unies, sous les auspices du Conseil de s\u00e9curit\u00e9 et du Secr\u00e9taire g\u00e9n\u00e9ral (de l\u2019ONU), pour parvenir \u00e0 une solution politique, juste, durable et mutuellement acceptable au conflit du Sahara, conform\u00e9ment aux r\u00e9solutions pertinentes du Conseil de s\u00e9curit\u00e9, a affirm\u00e9 M. Kalaba.<\/p>\n<p style=\"text-align: justify;\">\u00a0\u00bbDans l\u2019attente d\u2019une issue du processus onusien et suite \u00e0 ce qui a \u00e9t\u00e9 avanc\u00e9, le gouvernement zambien va maintenir une position neutre\u2019\u2019, a affirm\u00e9 le diplomate zambien.<\/p>\n<p style=\"text-align: justify;\">Pour sa part, M. Bourita a rappel\u00e9 que la R\u00e9publique de Zambie, qui avait reconnu la pseudo \u00a0\u00bbRASD\u2019\u2019 en 1979 en soutien \u00e0 la th\u00e8se s\u00e9paratiste, a d\u00e9cid\u00e9 le gel de cette reconnaissance en 2011 avant de revenir sur cette d\u00e9cision en 2013 pour des raisons politiques.<\/p>\n<p style=\"text-align: justify;\">\u00a0\u00bbAujourd\u2019hui, ce retrait de reconnaissance ouvrira une nouvelle page dans les relations maroco-zambiennes et contribuera \u00e0 la promotion des \u00e9changes bilat\u00e9raux \u00e0 tous les niveaux\u00a0\u00bb, a assur\u00e9 M. Bourita.<\/p>\n","protected":false},"excerpt":{"rendered":"<p>Rabat, 09\/07\/2016 (MAP), La Zambie a d\u00e9cid\u00e9 de retirer sa reconnaissance de la pseudo \u00a0\u00bbRASD\u2019\u2019, a annonc\u00e9, samedi soir \u00e0<\/p>\n","protected":false},"author":2,"featured_media":0,"comment_status":"closed","ping_status":"closed","sticky":false,"template":"","format":"standard","meta":{"footnotes":""},"categories":[3,62,8],"tags":[],"class_list":["post-2279","post","type-post","status-publish","format-standard","hentry","category-accueil","category-afrique","category-provinces-du-sud"],"_links":{"self":[{"href":"https:\/\/anatem.info\/index.php?rest_route=\/wp\/v2\/posts\/2279","targetHints":{"allow":["GET"]}}],"collection":[{"href":"https:\/\/anatem.info\/index.php?rest_route=\/wp\/v2\/posts"}],"about":[{"href":"https:\/\/anatem.info\/index.php?rest_route=\/wp\/v2\/types\/post"}],"author":[{"embeddable":true,"href":"https:\/\/anatem.info\/index.php?rest_route=\/wp\/v2\/users\/2"}],"replies":[{"embeddable":true,"href":"https:\/\/anatem.info\/index.php?rest_route=%2Fwp%2Fv2%2Fcomments&post=2279"}],"version-history":[{"count":1,"href":"https:\/\/anatem.info\/index.php?rest_route=\/wp\/v2\/posts\/2279\/revisions"}],"predecessor-version":[{"id":2280,"href":"https:\/\/anatem.info\/index.php?rest_route=\/wp\/v2\/posts\/2279\/revisions\/2280"}],"wp:attachment":[{"href":"https:\/\/anatem.info\/index.php?rest_route=%2Fwp%2Fv2%2Fmedia&parent=2279"}],"wp:term":[{"taxonomy":"category","embeddable":true,"href":"https:\/\/anatem.info\/index.php?rest_route=%2Fwp%2Fv2%2Fcategories&post=2279"},{"taxonomy":"post_tag","embeddable":true,"href":"https:\/\/anatem.info\/index.php?rest_route=%2Fwp%2Fv2%2Ftags&post=2279"}],"curies":[{"name":"wp","href":"https:\/\/api.w.org\/{rel}","templated":true}]}}