{"id":2285,"date":"2016-07-19T10:17:57","date_gmt":"2016-07-19T10:17:57","guid":{"rendered":"http:\/\/anatem.info\/?p=2285"},"modified":"2016-07-19T11:11:26","modified_gmt":"2016-07-19T11:11:26","slug":"texte-integral-du-message-adresse-par-le-roi-du-maroc-au-27eme-sommet-de-lua","status":"publish","type":"post","link":"https:\/\/anatem.info\/?p=2285","title":{"rendered":"Texte int\u00e9gral du message adress\u00e9 par le Roi du Maroc au 27\u00e8me sommet de l&rsquo;UA"},"content":{"rendered":"<p style=\"text-align: justify;\">Voici le texte int\u00e9gral du message adress\u00e9 par le Roi du Maroc, le 17 juillet 2016, \u00a0au 27-\u00e8me sommet de l&rsquo;Union Africaine, qui se tient \u00e0 Kigali.<\/p>\n<p style=\"text-align: justify;\">\u00ab\u00a0Louange \u00e0 Dieu,<\/p>\n<p style=\"text-align: justify;\">Pri\u00e8re et salut sur le proph\u00e8te sa famille et ses compagnons<\/p>\n<p style=\"text-align: justify;\">Son Excellence Idriss D\u00e9by Itno, Pr\u00e9sident de la R\u00e9publique du Tchad, Pr\u00e9sident du 27\u00e8me Sommet de l&rsquo;Union Africaine,<\/p>\n<p style=\"text-align: justify;\">Son Excellence Paul Kagame, Pr\u00e9sident de la R\u00e9publique du Rwanda, H\u00f4te du Sommet,<\/p>\n<p style=\"text-align: justify;\">Mesdames et Messieurs les Chefs d\u2019Etat et de Gouvernement,<\/p>\n<p style=\"text-align: justify;\">Excellences, Mesdames et Messieurs.<\/p>\n<p style=\"text-align: justify;\">C\u2019est avec une vive \u00e9motion que Je M\u2019adresse, aujourd\u2019hui, \u00e0 notre grande et noble famille africaine.<\/p>\n<p style=\"text-align: justify;\">Je le fais en tant que petit &#8211; fils de SA MAJESTE LE ROI MOHAMMED V qui fut l\u2019un des puissants symboles de l\u2019\u00e9panouissement de la conscience panafricaine et l\u2019un des artisans les plus engag\u00e9s &#8211; aux cot\u00e9s des Pr\u00e9sidents Jamal Abdel Nasser, Ferhat Abbes, Modibo Keita, Sekou Tour\u00e9, Kwame N\u2019Kruma &#8211; de la Conf\u00e9rence historique de Casablanca de 1961, annonciatrice d\u2019une Afrique \u00e9mancip\u00e9e et fondatrice de l\u2019int\u00e9gration africaine.<\/p>\n<p style=\"text-align: justify;\">Je le fais en tant que fils de SA MAJESTE LE ROI HASSAN II qui a r\u00e9uni, la m\u00eame ann\u00e9e, la Conf\u00e9rence des Mouvements de lib\u00e9ration des colonies sous domination portugaise en Afrique, contribu\u00e9 patiemment \u00e0 la stabilit\u00e9 de plusieurs r\u00e9gions de notre Continent et permis de renforcer les liens d\u2019amiti\u00e9 et de fraternit\u00e9 avec de nombreux pays africains.<\/p>\n<p style=\"text-align: justify;\">Je le fais aussi en tant que ROI D\u2019UN PAYS AFRICAIN. Un pays dont l\u2019identit\u00e9 est le fruit d\u2019un d\u00e9terminisme g\u00e9ographique, d\u2019une histoire commune travers\u00e9e d\u2019\u00e9v\u00e8nements marquants, d\u2019un brassage humain enrichi de si\u00e8cle en si\u00e8cle et de valeurs culturelles et spirituelles ancestrales.<\/p>\n<p style=\"text-align: justify;\">Un pays dont l\u2019engagement en faveur des justes causes n\u2019est plus \u00e0 d\u00e9montrer. Un pays qui a toujours \u00e9t\u00e9 et sera toujours, anim\u00e9 par une foi in\u00e9branlable en une Afrique forte de ses richesses et potentialit\u00e9s \u00e9conomiques, fi\u00e8re de son patrimoine culturel et cultuel et confiante en son avenir.<\/p>\n<p style=\"text-align: justify;\">\u00a0Monsieur le Pr\u00e9sident,<\/p>\n<p style=\"text-align: justify;\">Mesdames et Messieurs les Chefs d\u2019Etat et de Gouvernement,<\/p>\n<p style=\"text-align: justify;\">Le Maroc \u2013 n\u2019\u00e9tant plus membre de l\u2019OUA &#8211; ne s\u2019est jamais s\u00e9par\u00e9 de l\u2019Afrique.<\/p>\n<p style=\"text-align: justify;\">\u00ab Africain est le Maroc. Africain, il le demeurera. Et nous tous Marocains restons au service de l\u2019Afrique\u2026 nous serons \u00e0 l\u2019avant- garde pour pr\u00e9server la dignit\u00e9 du citoyen africain et le respect de notre Continent\u2026 \u00bb. Tels \u00e9taient les propos de Sa Majest\u00e9 le Roi Hassan II, dans son Message au XX \u00e8me Sommet de l\u2019OUA, annon\u00e7ant le retrait du Maroc, le 12 Novembre 1984.<\/p>\n<p style=\"text-align: justify;\">Les paroles du Regrett\u00e9 Souverain \u00e9taient proph\u00e9tiques et la conclusion est \u00e9vidente : le Maroc a tenu sa promesse.<\/p>\n<p style=\"text-align: justify;\">En effet, plus de trois d\u00e9cennies plus tard, jamais l\u2019Afrique n\u2019a \u00e9t\u00e9 autant au c\u0153ur de la politique \u00e9trang\u00e8re et de l\u2019action internationale du Maroc.<\/p>\n<p style=\"text-align: justify;\">Il a ainsi d\u00e9velopp\u00e9 un mod\u00e8le unique, authentique et tangible de coop\u00e9ration SUD-SUD, qui a permis, non seulement, de consolider les domaines traditionnels de la formation et de l\u2019assistance technique, mais \u00e9galement d\u2019investir de nouveaux secteurs strat\u00e9giques comme la s\u00e9curit\u00e9 alimentaire et le d\u00e9veloppement des infrastructures.<\/p>\n<p style=\"text-align: justify;\">Ce processus n\u2019est pas pr\u00eat de s\u2019arr\u00eater. Il est, h\u00e9las pour certains, irr\u00e9versible.<\/p>\n<p style=\"text-align: justify;\">L\u2019importante implication des op\u00e9rateurs marocains et leur forte pr\u00e9sence dans le domaine de la banque, des assurances, du transport a\u00e9rien, des t\u00e9l\u00e9communications et du logement, font que le Royaume est \u00e0 l\u2019heure actuelle le premier investisseur africain en Afrique de l\u2019Ouest.<\/p>\n<p style=\"text-align: justify;\">Il est d\u00e9j\u00e0 le deuxi\u00e8me investisseur du Continent, mais pour peu de temps encore, avec sa volont\u00e9 affich\u00e9e de devenir le premier.<\/p>\n<p style=\"text-align: justify;\">De plus, le Maroc appartient \u00e0 deux des huit Communaut\u00e9s \u00e9conomiques R\u00e9gionales relevant de l\u2019Union Africaine, en l\u2019occurrence l\u2019Union du Maghreb Arabe (UMA) et la Communaut\u00e9 des Etats Sah\u00e9lo-Sahariens (la CENSAD).<\/p>\n<p style=\"text-align: justify;\">Il jouit d\u2019un statut d\u2019Observateur aupr\u00e8s de la Communaut\u00e9 Economique des Etats de l\u2019Afrique de l\u2019Ouest (CEDEAO) et aspire \u00e0 un partenariat prometteur avec la Communaut\u00e9 Economique des Etats d\u2019Afrique Centrale (CEEAC). Il a \u00e9t\u00e9, en outre, initiateur, en 2009, de la Conf\u00e9rence Minist\u00e9rielle des Etats africains Riverains de l\u2019Atlantique.<\/p>\n<p style=\"text-align: justify;\">Par ailleurs, la participation du Royaume \u00e0 tous les partenariats bi-r\u00e9gionaux et bi-continentaux de l\u2019Afrique est un t\u00e9moignage suppl\u00e9mentaire de sa disponibilit\u00e9 \u00e0 toujours d\u00e9fendre les int\u00e9r\u00eats du Continent, sur le plan international, et \u00e0 mettre \u00e0 contribution son r\u00e9seau d\u2019\u00e9changes au service des relations de l\u2019Afrique avec le reste du monde.<\/p>\n<p style=\"text-align: justify;\">Enfin, fid\u00e8le \u00e0 sa tradition de solidarit\u00e9 et \u00e0 son aspiration \u00e0 la paix dans le monde, le Royaume du Maroc n\u2019a pas cess\u00e9, depuis son d\u00e9part de l\u2019OUA, de prendre de multiples initiatives en faveur de la stabilit\u00e9 et la s\u00e9curit\u00e9.<\/p>\n<p style=\"text-align: justify;\">Il s\u2019agit, notamment, de la contribution aux op\u00e9rations de maintien de la paix en C\u00f4te d\u2019Ivoire , en R\u00e9publique D\u00e9mocratique du Congo et en R\u00e9publique Centrafricaine, aux efforts de m\u00e9diation dans la r\u00e9gion du \u00ab Fleuve MANO \u00bb, et r\u00e9cemment en Libye et \u00e0 la reconstruction post -conflit en Guin\u00e9e, au Sierra L\u00e9one, au Mali et en Guin\u00e9e Bissau.<\/p>\n<p style=\"text-align: justify;\">La liste des engagements pris par le Maroc dans ces divers domaines est trop longue \u00e0 \u00e9num\u00e9rer. Vous Me permettrez d\u2019en rester l\u00e0, par pudeur et pr\u00e9s\u00e9ance.<\/p>\n<p style=\"text-align: justify;\">\u00a0Malgr\u00e9 ces \u00e9vidences, certains pays continuent de pr\u00e9tendre que le Maroc n\u2019a pas vocation \u00e0 repr\u00e9senter l\u2019Afrique, parce que sa population ne serait pas majoritairement noire. L\u2019Afrique ne se r\u00e9sume pas \u00e0 une couleur. Continuer \u00e0 l\u2019insinuer, c\u2019est mal connaitre nos r\u00e9alit\u00e9s.<\/p>\n<p style=\"text-align: justify;\">\u00a0Je connais l\u2019Afrique et ses cultures mieux que ne peuvent le pr\u00e9tendre beaucoup d\u2019autres. De par Mes multiples visites, Je connais aussi la r\u00e9alit\u00e9 du terrain, et l\u2019affirme en mesurant Mes Mots. Une r\u00e9alit\u00e9 faite de d\u00e9fis quotidiens importants, de manque de ressources, mais \u00e9galement de dignit\u00e9, d\u2019histoires r\u00e9ussies et d\u2019engagement citoyen.<\/p>\n<p style=\"text-align: justify;\">\u00a0C\u2019est pourquoi tous ceux qui d\u00e9nigrent le Maroc font du tort, en fait, aux Africains eux-m\u00eames. La popularit\u00e9 du Royaume et sa dimension en Afrique, n\u2019\u00e9tant plus \u00e0 d\u00e9montrer, ni \u00e0 prouver.<\/p>\n<p style=\"text-align: justify;\">\u00a0Je ne suis pas l\u00e0 pour me faire le chantre de la pr\u00e9sence du Maroc en Afrique. Les r\u00e9sultats parlent d\u2019eux-m\u00eames et se passent de tout commentaire.<\/p>\n<p style=\"text-align: justify;\">\u00a0Je ne suis pas l\u00e0, non plus, pour donner des le\u00e7ons \u00e0 quiconque. Je respecte trop les Africains pour le faire.<\/p>\n<p style=\"text-align: justify;\">\u00a0Monsieur le Pr\u00e9sident,<\/p>\n<p style=\"text-align: justify;\">Mesdames et Messieurs les Chefs d\u2019Etat et de Gouvernement,<\/p>\n<p style=\"text-align: justify;\">Le Maroc, qui a quitt\u00e9 l\u2019OUA n\u2019a jamais quitt\u00e9 l\u2019Afrique. Il a seulement quitt\u00e9 une institution, en 1984, dans des circonstances toutes particuli\u00e8res.<\/p>\n<p style=\"text-align: justify;\">\u00a0Sa relation passionnelle avec son Continent explique le sentiment l\u00e9gitime que la reconnaissance d\u2019un pseudo \u00e9tat \u00e9tait dure \u00e0 accepter par le peuple marocain.<\/p>\n<p style=\"text-align: justify;\">\u00a0Il est, en effet, difficile d\u2019admettre que le Royaume, Nation p\u00e9renne et ancestrale, soit compar\u00e9 \u00e0 une entit\u00e9 ne disposant d\u2019aucun attribut de souverainet\u00e9, d\u00e9munie de toute repr\u00e9sentativit\u00e9 ou effectivit\u00e9.<\/p>\n<p style=\"text-align: justify;\">\u00a0Cette conviction qu\u2019il y avait l\u00e0 une blessure, Je r\u00eavais depuis des ann\u00e9es de vous la confier. Aujourd\u2019hui, s\u2019offre l\u2019opportunit\u00e9 de le faire. Et J\u2019ai la certitude qu\u2019elle trouvera dans cette noble assembl\u00e9e une \u00e9coute attentive et sereine.<\/p>\n<p style=\"text-align: justify;\">\u00a0Ce fait accompli immoral, ce coup d\u2019\u00e9tat contre la l\u00e9galit\u00e9 internationale, ont amen\u00e9 le Royaume du Maroc \u00e0 \u00e9viter la division de l\u2019Afrique au prix d\u2019une douloureuse d\u00e9cision, celle de quitter sa famille institutionnelle.<\/p>\n<p style=\"text-align: justify;\">\u00a0Le peuple marocain, unanime, et l\u2019ensemble de ses forces ont estim\u00e9 inacceptable cette adh\u00e9sion, par effraction et connivence, d\u2019une entit\u00e9 non souveraine.<\/p>\n<p style=\"text-align: justify;\">\u00a0L\u2019histoire retiendra cet \u00e9pisode comme une tromperie, un d\u00e9tournement de proc\u00e9dures, au service d\u2019on ne sait quels int\u00e9r\u00eats. Un acte comparable \u00e0 un d\u00e9tournement de mineur, l\u2019OUA \u00e9tant encore, adolescente \u00e0 cette \u00e9poque.<\/p>\n<p style=\"text-align: justify;\">\u00a0Comment en sommes-nous arriv\u00e9s l\u00e0 ? La r\u00e9ponse, J\u2019en suis certain, tout le monde la connait, et s\u2019impose d\u2019elle-m\u00eame.<\/p>\n<p style=\"text-align: justify;\">\u00a0Le temps est venu d\u2019\u00e9carter les manipulations, le financement des s\u00e9paratismes, de cesser d\u2019entretenir, en Afrique, des conflits d\u2019un autre \u00e2ge, pour ne privil\u00e9gier qu\u2019un choix, celui du d\u00e9veloppement humain et durable, de la lutte contre la pauvret\u00e9 et la malnutrition, de la promotion de la sant\u00e9 de nos peuples, de l\u2019\u00e9ducation de nos enfants, et de l\u2019\u00e9l\u00e9vation du niveau de vie de tous.<\/p>\n<p style=\"text-align: justify;\">\u00a0Cet imp\u00e9ratif \u00e9thique rejette et condamne les errements du pass\u00e9 et les actes \u00e0 contre courant du sens de l\u2019histoire.<\/p>\n<p style=\"text-align: justify;\">\u00a0Monsieur le Pr\u00e9sident<\/p>\n<p style=\"text-align: justify;\">Mesdames et Messieurs les Chefs d\u2019Etat et de Gouvernement,<\/p>\n<p style=\"text-align: justify;\">Le d\u00e9fi qui demeure \u00e0 relever, pour notre continent, plus d\u2019une d\u00e9cennie apr\u00e8s la naissance de l\u2019Union Africaine, est celui de l\u2019unit\u00e9 et de la coh\u00e9sion de notre grande famille.<\/p>\n<p style=\"text-align: justify;\">\u00a0Pour le r\u00e9aliser, il nous faudra emprunter la voie de la lucidit\u00e9 et du courage, celle que nos ain\u00e9s, les premiers panafricains avaient privil\u00e9gi\u00e9e.<\/p>\n<p style=\"text-align: justify;\">\u00a0L\u2019Afrique, si longtemps n\u00e9glig\u00e9e, est devenue incontournable. L\u2019\u00e8re o\u00f9 elle n\u2019\u00e9tait qu\u2019un objet dans les relations internationales est r\u00e9volue. Elle s\u2019affirme, progresse et s\u2019assume sur la sc\u00e8ne internationale. Elle se pr\u00e9sente d\u00e9sormais comme un interlocuteur actif et respect\u00e9 dans le d\u00e9bat sur la Gouvernance mondiale.<\/p>\n<p style=\"text-align: justify;\">\u00a0C\u2019est pourquoi, sur la question du Sahara, l\u2019Afrique institutionnelle ne peut supporter plus longtemps les fardeaux d\u2019une erreur historique et d\u2019un legs encombrant.<\/p>\n<p style=\"text-align: justify;\">\u00a0L\u2019Union africaine, n\u2019est- elle pas en contradiction \u00e9vidente avec la l\u00e9galit\u00e9 internationale ? puisque ce pr\u00e9tendu Etat n\u2019est membre ni de l\u2019Organisation des Nations Unies, ni de l\u2019Organisation de la Coop\u00e9ration Islamique, ni de la Ligue des Etats arabes, ni d\u2019aucune autre institution sous r\u00e9gionale, r\u00e9gionale ou internationale ?<\/p>\n<p style=\"text-align: justify;\">\u00a0Mais ce qui M\u2019int\u00e9resse plus particuli\u00e8rement, c\u2019est la position de notre Continent. L\u2019UA, resterait-elle, en d\u00e9phasage avec la position nationale de ses propres Etats membres, puisqu\u2019au moins 34 pays ne reconnaissent pas ou plus cette entit\u00e9 ?<\/p>\n<p style=\"text-align: justify;\">\u00a0M\u00eame parmi les 26 pays qui s\u2019\u00e9taient plac\u00e9s dans le camp de la division en 1984, seule une stricte minorit\u00e9 d\u2019une dizaine de pays subsiste.<\/p>\n<p style=\"text-align: justify;\">\u00a0Cette \u00e9volution positive est, d\u2019ailleurs, conforme \u00e0 la tendance observ\u00e9e au niveau mondial. Depuis l\u2019ann\u00e9e 2000, 36 pays ont retir\u00e9 leur reconnaissance \u00e0 l\u2019Etat fant\u00f4me.<\/p>\n<p style=\"text-align: justify;\">\u00a0L\u2019Union africaine se trouve aussi en total d\u00e9calage avec l\u2019\u00e9volution de la question du Sahara, au niveau des Nations Unies. Un processus est en cours, sous la supervision du Conseil de S\u00e9curit\u00e9, pour parvenir \u00e0 une solution politique d\u00e9finitive de ce diff\u00e9rend r\u00e9gional.<\/p>\n<p style=\"text-align: justify;\">\u00a0L\u2019UA ne peut donc, seule, pr\u00e9juger de l\u2019issue de ce processus. Par sa neutralit\u00e9 retrouv\u00e9e, elle pourrait, par contre, contribuer d\u2019une mani\u00e8re constructive \u00e0 l\u2019\u00e9mergence de cette solution.<\/p>\n<p style=\"text-align: justify;\">\u00a0Monsieur le Pr\u00e9sident,<\/p>\n<p style=\"text-align: justify;\">Mesdames et Messieurs les Chefs d\u2019Etat et de Gouvernement,<\/p>\n<p style=\"text-align: justify;\">Cela fait longtemps que nos amis nous demandent de revenir parmi eux, pour que le Maroc retrouve sa place naturelle au sein de sa famille institutionnelle. Ce moment est donc arriv\u00e9.<\/p>\n<p style=\"text-align: justify;\">\u00a0Apr\u00e8s r\u00e9flexion, il nous est apparu \u00e9vident que quand un corps est malade, il est mieux soign\u00e9 de l\u2019int\u00e9rieur que de l\u2019ext\u00e9rieur.<\/p>\n<p style=\"text-align: justify;\">\u00a0Le temps des id\u00e9ologies est r\u00e9volu. Nos peuples ont besoin de concret et d\u2019actions tangibles. On ne peut changer la g\u00e9ographie. On ne peut se soustraire au poids de l\u2019histoire.<\/p>\n<p style=\"text-align: justify;\">\u00a0C&rsquo;est ce qui milite pour que le Maroc ne demeure pas en dehors de sa famille institutionnelle et puisse ainsi retrouver sa place naturelle et l\u00e9gitime au sein de l\u2019UA. Agissant de l\u2019int\u00e9rieur, il contribuera \u00e0 en faire une organisation plus forte, fi\u00e8re de sa cr\u00e9dibilit\u00e9 et soulag\u00e9e des oripeaux d\u2019une p\u00e9riode d\u00e9pass\u00e9e.<\/p>\n<p style=\"text-align: justify;\">\u00a0Par ce retour, le Maroc entend poursuivre son engagement au service de l\u2019Afrique et renforcer son implication dans toutes les questions qui lui tiennent \u00e0 c\u0153ur.<\/p>\n<p style=\"text-align: justify;\">\u00a0Il s\u2019engage, ainsi, \u00e0 contribuer, de mani\u00e8re constructive, \u00e0 l\u2019agenda et aux activit\u00e9s de l\u2019UA.<\/p>\n<p style=\"text-align: justify;\">\u00a0Le Maroc, qui abritera la COP 22 en novembre prochain, saura d\u00e9fendre la position de notre Continent, fortement touch\u00e9s par les questions climatiques et de d\u00e9veloppement durable.<\/p>\n<p style=\"text-align: justify;\">\u00a0La coop\u00e9ration \u2013 d\u00e9j\u00e0 intense avec de nombreux pays sur le plan bilat\u00e9ral \u2013 s\u2019en verra amplifi\u00e9e et enrichie. L\u2019expertise et le savoir-faire du Maroc pourront, alors, se d\u00e9ployer sur un terrain encore plus vaste et mieux organis\u00e9.<\/p>\n<p style=\"text-align: justify;\">\u00a0C\u2019est le cas, tout particuli\u00e8rement, des questions de s\u00e9curit\u00e9 et de lutte contre le terrorisme. L\u2019exp\u00e9rience marocaine, largement reconnue sur le plan international et sollicit\u00e9e par de nombreux pays \u2013 y compris europ\u00e9ens &#8211; serait mise au service de la s\u00e9curit\u00e9 et de la stabilit\u00e9 de tous les pays africains, notamment ceux de l\u2019Afrique de l\u2019Ouest et Centrale.<\/p>\n<p style=\"text-align: justify;\">\u00a0Cette d\u00e9cision de retour, r\u00e9fl\u00e9chie et longuement m\u00fbrie, \u00e9mane de toutes les forces vives du Royaume.<\/p>\n<p style=\"text-align: justify;\">\u00a0Par cet acte historique et responsable, le Maroc compte \u0153uvrer, au sein de l\u2019UA, en vue de transcender les divisions.<\/p>\n<p style=\"text-align: justify;\">\u00a0Monsieur le Pr\u00e9sident,<\/p>\n<p style=\"text-align: justify;\">Mesdames et Messieurs les Chefs d\u2019Etat et de Gouvernement,<\/p>\n<p style=\"text-align: justify;\">Le Maroc se situe, aujourd\u2019hui, dans la perspective r\u00e9solue et sans \u00e9quivoque, de regagner sa famille institutionnelle et de continuer avec plus d\u2019ardeur et de conviction, \u00e0 assumer les responsabilit\u00e9s qui sont les siennes.<\/p>\n<p style=\"text-align: justify;\">\u00a0Il est confiant dans la sagesse de l\u2019UA, pour r\u00e9tablir la l\u00e9galit\u00e9 et corriger les erreurs de parcours. Comme le dit le proverbe : \u00ab La v\u00e9rit\u00e9 n\u2019a point d\u2019autre preuve de son existence que l\u2019\u00e9vidence \u00bb.<\/p>\n<p style=\"text-align: justify;\">Wassalamou alaikoum warahmatoullahi wabarakatouh<\/p>\n","protected":false},"excerpt":{"rendered":"<p>Voici le texte int\u00e9gral du message adress\u00e9 par le Roi du Maroc, le 17 juillet 2016, \u00a0au 27-\u00e8me sommet de<\/p>\n","protected":false},"author":2,"featured_media":0,"comment_status":"closed","ping_status":"closed","sticky":false,"template":"","format":"standard","meta":{"footnotes":""},"categories":[3,62,5,7,8],"tags":[],"class_list":["post-2285","post","type-post","status-publish","format-standard","hentry","category-accueil","category-afrique","category-maghreb-news","category-presse-marocaine","category-provinces-du-sud"],"_links":{"self":[{"href":"https:\/\/anatem.info\/index.php?rest_route=\/wp\/v2\/posts\/2285","targetHints":{"allow":["GET"]}}],"collection":[{"href":"https:\/\/anatem.info\/index.php?rest_route=\/wp\/v2\/posts"}],"about":[{"href":"https:\/\/anatem.info\/index.php?rest_route=\/wp\/v2\/types\/post"}],"author":[{"embeddable":true,"href":"https:\/\/anatem.info\/index.php?rest_route=\/wp\/v2\/users\/2"}],"replies":[{"embeddable":true,"href":"https:\/\/anatem.info\/index.php?rest_route=%2Fwp%2Fv2%2Fcomments&post=2285"}],"version-history":[{"count":2,"href":"https:\/\/anatem.info\/index.php?rest_route=\/wp\/v2\/posts\/2285\/revisions"}],"predecessor-version":[{"id":2287,"href":"https:\/\/anatem.info\/index.php?rest_route=\/wp\/v2\/posts\/2285\/revisions\/2287"}],"wp:attachment":[{"href":"https:\/\/anatem.info\/index.php?rest_route=%2Fwp%2Fv2%2Fmedia&parent=2285"}],"wp:term":[{"taxonomy":"category","embeddable":true,"href":"https:\/\/anatem.info\/index.php?rest_route=%2Fwp%2Fv2%2Fcategories&post=2285"},{"taxonomy":"post_tag","embeddable":true,"href":"https:\/\/anatem.info\/index.php?rest_route=%2Fwp%2Fv2%2Ftags&post=2285"}],"curies":[{"name":"wp","href":"https:\/\/api.w.org\/{rel}","templated":true}]}}