{"id":2288,"date":"2016-07-19T11:29:18","date_gmt":"2016-07-19T11:29:18","guid":{"rendered":"http:\/\/anatem.info\/?p=2288"},"modified":"2016-07-19T11:29:18","modified_gmt":"2016-07-19T11:29:18","slug":"vers-un-retour-triomphal-amplement-demande-du-maroc-au-sein-de-lunion-africaine","status":"publish","type":"post","link":"https:\/\/anatem.info\/?p=2288","title":{"rendered":"Vers un retour triomphal, amplement demand\u00e9, du Maroc au sein de l&rsquo;Union Africaine."},"content":{"rendered":"<p style=\"text-align: justify;\">Le 17 juillet 2016, le Pr\u00e9sident tchadien et Pr\u00e9sident en exercice l&rsquo;Union Africaine (UA), Monsieur Idriss Deby Itno, a fait lecture, devant ses pairs africains r\u00e9unis \u00e0 Kigali, au Rwanda, d&rsquo;un discours du Roi Mohammed VI du Maroc adress\u00e9 aux Chefs d&rsquo;Etat Africains r\u00e9unis \u00e0 l&rsquo;occasion du 27\u00e8me Sommet de l&rsquo;UA.<br \/>\nLe Souverain marocain a affirm\u00e9, dans son discours, que les pays africains ont \u00e9t\u00e9 nombreux \u00e0 demander au Maroc de r\u00e9int\u00e9grer sa place naturelle au sein de sa famille institutionnelle africaine et qu&rsquo;il avait d\u00e9cid\u00e9 d&rsquo;y r\u00e9pondre positivement ; un retour historique et l\u00e9gitime \u00e0 m\u00eame de transcender les divisions qui secouent le continent africain et de renforcer davantage la dimension africaine d&rsquo;un Maroc engag\u00e9 dans le grand chantier du d\u00e9veloppement durable de l&rsquo;Afrique dans le cadre d&rsquo;une coop\u00e9ration Sud-Sud exemplaire et selon une d\u00e9marche de partenariat \u00ab\u00a0gagnant-gagnant\u00a0\u00bb. Aujourd&rsquo;hui, le moment est venu pour les pays membres de l&rsquo;UA de corriger l&rsquo;erreur monumentale commise il y a 34 ans en acceptant en son sein un soi-disant Etat, la pseudo-R\u00e9publique Arabe Sahraouie D\u00e9mocratique &#8211; RASD (qui ne dispose pourtant pas des attributs juridiques qui font un Etat), et ce, de mani\u00e8re ill\u00e9gale et en violation des statuts de l&rsquo;ex-OUA.<br \/>\nIl est acquis que la sagesse africaine guidera tr\u00e8s certainement les dirigeants du continent africain vers le r\u00e9tablissement de la l\u00e9galit\u00e9 avec une d\u00e9cision historique actant le retour du Maroc au sein des institutions de l&rsquo;Union Africaine. D&rsquo;ailleurs, \u00e0 l&rsquo;annonce officielle de l&rsquo;intention du Maroc de reprendre son si\u00e8ge au sein de l&rsquo;UA faite par le Roi Mohammed VI, 28 membres de cette organisation africaine ont adress\u00e9, le 18 juillet 2016, au Pr\u00e9sident tchadien et Pr\u00e9sident en exercice de l&rsquo;UA Monsieur Driss Deby Itno, une motion en vue d&rsquo;une suspension rapide de la fantomatique RASD des activit\u00e9s de l&rsquo;UA et de tous ses organes.<br \/>\nIl ressort donc que le Souverain marocain vient, de la mani\u00e8re la plus claire, d&rsquo;acter le choix d&rsquo;une diplomatie offensive afin de mettre un terme d\u00e9finitif aux strat\u00e9gies hostiles au Maroc adopt\u00e9es par des parties hostiles \u00e0 l&rsquo;int\u00e9grit\u00e9 territoriale du Maroc et de mieux d\u00e9fendre ses int\u00e9r\u00eats.<br \/>\nLe retour annonc\u00e9 du Maroc au sein de l&rsquo;UA, tant attendu par le peuple marocain et la famille africaine, ne constitue en aucune mani\u00e8re une quelconque reconnaissance de l&rsquo;entit\u00e9 fantoche, mais un premier pas vers la correction d&rsquo;une grosse erreur juridique, d\u00e9sapprouv\u00e9e par les 2\/3 des membres de l&rsquo;UA qui ne reconnaissent par la pseudo-RASD.<br \/>\nSi le clairon a sonn\u00e9 \u00e0 Kigali, le glas a retenti \u00e0 Rabouni, fief des polisariens install\u00e9s pompeusement \u00e0 Tindouf. A Kigali, le polisario et son sponsor alg\u00e9rien viennent de subir une nouvelle d\u00e9faite diplomatique. Cel\u00e0 confirme, si besoin est, que le mouvement d\u00e9sormais \u00ab\u00a0dirig\u00e9\u00a0\u00bb par l&rsquo;Alg\u00e9rie \u00e0 travers sa marionnette Brahim Ghali est aujourd&rsquo;hui en pleine d\u00e9liquescence.<br \/>\nFarid Mnebhi.<\/p>\n","protected":false},"excerpt":{"rendered":"<p>Le 17 juillet 2016, le Pr\u00e9sident tchadien et Pr\u00e9sident en exercice l&rsquo;Union Africaine (UA), Monsieur Idriss Deby Itno, a fait<\/p>\n","protected":false},"author":2,"featured_media":0,"comment_status":"closed","ping_status":"closed","sticky":false,"template":"","format":"standard","meta":{"footnotes":""},"categories":[3,62,5],"tags":[],"class_list":["post-2288","post","type-post","status-publish","format-standard","hentry","category-accueil","category-afrique","category-maghreb-news"],"_links":{"self":[{"href":"https:\/\/anatem.info\/index.php?rest_route=\/wp\/v2\/posts\/2288","targetHints":{"allow":["GET"]}}],"collection":[{"href":"https:\/\/anatem.info\/index.php?rest_route=\/wp\/v2\/posts"}],"about":[{"href":"https:\/\/anatem.info\/index.php?rest_route=\/wp\/v2\/types\/post"}],"author":[{"embeddable":true,"href":"https:\/\/anatem.info\/index.php?rest_route=\/wp\/v2\/users\/2"}],"replies":[{"embeddable":true,"href":"https:\/\/anatem.info\/index.php?rest_route=%2Fwp%2Fv2%2Fcomments&post=2288"}],"version-history":[{"count":1,"href":"https:\/\/anatem.info\/index.php?rest_route=\/wp\/v2\/posts\/2288\/revisions"}],"predecessor-version":[{"id":2290,"href":"https:\/\/anatem.info\/index.php?rest_route=\/wp\/v2\/posts\/2288\/revisions\/2290"}],"wp:attachment":[{"href":"https:\/\/anatem.info\/index.php?rest_route=%2Fwp%2Fv2%2Fmedia&parent=2288"}],"wp:term":[{"taxonomy":"category","embeddable":true,"href":"https:\/\/anatem.info\/index.php?rest_route=%2Fwp%2Fv2%2Fcategories&post=2288"},{"taxonomy":"post_tag","embeddable":true,"href":"https:\/\/anatem.info\/index.php?rest_route=%2Fwp%2Fv2%2Ftags&post=2288"}],"curies":[{"name":"wp","href":"https:\/\/api.w.org\/{rel}","templated":true}]}}