{"id":2390,"date":"2016-11-01T09:53:59","date_gmt":"2016-11-01T09:53:59","guid":{"rendered":"http:\/\/anatem.info\/?p=2390"},"modified":"2016-11-01T09:53:59","modified_gmt":"2016-11-01T09:53:59","slug":"maroc-ua-mme-nkosazana-dlamini-zuma-tarde-a-distribuer-la-demande-marocaine-dadhesion","status":"publish","type":"post","link":"https:\/\/anatem.info\/?p=2390","title":{"rendered":"Maroc \/ UA : Mme Nkosazana Dlamini-Zuma tarde \u00e0 distribuer la demande marocaine d&rsquo;Adh\u00e9sion"},"content":{"rendered":"<h2 style=\"text-align: justify;\">C&rsquo;est ce qui ressort de la lecture d&rsquo;un communiqu\u00e9 du Palais royal dont voici le texte int\u00e9gral :<\/h2>\n<blockquote>\n<p style=\"text-align: justify;\">\u00abDans le cadre de la tourn\u00e9e royale en Afrique subsaharienne, SM le Roi Mohammed VI, que Dieu L\u2019assiste, a eu ce jour un entretien t\u00e9l\u00e9phonique avec Son Excellence Idriss D\u00e9by Itno, Pr\u00e9sident de la R\u00e9publique du Tchad. Au cours de cet entretien, les deux chefs d\u2019Etat se sont f\u00e9licit\u00e9s du niveau de coop\u00e9ration bilat\u00e9rale et des liens qui unissent les deux pays fr\u00e8res. A cette occasion, le Souverain a demand\u00e9 au pr\u00e9sident tchadien, en sa qualit\u00e9 de pr\u00e9sident du 27eme sommet de l\u2019Union africaine, d\u2019intervenir aupr\u00e8s de Mme Nkosazana Dlamini-Zuma, pr\u00e9sidente de la Commission de l\u2019Union africaine, pour la distribution \u00e0 l\u2019ensemble des Etats membres de l\u2019organisation de la demande d\u2019adh\u00e9sion du Royaume du Maroc, qui lui a \u00e9t\u00e9 remise le 22 septembre dernier. En effet, Mme Zuma aurait d\u00fb, conform\u00e9ment \u00e0 l\u2019acte constitutif et \u00e0 la pratique de l\u2019organisation, proc\u00e9der \u00e0 la prompte distribution de cette demande. Le pr\u00e9sident tchadien a r\u00e9agi positivement \u00e0 la demande de Sa Majest\u00e9 le Roi, que Dieu L\u2019assiste et fera le n\u00e9cessaire \u00e0 cet \u00e9gard \u00bb.<\/p>\n<\/blockquote>\n","protected":false},"excerpt":{"rendered":"<p>C&rsquo;est ce qui ressort de la lecture d&rsquo;un communiqu\u00e9 du Palais royal dont voici le texte int\u00e9gral : \u00abDans le<\/p>\n","protected":false},"author":2,"featured_media":0,"comment_status":"closed","ping_status":"closed","sticky":false,"template":"","format":"standard","meta":{"footnotes":""},"categories":[3,62,5,7],"tags":[],"class_list":["post-2390","post","type-post","status-publish","format-standard","hentry","category-accueil","category-afrique","category-maghreb-news","category-presse-marocaine"],"_links":{"self":[{"href":"https:\/\/anatem.info\/index.php?rest_route=\/wp\/v2\/posts\/2390","targetHints":{"allow":["GET"]}}],"collection":[{"href":"https:\/\/anatem.info\/index.php?rest_route=\/wp\/v2\/posts"}],"about":[{"href":"https:\/\/anatem.info\/index.php?rest_route=\/wp\/v2\/types\/post"}],"author":[{"embeddable":true,"href":"https:\/\/anatem.info\/index.php?rest_route=\/wp\/v2\/users\/2"}],"replies":[{"embeddable":true,"href":"https:\/\/anatem.info\/index.php?rest_route=%2Fwp%2Fv2%2Fcomments&post=2390"}],"version-history":[{"count":1,"href":"https:\/\/anatem.info\/index.php?rest_route=\/wp\/v2\/posts\/2390\/revisions"}],"predecessor-version":[{"id":2391,"href":"https:\/\/anatem.info\/index.php?rest_route=\/wp\/v2\/posts\/2390\/revisions\/2391"}],"wp:attachment":[{"href":"https:\/\/anatem.info\/index.php?rest_route=%2Fwp%2Fv2%2Fmedia&parent=2390"}],"wp:term":[{"taxonomy":"category","embeddable":true,"href":"https:\/\/anatem.info\/index.php?rest_route=%2Fwp%2Fv2%2Fcategories&post=2390"},{"taxonomy":"post_tag","embeddable":true,"href":"https:\/\/anatem.info\/index.php?rest_route=%2Fwp%2Fv2%2Ftags&post=2390"}],"curies":[{"name":"wp","href":"https:\/\/api.w.org\/{rel}","templated":true}]}}