{"id":2430,"date":"2016-11-10T22:33:27","date_gmt":"2016-11-10T22:33:27","guid":{"rendered":"http:\/\/anatem.info\/?p=2430"},"modified":"2016-11-10T22:33:27","modified_gmt":"2016-11-10T22:33:27","slug":"toile-geante-lart-ecologique-citoyen-au-rendez-vous-de-la-cop-22-de-marrakech","status":"publish","type":"post","link":"https:\/\/anatem.info\/?p=2430","title":{"rendered":"Toile G\u00e9ante : l\u2019art \u00e9cologique citoyen au  rendez-vous de la COP 22 de Marrakech"},"content":{"rendered":"<div style=\"text-align: justify;\">Dans le cadre de la COP22, l\u2019association TRAVIVE (Tous pour Rabat Ville Verte) a expos\u00e9 sa Toile G\u00e9ante, ce 9 novembre 2016, \u00e0 Marrakech, pr\u00e9cis\u00e9ment dans l\u2019espace ArtCop22 dans la Zone Verte r\u00e9serv\u00e9e \u00e0 la soci\u00e9t\u00e9 civile. Cet \u00e9v\u00e9nement artistique in\u00e9dit, ouvert \u00e0 tous les visiteurs, a offert l\u2019opportunit\u00e9 \u00e0 des centaines de participantes et participants d\u2019y inscrire un message en relation avec la pr\u00e9servation de l\u2019environnement et la lutte contre les Changements Climatiques.<\/div>\n<div style=\"text-align: justify;\">\u00ab L\u2019objectif de cette toile est de laisser une archive aux participants qui rappellera l\u2019engagement de tous pendant la COP22 \u00e0 Marrakech \u00bb, confie A\u00efcha Detsouli, Pr\u00e9sidente de l\u2019association TRAVIVE et membre de la Coalition marocaine pour la justice climatique (CMJC).<\/div>\n<div style=\"text-align: justify;\">\u00ab L\u2019exposition de la Toile G\u00e9ante est un \u00e9v\u00e9nement artistique majeur qui permettra \u00e0 celles et \u00e0 ceux qui ont laiss\u00e9 leur message sign\u00e9 et leur empreinte sur cette \u0153uvre picturale de faire conna\u00eetre leurs pr\u00e9occupations aux n\u00e9gociateurs de la COP22 et aux d\u00e9cideurs marocains et internationaux \u00bb, ajoute Malika Madani, Vice-Pr\u00e9sidente de l\u2019association TRAVIVE.<\/div>\n<div style=\"text-align: justify;\">Artiste d\u2019un jour, Abdelghani Maroufi, Pr\u00e9sident de l\u2019Association Marocaine pour la Protection de l\u2019environnement et du Climat (ASMAPEC), a \u00e9crit en arabe sur cette toile \u00ab Prot\u00e9ger notre climat, c\u2019est prot\u00e9ger la Terre\u2026Nous sommes ici \u00e0 la COP22 pour y participer, comme toute la soci\u00e9t\u00e9 civile, et plaider pour la lutte contre les effets des changements climatiques \u00bb .<\/div>\n<div style=\"text-align: justify;\">Cette toile de 10mx7m, labellis\u00e9e par le comit\u00e9 scientifique de la COP22, sera bient\u00f4t reproduite sous diff\u00e9rentes formes : tableaux, cartes de v\u0153ux, marque-pages, timbres\u2026<\/div>\n<div style=\"text-align: justify;\">Une autre toile sera r\u00e9alis\u00e9e, dans le m\u00eame esprit, le 10 novembre 2016, avec les enfants de l\u2019\u00e9cole Auguste Renoir de Marrakech, histoire de sensibiliser la jeunesse au Maroc \u00e0 la n\u00e9cessit\u00e9 vitale de pr\u00e9server son environnement.<\/div>\n<div style=\"text-align: justify;\">Trois autres toiles ont d\u00e9j\u00e0 \u00e9t\u00e9 r\u00e9alis\u00e9es par l\u2019association TRAVIVE \u00e0 l\u2019occasion de la MedCOP de Tanger et des Pr\u00e9COP d\u2019Oujda et de Rabat. Les toiles de ces deux derni\u00e8res Pr\u00e9COP sont affich\u00e9es sur les grandes fa\u00e7ades du Th\u00e9\u00e2tre Royal de Marrakech, et ce, pendant toute la dur\u00e9e de la COP22.<\/div>\n<div style=\"text-align: justify;\">Cr\u00e9\u00e9e en 2010, TRAVIVE (\u00ab Tous pour Rabat ville verte \u00bb) est une association engag\u00e9e dans la protection de l\u2019environnement. Son projet de toile g\u00e9ante a re\u00e7u le soutien de la D\u00e9l\u00e9gation Interminist\u00e9rielle des Droits de l\u2019Homme (DIDH) du Maroc. L\u2019association est en train de d\u00e9velopper, \u00e0 l\u2019occasion de la COP22, le r\u00e9seau \u00ab Greening Madinati \u00bb (\u00ab Verdir ma ville \u00bb), un r\u00e9seau qui ambitionne de regrouper toutes les associations de villes vertes du Maroc, du Maghreb et du reste de l\u2019Afrique.<\/div>\n<div style=\"text-align: justify;\">Farid Mnebhi.<\/div>\n","protected":false},"excerpt":{"rendered":"<p>Dans le cadre de la COP22, l\u2019association TRAVIVE (Tous pour Rabat Ville Verte) a expos\u00e9 sa Toile G\u00e9ante, ce 9<\/p>\n","protected":false},"author":2,"featured_media":0,"comment_status":"closed","ping_status":"closed","sticky":false,"template":"","format":"standard","meta":{"footnotes":""},"categories":[3,62,5,7],"tags":[],"class_list":["post-2430","post","type-post","status-publish","format-standard","hentry","category-accueil","category-afrique","category-maghreb-news","category-presse-marocaine"],"_links":{"self":[{"href":"https:\/\/anatem.info\/index.php?rest_route=\/wp\/v2\/posts\/2430","targetHints":{"allow":["GET"]}}],"collection":[{"href":"https:\/\/anatem.info\/index.php?rest_route=\/wp\/v2\/posts"}],"about":[{"href":"https:\/\/anatem.info\/index.php?rest_route=\/wp\/v2\/types\/post"}],"author":[{"embeddable":true,"href":"https:\/\/anatem.info\/index.php?rest_route=\/wp\/v2\/users\/2"}],"replies":[{"embeddable":true,"href":"https:\/\/anatem.info\/index.php?rest_route=%2Fwp%2Fv2%2Fcomments&post=2430"}],"version-history":[{"count":1,"href":"https:\/\/anatem.info\/index.php?rest_route=\/wp\/v2\/posts\/2430\/revisions"}],"predecessor-version":[{"id":2432,"href":"https:\/\/anatem.info\/index.php?rest_route=\/wp\/v2\/posts\/2430\/revisions\/2432"}],"wp:attachment":[{"href":"https:\/\/anatem.info\/index.php?rest_route=%2Fwp%2Fv2%2Fmedia&parent=2430"}],"wp:term":[{"taxonomy":"category","embeddable":true,"href":"https:\/\/anatem.info\/index.php?rest_route=%2Fwp%2Fv2%2Fcategories&post=2430"},{"taxonomy":"post_tag","embeddable":true,"href":"https:\/\/anatem.info\/index.php?rest_route=%2Fwp%2Fv2%2Ftags&post=2430"}],"curies":[{"name":"wp","href":"https:\/\/api.w.org\/{rel}","templated":true}]}}