{"id":2434,"date":"2016-11-13T23:10:34","date_gmt":"2016-11-13T23:10:34","guid":{"rendered":"http:\/\/anatem.info\/?p=2434"},"modified":"2016-11-13T23:10:34","modified_gmt":"2016-11-13T23:10:34","slug":"cop22-marrakech-sommet-mondial-sur-laction-pour-le-financement-climatique","status":"publish","type":"post","link":"https:\/\/anatem.info\/?p=2434","title":{"rendered":"COP22-Marrakech : Sommet Mondial sur l&rsquo;Action pour le Financement Climatique"},"content":{"rendered":"<p style=\"text-align: justify;\">Les 12 et 13 novembre 2016, les leaders du secteur climatique ont tenu leurs assises avec les plus grands financiers multilat\u00e9raux de l&rsquo;action climatique dans le monde, notamment la Banque Europ\u00e9enne d&rsquo;Investissement (BEI), le Fonds Mon\u00e9taire International (FMI) et la Banque Africaine de D\u00e9veloppement (BAD).<br \/>\nCes\u00a0 multiples r\u00e9unions ont pour objectifs de proposer des moyens novateurs et efficaces pour le financement et la mise en oeuvre de projets viables et en parfaite ad\u00e9quation avec la protection climatique.<br \/>\nCe Sommet Mondial sur l&rsquo;Action pour le Financement Climatique (GCFA) qui se tient \u00e0 Marrakech, auquel participent de nombreux investisseurs et entreprises, se devra d&rsquo;explorer et de collaborer sur les opportunit\u00e9s mondiales d&rsquo;investissement climatique. Cet\u00a0 \u00e9v\u00e8nement phare, qu&rsquo;est le (GCFA), est en parfaite phase avec la COP22 qui se tient \u00e0 Marrakech du 07 au 18 novembre 2016.<br \/>\nPour rappel, en 2009, les pays d\u00e9velopp\u00e9s s&rsquo;\u00e9taient engag\u00e9s \u00e0 mobiliser, d&rsquo;ici \u00e0 2020, quelque 100 milliards USD par an pour le\u00a0 financement climatique ; un engagement confirm\u00e9 \u00e0 Paris lors de la COP21 et port\u00e9 jusqu&rsquo;en 2025.<br \/>\nOr, le Groupe Intergouvernemental d&rsquo;Experts sur l&rsquo;Evolution du Climat (GIEC)\u00a0 estime que la stabilisation des \u00e9missions de gaz \u00e0 effet de serre \u00e0 un niveau qui permettrait\u00a0 de rester en dessous de 2 degr\u00e9s, sans parler de la plus s\u00fbre 1,5 degr\u00e9s, n\u00e9cessite, pour nombre de pays vuln\u00e9rables, des investissements de l&rsquo;ordre de 13 000 milliards de dollars jusqu&rsquo;en 2030 ; des investissements qui leur offriront de multiples avantages pour la sant\u00e9, l&rsquo;\u00e9conomie et le d\u00e9veloppement de sources d&rsquo;\u00e9nergie propres.<br \/>\nLe d\u00e9fi de ce Sommet Mondial sur l&rsquo;Action pour le Financement Climatique (GCFA) est donc de rem\u00e9dier au d\u00e9s\u00e9quilibre historique entre les financements d&rsquo;adaptation et d&rsquo;att\u00e9nuation et de d\u00e9velopper les param\u00e8tres d&rsquo;engagement de toutes les parties prenantes &#8211; en d\u00e9veloppement, d\u00e9velopp\u00e9es, publiques et priv\u00e9es &#8211; vers l&rsquo;op\u00e9rationnalisation de l&rsquo;Accord de Paris.<br \/>\nPour la r\u00e9alisation de tous ces objectifs, -le GCFA compte lancer de grands programmes, notamment :<br \/>\n&#8211; le fond d&rsquo;investissement pour l&rsquo;adaptation: MICA (500 million USD),<br \/>\n&#8211; le fond d&rsquo;investissement pour le transfert de technologie: CTTF (150 million USD)<br \/>\n&#8211; l&rsquo;initiative globale pour le capacity building WEF YGL Climate Skills.<br \/>\nDe plus, des projets concrets utilisant des mod\u00e8les \u00e9conomiques innovants d&rsquo;adaptation et d&rsquo;att\u00e9nuation seront pr\u00e9sent\u00e9s par des entrepreneurs sociaux.<br \/>\nCe signal fort d\u00e9montre que l&rsquo;agenda de l&rsquo;action est aujourd&rsquo;hui une r\u00e9alit\u00e9 et que les acteurs de la soci\u00e9t\u00e9 civile s&rsquo;engagent pleinement en faveur d&rsquo;e l&rsquo;investissement pour le climat.<br \/>\nFarid Mnebhi.<\/p>\n","protected":false},"excerpt":{"rendered":"<p>Les 12 et 13 novembre 2016, les leaders du secteur climatique ont tenu leurs assises avec les plus grands financiers<\/p>\n","protected":false},"author":2,"featured_media":0,"comment_status":"closed","ping_status":"closed","sticky":false,"template":"","format":"standard","meta":{"footnotes":""},"categories":[3,62,4,5,7,8],"tags":[],"class_list":["post-2434","post","type-post","status-publish","format-standard","hentry","category-accueil","category-afrique","category-competences-mre","category-maghreb-news","category-presse-marocaine","category-provinces-du-sud"],"_links":{"self":[{"href":"https:\/\/anatem.info\/index.php?rest_route=\/wp\/v2\/posts\/2434","targetHints":{"allow":["GET"]}}],"collection":[{"href":"https:\/\/anatem.info\/index.php?rest_route=\/wp\/v2\/posts"}],"about":[{"href":"https:\/\/anatem.info\/index.php?rest_route=\/wp\/v2\/types\/post"}],"author":[{"embeddable":true,"href":"https:\/\/anatem.info\/index.php?rest_route=\/wp\/v2\/users\/2"}],"replies":[{"embeddable":true,"href":"https:\/\/anatem.info\/index.php?rest_route=%2Fwp%2Fv2%2Fcomments&post=2434"}],"version-history":[{"count":1,"href":"https:\/\/anatem.info\/index.php?rest_route=\/wp\/v2\/posts\/2434\/revisions"}],"predecessor-version":[{"id":2435,"href":"https:\/\/anatem.info\/index.php?rest_route=\/wp\/v2\/posts\/2434\/revisions\/2435"}],"wp:attachment":[{"href":"https:\/\/anatem.info\/index.php?rest_route=%2Fwp%2Fv2%2Fmedia&parent=2434"}],"wp:term":[{"taxonomy":"category","embeddable":true,"href":"https:\/\/anatem.info\/index.php?rest_route=%2Fwp%2Fv2%2Fcategories&post=2434"},{"taxonomy":"post_tag","embeddable":true,"href":"https:\/\/anatem.info\/index.php?rest_route=%2Fwp%2Fv2%2Ftags&post=2434"}],"curies":[{"name":"wp","href":"https:\/\/api.w.org\/{rel}","templated":true}]}}