{"id":2439,"date":"2016-11-16T08:22:49","date_gmt":"2016-11-16T08:22:49","guid":{"rendered":"http:\/\/anatem.info\/?p=2439"},"modified":"2016-11-16T08:22:49","modified_gmt":"2016-11-16T08:22:49","slug":"sm-le-roi-prononce-un-discours-devant-la-seance-solennelle-de-haut-niveau-de-la-cop-22","status":"publish","type":"post","link":"https:\/\/anatem.info\/?p=2439","title":{"rendered":"SM le Roi prononce un discours devant la s\u00e9ance solennelle de Haut Niveau de la COP 22"},"content":{"rendered":"<h2>Texte int\u00e9gral du Discours Royal :<\/h2>\n<p><img fetchpriority=\"high\" decoding=\"async\" class=\"size-full wp-image-2440 alignleft\" src=\"http:\/\/anatem.info\/wp-content\/uploads\/2016\/11\/COP22-M6.jpg\" alt=\"cop22-m6\" width=\"483\" height=\"398\" \/>\u00abLouange \u00e0 Dieu, Pri\u00e8re et salut sur le Proph\u00e8te, Sa famille et Ses compagnons,<\/p>\n<p>Majest\u00e9s, Excellences, Altesses,<\/p>\n<p>Monsieur le Secr\u00e9taire g\u00e9n\u00e9ral des Nations Unies,<\/p>\n<p>Excellences,<\/p>\n<p>Mesdames, Messieurs,<\/p>\n<p>Il M&rsquo;est agr\u00e9able de vous souhaiter la bienvenue au Royaume du Maroc, terre de dialogue et de coexistence et carrefour des civilisations pour participer \u00e0 la vingt-deuxi\u00e8me session de la Conf\u00e9rence des Parties \u00e0 la Convention des Nations Unies sur les changements climatiques.<\/p>\n<p>L&rsquo;organisation de cette conf\u00e9rence au Maroc pour la deuxi\u00e8me fois, apr\u00e8s la session de 2001, traduit notre attachement au cadre multilat\u00e9ral pour aborder les d\u00e9fis internationaux.<\/p>\n<p>Le fait que Marrakech accueille aujourd&rsquo;hui cette conf\u00e9rence est une preuve de tout l&rsquo;int\u00e9r\u00eat que nous attachons aux questions de l&rsquo;environnement et du climat parmi les priorit\u00e9s du Royaume.<\/p>\n<p>En effet, notre pays compte parmi les premiers Etats \u00e0 avoir contribu\u00e9 \u00e0 l&rsquo;\u00e9mergence d&rsquo;une prise de conscience mondiale quant au changement climatique, et ce, depuis ma participation, en 1992, au Sommet de la terre de Rio, o\u00f9, en Ma qualit\u00e9 de Prince h\u00e9ritier \u00e0 l&rsquo;\u00e9poque, J&rsquo;ai conduit la d\u00e9l\u00e9gation du Maroc.<\/p>\n<p>Aujourd&rsquo;hui, la Conf\u00e9rence de Marrakech constitue un tournant d\u00e9cisif dans<\/p>\n<p>le processus de mise en oeuvre de l&rsquo;Accord historique de Paris.<\/p>\n<p>En effet, l&rsquo;humanit\u00e9 enti\u00e8re place de grands espoirs sur les d\u00e9cisions qui seront prises au cours de cette conf\u00e9rence. De fait, elle attend plus que la simple annonce d&rsquo;engagements et de principes pour enrayer le r\u00e9chauffement climatique et en att\u00e9nuer les effets.<\/p>\n<p>Elle aspire plut\u00f4t \u00e0 des d\u00e9cisions aidant \u00e0 sauver l&rsquo;avenir de la vie sur terre et \u00e0 la prise d&rsquo;initiatives concr\u00e8tes et de mesures pratiques \u00e0 m\u00eame de pr\u00e9server les droits des g\u00e9n\u00e9rations \u00e0 venir.<\/p>\n<p>Par ailleurs, la tenue de cette conf\u00e9rence en Afrique nous incite \u00e0 donner la priorit\u00e9 \u00e0 la n\u00e9cessit\u00e9 de rem\u00e9dier aux impacts n\u00e9gatifs des changements climatiques, qui ne cessent d&#8217;empirer dans les pays du sud et les pays insulaires menac\u00e9s dans leur existence m\u00eame.<\/p>\n<p>Majest\u00e9s, Excellences, Altesses,<\/p>\n<p>Les quinze derni\u00e8res ann\u00e9es ont vu se r\u00e9pandre un discours centr\u00e9 sur les questions de l&rsquo;environnement et cro\u00eetre le nombre des associations engag\u00e9es dans sa d\u00e9fense. Plus important encore, elles ont \u00e9t\u00e9 marqu\u00e9es par une prise de conscience accrue quant \u00e0 la n\u00e9cessit\u00e9 de prot\u00e9ger l&rsquo;environnement.<\/p>\n<p>Malgr\u00e9 l&rsquo;\u00e9mergence de cette prise de conscience positive, sommes-nous sur la bonne voie ? Ce processus commun b\u00e9n\u00e9ficie-t-il d&rsquo;une coordination et d&rsquo;une collaboration entre tous ?<\/p>\n<p>La diff\u00e9rence est grande entre les pays et les r\u00e9gions concernant la culture li\u00e9e \u00e0 l&rsquo;environnement. De plus, les priorit\u00e9s chez les pays industrialis\u00e9s dits avanc\u00e9s, ne sont pas les m\u00eames que pour les pays en d\u00e9veloppement. Tout aussi important est l&rsquo;\u00e9cart qui les s\u00e9pare en termes de moyens.<\/p>\n<p>S&rsquo;il est normal que chaque partie d\u00e9fende ses int\u00e9r\u00eats, les d\u00e9cisions prises et impos\u00e9es ne sont pas, en revanche, toujours \u00e0 la port\u00e9e de tous les pays. Aussi, il devient n\u00e9cessaire d&rsquo;unifier l&rsquo;\u00e9ducation aux questions de l&rsquo;environnement et de sensibiliser \u00e0 son r\u00f4le d\u00e9cisif dans la pr\u00e9servation de l&rsquo;avenir de l&rsquo;humanit\u00e9.<\/p>\n<p>Ici, Je r\u00e9affirme que le Maroc consacrera ses efforts, pendant son mandat, et les ressources financi\u00e8res disponibles durant cette courte p\u00e9riode, pour remplir cette mission difficile et noble.<\/p>\n<p>Majest\u00e9s, Excellences, Altesses,<\/p>\n<p>L&rsquo;engagement fait de prendre \u00e0 bras le corps la probl\u00e9matique des changements climatiques \u00e0 travers l&rsquo;application de l&rsquo;Accord de Paris, traduit notre volont\u00e9 commune de renforcer la solidarit\u00e9 interg\u00e9n\u00e9rationnelle.<\/p>\n<p>Cette implication, une n\u00e9cessit\u00e9 morale et un devoir humain, doit s&rsquo;adosser \u00e0 la foi dans l&rsquo;in\u00e9luctabilit\u00e9 du destin commun et la solidarit\u00e9 sinc\u00e8re entre le Nord et le Sud pour pr\u00e9server la dignit\u00e9 humaine.<\/p>\n<p>De nombreuses promesses ont \u00e9t\u00e9 faites dans de multiples conf\u00e9rences ant\u00e9rieures. Mais notre conf\u00e9rence aujourd&rsquo;hui est celle de la v\u00e9rit\u00e9 et de la clart\u00e9; une conf\u00e9rence pour prendre nos responsabilit\u00e9s devant Dieu et l&rsquo;Histoire, et devant nos peuples.<\/p>\n<p>Nos conf\u00e9rences et nos accords auront-ils un sens si nous laissons les cat\u00e9gories les plus vuln\u00e9rables, l\u00e0-bas dans les \u00eeles menac\u00e9es de disparition et dans les champs confront\u00e9s au risque de la d\u00e9sertification en Afrique, en Asie et en Am\u00e9rique latine, face \u00e0 leur destin lourd de p\u00e9rils?<\/p>\n<p>La probl\u00e9matique de l&rsquo;environnement est une affaire d\u00e9licate qui doit \u00eatre abord\u00e9e avec tout le s\u00e9rieux et toute la responsabilit\u00e9 n\u00e9cessaires.<\/p>\n<p>L&rsquo;\u00e8re coloniale est r\u00e9volue, tout comme la logique qui consiste \u00e0 imposer les d\u00e9cisions. En fait, l&rsquo;enjeu, c&rsquo;est l&rsquo;existence de l&rsquo;Homme, qui exige de nous d&rsquo;oeuvrer ensemble main dans la main pour la prot\u00e9ger.<\/p>\n<p>Aussi, il ne faut pas forcer les pays, d&#8217;embl\u00e9e, \u00e0 accepter des d\u00e9cisions auxquelles ils ne pourront pas se conformer. Pour autant, cela ne signifie pas qu&rsquo;ils les rejettent, mais plut\u00f4t qu&rsquo;ils ne disposent pas des moyens n\u00e9cessaires pour les appliquer.<\/p>\n<p>Majest\u00e9s, Excellences, Altesses,<\/p>\n<p>Le co\u00fbt de l&rsquo;attentisme et le manquement \u00e0 l&rsquo;imp\u00e9ratif d&rsquo;affronter le<\/p>\n<p>changement climatique et ses effets, auront des cons\u00e9quences graves, mettant<\/p>\n<p>en p\u00e9ril la s\u00e9curit\u00e9 et la stabilit\u00e9 et induisant l&rsquo;extension des foyers de tension et des crises \u00e0 travers le monde.<\/p>\n<p>Au nom du destin commun, et au nom de notre responsabilit\u00e9 historique, J&rsquo;engage toutes les parties \u00e0 oeuvrer pour donner corps \u00e0 notre attachement aux valeurs de justice et de solidarit\u00e9 \u00e0 travers :<\/p>\n<p>Premi\u00e8rement : la possibilit\u00e9 offerte aux pays du sud, et plus particuli\u00e8rement aux pays les moins avanc\u00e9s et aux Etats insulaires, de b\u00e9n\u00e9ficier d&rsquo;un soutien financier et technique urgent leur permettant de renforcer leurs capacit\u00e9s et de s&rsquo;adapter aux changements climatiques;<\/p>\n<p>Deuxi\u00e8mement : le respect par les pays avanc\u00e9s de leurs engagements et la mobilisation, \u00e0 l&rsquo;horizon 2020, des cent milliards de dollars, au moins, qui ont \u00e9t\u00e9 la cl\u00e9 de vo\u00fbte de l&rsquo;Accord de Paris;<\/p>\n<p>Troisi\u00e8mement : l&rsquo;implication de tous les acteurs dans la facilitation du transfert de technologie et la n\u00e9cessit\u00e9 d&rsquo;oeuvrer au d\u00e9veloppement de la recherche et de l&rsquo;innovation dans le domaine du climat; et<\/p>\n<p>Quatri\u00e8mement : la contribution des acteurs non gouvernementaux, entreprises, collectivit\u00e9s territoriales et associations de la soci\u00e9t\u00e9 civile, \u00e0 une forte dynamisation des initiatives : \u00ab Action globale pour le climat \u00bb ;<\/p>\n<p>Majest\u00e9s, Excellences, Altesses,<\/p>\n<p>Le Royaume du Maroc n&rsquo;a \u00e9pargn\u00e9 aucun effort pour relever ses contributions, dans le cadre de la dynamique mondiale visant \u00e0 r\u00e9duire le r\u00e9chauffement climatique et \u00e0 en att\u00e9nuer les effets.<\/p>\n<p>De fait, le Maroc, qui a \u00e9t\u00e9 parmi les premiers pays \u00e0 avoir annonc\u00e9 leur contribution pr\u00e9vue d\u00e9termin\u00e9e au niveau national, s&rsquo;est engag\u00e9 r\u00e9cemment \u00e0 baisser le taux des \u00e9missions.<\/p>\n<p>De m\u00eame, il a pris des initiatives concr\u00e8tes pour assurer, \u00e0 l&rsquo;horizon 2030, 52% de sa capacit\u00e9 \u00e9lectrique nationale \u00e0 partir de sources d&rsquo;\u00e9nergie propre. Dans le m\u00eame ordre d&rsquo;id\u00e9es, nous avons propos\u00e9 une s\u00e9rie d&rsquo;initiatives dans le cadre de la mise en oeuvre de l&rsquo;Accord de Paris, notamment en ce qui concerne l&rsquo;adaptation et le financement, dont l&rsquo;initiative d&rsquo;adaptation de l&rsquo;agriculture en Afrique.<\/p>\n<p>Majest\u00e9s, Excellences, Altesses,<\/p>\n<p>Le bilan de cette conf\u00e9rence sera d\u00e9cisif pour le devenir de la nouvelle g\u00e9n\u00e9ration des conf\u00e9rences des parties, qui devront se focaliser sur l&rsquo;initiative et l&rsquo;action.<\/p>\n<p>En effet, l&rsquo;Accord de Paris n&rsquo;est pas une fin en soi. Les r\u00e9sultats de la Conf\u00e9rence de Marrakech sont, plut\u00f4t, un test r\u00e9el pour mesurer la fiabilit\u00e9 des engagements que nous avons souscrits et la cr\u00e9dibilit\u00e9 des parties qui les ont annonc\u00e9s.<\/p>\n<p>L&rsquo;heure est venue pour redresser la situation actuelle. Nous n&rsquo;avons d&rsquo;autre choix que d&rsquo;oeuvrer \u00e0 rattraper le temps perdu par une mobilisation continue et globale et une coh\u00e9sion constructive, pour assurer aux g\u00e9n\u00e9rations successives une vie commune digne et durable.<\/p>\n<p>Pour conclure, nous vous r\u00e9it\u00e9rons nos voeux de bienvenue dans la cit\u00e9 ocre de Marrakech et prions le Tr\u00e8s-Haut de couronner les travaux de cette importante conf\u00e9rence de succ\u00e8s, dans l&rsquo;int\u00e9r\u00eat bien compris de l&rsquo;humanit\u00e9 enti\u00e8re.<\/p>\n<p>Wassalamou alaikoum warahmatoullahi wabarakatouh\u00bb.<\/p>\n<p>&nbsp;<\/p>\n","protected":false},"excerpt":{"rendered":"<p>Texte int\u00e9gral du Discours Royal : \u00abLouange \u00e0 Dieu, Pri\u00e8re et salut sur le Proph\u00e8te, Sa famille et Ses compagnons,<\/p>\n","protected":false},"author":2,"featured_media":0,"comment_status":"closed","ping_status":"closed","sticky":false,"template":"","format":"standard","meta":{"footnotes":""},"categories":[3,62,4,5,7,8],"tags":[],"class_list":["post-2439","post","type-post","status-publish","format-standard","hentry","category-accueil","category-afrique","category-competences-mre","category-maghreb-news","category-presse-marocaine","category-provinces-du-sud"],"_links":{"self":[{"href":"https:\/\/anatem.info\/index.php?rest_route=\/wp\/v2\/posts\/2439","targetHints":{"allow":["GET"]}}],"collection":[{"href":"https:\/\/anatem.info\/index.php?rest_route=\/wp\/v2\/posts"}],"about":[{"href":"https:\/\/anatem.info\/index.php?rest_route=\/wp\/v2\/types\/post"}],"author":[{"embeddable":true,"href":"https:\/\/anatem.info\/index.php?rest_route=\/wp\/v2\/users\/2"}],"replies":[{"embeddable":true,"href":"https:\/\/anatem.info\/index.php?rest_route=%2Fwp%2Fv2%2Fcomments&post=2439"}],"version-history":[{"count":1,"href":"https:\/\/anatem.info\/index.php?rest_route=\/wp\/v2\/posts\/2439\/revisions"}],"predecessor-version":[{"id":2441,"href":"https:\/\/anatem.info\/index.php?rest_route=\/wp\/v2\/posts\/2439\/revisions\/2441"}],"wp:attachment":[{"href":"https:\/\/anatem.info\/index.php?rest_route=%2Fwp%2Fv2%2Fmedia&parent=2439"}],"wp:term":[{"taxonomy":"category","embeddable":true,"href":"https:\/\/anatem.info\/index.php?rest_route=%2Fwp%2Fv2%2Fcategories&post=2439"},{"taxonomy":"post_tag","embeddable":true,"href":"https:\/\/anatem.info\/index.php?rest_route=%2Fwp%2Fv2%2Ftags&post=2439"}],"curies":[{"name":"wp","href":"https:\/\/api.w.org\/{rel}","templated":true}]}}