{"id":2510,"date":"2016-12-02T17:18:44","date_gmt":"2016-12-02T17:18:44","guid":{"rendered":"http:\/\/anatem.info\/?p=2510"},"modified":"2016-12-03T17:27:49","modified_gmt":"2016-12-03T17:27:49","slug":"ceremonie-daccueil-officielle-de-sm-le-roi-mohammed-vi-a-abuja","status":"publish","type":"post","link":"https:\/\/anatem.info\/?p=2510","title":{"rendered":"C\u00e9r\u00e9monie d&rsquo;accueil officielle de SM le Roi Mohammed VI \u00e0 Abuja"},"content":{"rendered":"<p style=\"text-align: justify;\"><img fetchpriority=\"high\" decoding=\"async\" class=\"size-full wp-image-2511 alignleft\" src=\"http:\/\/anatem.info\/wp-content\/uploads\/2016\/12\/M6-Abouja1-e1480786032368.jpg\" alt=\"m6-abouja1\" width=\"380\" height=\"256\" \/>Abuja, 02\/12\/2016 (MAP) &#8211; Le pr\u00e9sident de la R\u00e9publique F\u00e9d\u00e9rale du Nigeria, SEM. Muhammadu Buhari a r\u00e9serv\u00e9, le 2 d\u00e9cembre 2016, au palais pr\u00e9sidentiel \u00e0 Abuja, un accueil officiel en l&rsquo;honneur de Sa Majest\u00e9 le Roi Mohammed VI, que Dieu L&rsquo;assiste.<\/p>\n<p style=\"text-align: justify;\">A Son arriv\u00e9e au Palais, le cort\u00e8ge royal a \u00e9t\u00e9 escort\u00e9 par un orchestre de la Garde pr\u00e9sidentielle, une tradition r\u00e9serv\u00e9e aux h\u00f4tes de marques de la R\u00e9publique f\u00e9d\u00e9rale du Nigeria.<\/p>\n<p style=\"text-align: justify;\">Le Souverain a par la suite \u00e9t\u00e9 accueilli par le Pr\u00e9sident Muhammadu Buhari.<\/p>\n<p style=\"text-align: justify;\">Les deux chefs d\u2019Etat ont gagn\u00e9 la tribune d&rsquo;honneur pour saluer les couleurs nationales au son des hymnes nationaux des deux pays, alors qu&rsquo;une salve de 21 coups de canon retentissait en signe de bienvenue \u00e0 SM le Roi.<\/p>\n<p style=\"text-align: justify;\">Le Souverain a ensuite pass\u00e9 en revue un d\u00e9tachement de la garde d\u2019honneur, avant de regagner la tribune d\u2019honneur pour saluer l\u2019hymne national marocain.<\/p>\n<p style=\"text-align: justify;\">SM le Roi Mohammed VI, qui est accompagn\u00e9 lors de cette visite de SA le Prince Moulay Ismail, a ensuite \u00e9t\u00e9 salu\u00e9 par le gouverneur de l\u2019Etat de Jigawa, M. Abubakar Badaru, le ministre de l\u2019?nergie, des Travaux publics et du Logement, M. Babatunde Raji Fashola, le ministre du Commerce, de l\u2019Industrie et du D\u00e9veloppement, M. Okechukwu Enelamah, le ministre de la Justice M. Abubakar Malami, et le ministre des Affaires \u00e9trang\u00e8res, M. Geoffrey Onyeama.<\/p>\n<p style=\"text-align: justify;\">Le Souverain a \u00e9galement \u00e9t\u00e9 salu\u00e9 par le ministre du Territoire de la capitale f\u00e9d\u00e9rale, M. Muhammad Musa Bello, le ministre de l\u2019Agriculture, M. Audu Ogbeh, la ministre de l\u2019Environnement, Mme Amina Mohammed, le ministre de l\u2019Int\u00e9rieur, M. Abdulrahman Dambazau, ainsi que par plusieurs hautes personnalit\u00e9s civiles et militaires nig\u00e9rianes.<\/p>\n<p style=\"text-align: justify;\">Le pr\u00e9sident de la R\u00e9publique F\u00e9d\u00e9rale du Nigeria a, pour sa part, \u00e9t\u00e9 salu\u00e9 par les membres de la d\u00e9l\u00e9gation officielle accompagnant SM le Roi et compos\u00e9e notamment des Conseillers du Souverain, MM. Fouad Ali El Himma et Yassir Znagui, du ministre des Affaires \u00e9trang\u00e8res et de la Coop\u00e9ration, M. Salaheddine Mezouar, et du ministre des Habous et des Affaires islamiques, M. Ahmed Toufiq.<\/p>\n<p style=\"text-align: justify;\">La d\u00e9l\u00e9gation officielle comprend \u00e9galement le ministre de l&rsquo;Economie et des Finances, M. Mohamed Boussaid, le ministre de l&rsquo;Agriculture et de la P\u00eache maritime, M. Aziz Akhannouch, le ministre d\u00e9l\u00e9gu\u00e9 aupr\u00e8s du ministre des Affaires \u00e9trang\u00e8res et de la Coop\u00e9ration, M. Nasser Bourita, ainsi que plusieurs personnalit\u00e9s civiles et militaires.<\/p>\n<p style=\"text-align: justify;\">Au terme de cette c\u00e9r\u00e9monie, Sa Majest\u00e9 le Roi Mohammed VI et le Pr\u00e9sident nig\u00e9rian ont pos\u00e9 pour une photo souvenir.<\/p>\n<p style=\"text-align: justify;\">Sa Majest\u00e9 le Roi Mohammed VI \u00e9tait arriv\u00e9 jeudi soir (1er d\u00e9cembre 2016) \u00e0 Abuja, pour une visite officielle au Nigeria, troisi\u00e8me \u00e9tape d\u2019une tourn\u00e9e royale qui a conduit \u00e9galement le Souverain en ?thiopie et \u00e0 Madagascar. (MAP).<\/p>\n","protected":false},"excerpt":{"rendered":"<p>Abuja, 02\/12\/2016 (MAP) &#8211; Le pr\u00e9sident de la R\u00e9publique F\u00e9d\u00e9rale du Nigeria, SEM. Muhammadu Buhari a r\u00e9serv\u00e9, le 2 d\u00e9cembre<\/p>\n","protected":false},"author":2,"featured_media":0,"comment_status":"closed","ping_status":"closed","sticky":false,"template":"","format":"standard","meta":{"footnotes":""},"categories":[3,62,5,7],"tags":[],"class_list":["post-2510","post","type-post","status-publish","format-standard","hentry","category-accueil","category-afrique","category-maghreb-news","category-presse-marocaine"],"_links":{"self":[{"href":"https:\/\/anatem.info\/index.php?rest_route=\/wp\/v2\/posts\/2510","targetHints":{"allow":["GET"]}}],"collection":[{"href":"https:\/\/anatem.info\/index.php?rest_route=\/wp\/v2\/posts"}],"about":[{"href":"https:\/\/anatem.info\/index.php?rest_route=\/wp\/v2\/types\/post"}],"author":[{"embeddable":true,"href":"https:\/\/anatem.info\/index.php?rest_route=\/wp\/v2\/users\/2"}],"replies":[{"embeddable":true,"href":"https:\/\/anatem.info\/index.php?rest_route=%2Fwp%2Fv2%2Fcomments&post=2510"}],"version-history":[{"count":1,"href":"https:\/\/anatem.info\/index.php?rest_route=\/wp\/v2\/posts\/2510\/revisions"}],"predecessor-version":[{"id":2512,"href":"https:\/\/anatem.info\/index.php?rest_route=\/wp\/v2\/posts\/2510\/revisions\/2512"}],"wp:attachment":[{"href":"https:\/\/anatem.info\/index.php?rest_route=%2Fwp%2Fv2%2Fmedia&parent=2510"}],"wp:term":[{"taxonomy":"category","embeddable":true,"href":"https:\/\/anatem.info\/index.php?rest_route=%2Fwp%2Fv2%2Fcategories&post=2510"},{"taxonomy":"post_tag","embeddable":true,"href":"https:\/\/anatem.info\/index.php?rest_route=%2Fwp%2Fv2%2Ftags&post=2510"}],"curies":[{"name":"wp","href":"https:\/\/api.w.org\/{rel}","templated":true}]}}