{"id":2550,"date":"2016-12-23T21:24:27","date_gmt":"2016-12-23T21:24:27","guid":{"rendered":"http:\/\/anatem.info\/?p=2550"},"modified":"2016-12-23T21:24:27","modified_gmt":"2016-12-23T21:24:27","slug":"verdict-de-la-cour-europeenne-de-justice-un-froid-siberien-sest-abattu-sur-le-polisario-et-son-sponsor-algerien","status":"publish","type":"post","link":"https:\/\/anatem.info\/?p=2550","title":{"rendered":"Verdict  de la Cour Europ\u00e9enne de Justice : un froid sib\u00e9rien s&rsquo;est abattu sur le polisario et son sponsor alg\u00e9rien"},"content":{"rendered":"<p>Le 21 d\u00e9cembre la Cour de Justice de l&rsquo;Union Europ\u00e9enne (CJUE) a rendu un verdict historique dans le sens o\u00f9 il rejette le recours du polisario, lui fait supporter tous les frais de la proc\u00e9dure et ceux engag\u00e9s par le Conseil de l&rsquo;Union Europ\u00e9enne \u00e0 ses d\u00e9pens mais, cerise sur le g\u00e2teau, elle\u00a0 consid\u00e8re que l&rsquo;organisation terro-polisarienne n&rsquo;a pas vocation \u00e0 d\u00e9fendre les int\u00e9r\u00eats \u00e9conomiques des sahraouis car elle n&rsquo;est pas qualifi\u00e9e pour repr\u00e9senter les int\u00e9r\u00eats \u00e9conomiques des provinces sahariennes marocaines et encore moins \u00eatre la repr\u00e9sentante exclusive des sahraouis marocains s\u00e9questr\u00e9s dans les camps de la honte de Tindouf dans les relations internationales.<br \/>\nAinsi donc, les magistrats de la CJUE ont invalid\u00e9 l&rsquo;arr\u00eat rendu, le 10 d\u00e9cembre 2015, par le Tribunal de 1\u00e8re Instance ayant conclu en l&rsquo;annulation partielle de l&rsquo;Accord Agricole\u00a0 sign\u00e9 entre le Maroc et l&rsquo;Union Europ\u00e9enne (UE) en 2012.<br \/>\nPar cette d\u00e9cision, la CJUE corrige les aberrations juridiques, rectifie les appr\u00e9ciations politiques erron\u00e9es et annule les conclusions infond\u00e9es du Tribunal de Premi\u00e8re Instance, assurant que l&rsquo;Accord Agricole reste \u00e0 ce titre en vigueur, au grand dam, de la centrale polisarienne, de sa marraine, l&rsquo;Alg\u00e9rie, et de ses lobbyistes europ\u00e9ens qui manoeuvrent inutilement dans les coulisses \u00e0 Strasbourg et \u00e0 Bruxelles.<br \/>\nFace \u00e0 cette lourde sanction de la CJUE, les responsables alg\u00e9riens et leurs\u00a0 marionnettes polisariennes se sont empress\u00e9s de servir \u00e0 leurs opinions publiques une version traficot\u00e9e de l&rsquo;arr\u00eat de justice europ\u00e9enne dans laquelle ils crient victoire pour sauver la face, mais la r\u00e9alit\u00e9 est tout autre ; les moyens internet sont l\u00e0 et l&rsquo;acc\u00e8s \u00e0 l&rsquo;arr\u00eat de la CJUE est ouvert.<br \/>\nLes Europ\u00e9ens continueront \u00e0 d\u00e9guster les oranges marocaines, tr\u00e8s pris\u00e9es lors des F\u00eates de No\u00ebl, mais aussi les autres fruits et l\u00e9gumes ainsi que le poisson \u00e0 la qualit\u00e9 et au go\u00fbt irrempla\u00e7ables.<br \/>\nLe polisario, ses soutiens et certaines parties hostiles \u00e0 l&rsquo;int\u00e9grit\u00e9 territoriale marocaine et \u00e0 sa souverainet\u00e9 nationale viennent d&rsquo;enregistrer une nouvelle d\u00e9faite sur le plan international et juridique face au Maroc, laquelle vient s&rsquo;ajouter aux revers cinglants \u00e0 r\u00e9p\u00e9tition essuy\u00e9s tout au long de cette ann\u00e9e 2016.<br \/>\nForce est de reconna\u00eetre qu&rsquo;\u00e0 la date du 23 d\u00e9cembre 2016, la pseudo r\u00e9publique sahraouie autoproclam\u00e9e par le polisario n&rsquo;est reconnue ni par l&rsquo;Union Europ\u00e9enne, ni par l&rsquo;Organisation des Nations-Unies ni par toute autre organisation internationale, continentale ou r\u00e9gionale except\u00e9e l&rsquo;Union Africaine suite au hold-up orchestr\u00e9 par l&rsquo;Alg\u00e9rie et la Libye dans les ann\u00e9es 80.<br \/>\nUne ann\u00e9e 2016 tr\u00e8s sombre et glaciale se termine pour les responsables alg\u00e9riens et polisariens, quant \u00e0 l&rsquo;ann\u00e9e 2017, elle est annonciatrice d&rsquo;autres revers plus \u00e9lectriques.<br \/>\nFarid Mnebhi.<\/p>\n","protected":false},"excerpt":{"rendered":"<p>Le 21 d\u00e9cembre la Cour de Justice de l&rsquo;Union Europ\u00e9enne (CJUE) a rendu un verdict historique dans le sens o\u00f9<\/p>\n","protected":false},"author":2,"featured_media":0,"comment_status":"closed","ping_status":"closed","sticky":false,"template":"","format":"standard","meta":{"footnotes":""},"categories":[3,62,5],"tags":[],"class_list":["post-2550","post","type-post","status-publish","format-standard","hentry","category-accueil","category-afrique","category-maghreb-news"],"_links":{"self":[{"href":"https:\/\/anatem.info\/index.php?rest_route=\/wp\/v2\/posts\/2550","targetHints":{"allow":["GET"]}}],"collection":[{"href":"https:\/\/anatem.info\/index.php?rest_route=\/wp\/v2\/posts"}],"about":[{"href":"https:\/\/anatem.info\/index.php?rest_route=\/wp\/v2\/types\/post"}],"author":[{"embeddable":true,"href":"https:\/\/anatem.info\/index.php?rest_route=\/wp\/v2\/users\/2"}],"replies":[{"embeddable":true,"href":"https:\/\/anatem.info\/index.php?rest_route=%2Fwp%2Fv2%2Fcomments&post=2550"}],"version-history":[{"count":1,"href":"https:\/\/anatem.info\/index.php?rest_route=\/wp\/v2\/posts\/2550\/revisions"}],"predecessor-version":[{"id":2552,"href":"https:\/\/anatem.info\/index.php?rest_route=\/wp\/v2\/posts\/2550\/revisions\/2552"}],"wp:attachment":[{"href":"https:\/\/anatem.info\/index.php?rest_route=%2Fwp%2Fv2%2Fmedia&parent=2550"}],"wp:term":[{"taxonomy":"category","embeddable":true,"href":"https:\/\/anatem.info\/index.php?rest_route=%2Fwp%2Fv2%2Fcategories&post=2550"},{"taxonomy":"post_tag","embeddable":true,"href":"https:\/\/anatem.info\/index.php?rest_route=%2Fwp%2Fv2%2Ftags&post=2550"}],"curies":[{"name":"wp","href":"https:\/\/api.w.org\/{rel}","templated":true}]}}