{"id":2553,"date":"2016-12-27T00:08:03","date_gmt":"2016-12-27T00:08:03","guid":{"rendered":"http:\/\/anatem.info\/?p=2553"},"modified":"2016-12-27T00:08:03","modified_gmt":"2016-12-27T00:08:03","slug":"maroc-les-criminels-et-profanateurs-de-gdim-izik-face-une-juridiction-civile","status":"publish","type":"post","link":"https:\/\/anatem.info\/?p=2553","title":{"rendered":"Maroc : les criminels et profanateurs de Gdim Izik face une juridiction civile."},"content":{"rendered":"<div>Un rappel des faits s&rsquo;impose pour que les lecteurs puissent comprendre le d\u00e9roul\u00e9 des faits monstrueux qu&rsquo;a v\u00e9cus Gdim Izik, pr\u00e8s de la ville de Laayoune, dans les provinces sahariennes marocaines, en octobre 2010.<br \/>\nDes habitants marocains de la ville de Laayoune, revendiquant leurs droits sociaux l\u00e9gitimes, \u00e0 savoir ceux li\u00e9s au logement et \u00e0 l&#8217;emploi, avaient d\u00e9cid\u00e9 de dresser des tentes dans la r\u00e9gion de Gdim Izik.<br \/>\n<img fetchpriority=\"high\" decoding=\"async\" class=\"wp-image-2116 alignleft\" src=\"http:\/\/anatem.info\/wp-content\/uploads\/2016\/04\/gdeim2.jpg\" alt=\"\" width=\"419\" height=\"301\" srcset=\"https:\/\/anatem.info\/wp-content\/uploads\/2016\/04\/gdeim2.jpg 601w, https:\/\/anatem.info\/wp-content\/uploads\/2016\/04\/gdeim2-300x216.jpg 300w\" sizes=\"(max-width: 419px) 100vw, 419px\" \/>Face \u00e0 ce mouvement de protestation, les responsables locaux avaient engag\u00e9 un dialogue et propos\u00e9 un package de mesures pour y r\u00e9pondre progressivement.<br \/>\nUne initiative qui n&rsquo;a pas abouti en raison de la pr\u00e9sence dans ce campement de tentes d&rsquo;\u00e9l\u00e9ments du polisario par leurs sponsors bien connus qui souhaitaient mettre \u00e0 feu et \u00e0 sang toutes les villes des provinces sahariennes marocaines.<br \/>\nFace \u00e0 cette situation pr\u00e9occupante, les autorit\u00e9s marocaines ont d\u00e9cid\u00e9 le d\u00e9mant\u00e8lement pacifique du campement afin que le respect de la loi et de la s\u00e9curit\u00e9 et de l&rsquo;ordre publique soient respect\u00e9s.<br \/>\nL&rsquo;intervention de la force publique, non arm\u00e9e, a, malheureusement \u00e9t\u00e9 accueillie par les \u00e9l\u00e9ments du polisario\u00a0 par des attaques violentes men\u00e9es \u00e0 l&rsquo;aide d&rsquo;armes blanches, de jets de pierre et de cocktails Molotov. Des affrontements qui se poursuivront dans la ville de Laayoune o\u00f9 des infrastructures et des biens publics ont \u00e9t\u00e9 incendi\u00e9es par ces polisariens.<br \/>\nDes attaques d&rsquo;une sauvagerie comparable \u00e0 celle de DAESH qui ont fait 11 morts, tous \u00e9gorg\u00e9s et leur corps souill\u00e9 par l&rsquo;urine de ces criminels. 70 bless\u00e9s ont \u00e9t\u00e9 d\u00e9compt\u00e9s parmi les forces de l&rsquo;ordre et 04 bless\u00e9s civils.<br \/>\nInterpell\u00e9s, ces criminels et profanateurs de d\u00e9pouille ont \u00e9t\u00e9 pr\u00e9sent\u00e9s devant le Tribunal Militaire qui les a condamn\u00e9s, le 17 f\u00e9vrier 2013.<br \/>\nToutefois, la Cour de Cassation a d\u00e9cid\u00e9 d&rsquo;annuler le verdict des 24 condamn\u00e9s et de renvoyer du dossier devant la Cour d&rsquo;Appel de Rabat sur la base d&rsquo;un m\u00e9morandum pr\u00e9sent\u00e9 par le Conseil National des Droits de L&rsquo;Homme Cette sage d\u00e9cision permettra, sans nul doute, une r\u00e9paration du pr\u00e9judice caus\u00e9 aux familles des victimes et confirme l&rsquo;orientation du Maroc de consolider l&rsquo;Etat de droit.<br \/>\nAinsi, ce lundi, 26 d\u00e9cembre 2016, s&rsquo;est tenue la premi\u00e8re s\u00e9ance du jugement des inculp\u00e9s de l&rsquo;affaire de Gdim Izik, en pr\u00e9sence de nombreux journalistes, d&rsquo;organisations et d&rsquo;associations de d\u00e9fense des Droits de l&rsquo;Homme \u00e9trangers et locaux.<br \/>\n<img decoding=\"async\" class=\"size-full wp-image-2115 alignleft\" src=\"http:\/\/anatem.info\/wp-content\/uploads\/2016\/04\/gdeim.jpg\" alt=\"\" width=\"262\" height=\"197\" \/>A l&rsquo;issue de cette premi\u00e8re audience, la Chambre Criminelle a d\u00e9cid\u00e9 de reporter au 23 janvier 2017 l&rsquo;examen de ce dossier afin de permettre \u00e0 la d\u00e9fense de pr\u00e9parer sa plaidoirie, la convocation d&rsquo;un individu impliqu\u00e9 poursuivi en \u00e9tat de libert\u00e9 et l\u2019examen de la requ\u00eate li\u00e9e au droit des familles des victimes de se constituer partie civile.<br \/>\nIl est donc inutile \u00e0 une certaine presse et \u00e0 des parties hostiles au Maroc d&rsquo;instrumentaliser politiquement et juridiquement une affaire criminelle afin d&rsquo;induire en erreur l&rsquo;opinion publique internationale et de travestir les faits.<br \/>\nUne presse aux ordres et des associations toujours promptes \u00e0 vouloir occulter ces crimes ignobles perp\u00e9tr\u00e9s par ces terroristes de Gdim Izik \u00e0 la solde de leurs mentors auront \u00e0 payer le prix cher pour leur cr\u00e9dibilit\u00e9 \u00e0 travers l&rsquo;application de la loi et de la d\u00e9fense des int\u00e9r\u00eats l\u00e9gitimes des familles des victimes.<br \/>\nFarid Mnebhi<\/div>\n","protected":false},"excerpt":{"rendered":"<p>Un rappel des faits s&rsquo;impose pour que les lecteurs puissent comprendre le d\u00e9roul\u00e9 des faits monstrueux qu&rsquo;a v\u00e9cus Gdim Izik,<\/p>\n","protected":false},"author":2,"featured_media":2116,"comment_status":"closed","ping_status":"closed","sticky":false,"template":"","format":"standard","meta":{"footnotes":""},"categories":[3,62,5,8],"tags":[],"class_list":["post-2553","post","type-post","status-publish","format-standard","has-post-thumbnail","hentry","category-accueil","category-afrique","category-maghreb-news","category-provinces-du-sud"],"_links":{"self":[{"href":"https:\/\/anatem.info\/index.php?rest_route=\/wp\/v2\/posts\/2553","targetHints":{"allow":["GET"]}}],"collection":[{"href":"https:\/\/anatem.info\/index.php?rest_route=\/wp\/v2\/posts"}],"about":[{"href":"https:\/\/anatem.info\/index.php?rest_route=\/wp\/v2\/types\/post"}],"author":[{"embeddable":true,"href":"https:\/\/anatem.info\/index.php?rest_route=\/wp\/v2\/users\/2"}],"replies":[{"embeddable":true,"href":"https:\/\/anatem.info\/index.php?rest_route=%2Fwp%2Fv2%2Fcomments&post=2553"}],"version-history":[{"count":1,"href":"https:\/\/anatem.info\/index.php?rest_route=\/wp\/v2\/posts\/2553\/revisions"}],"predecessor-version":[{"id":2554,"href":"https:\/\/anatem.info\/index.php?rest_route=\/wp\/v2\/posts\/2553\/revisions\/2554"}],"wp:featuredmedia":[{"embeddable":true,"href":"https:\/\/anatem.info\/index.php?rest_route=\/wp\/v2\/media\/2116"}],"wp:attachment":[{"href":"https:\/\/anatem.info\/index.php?rest_route=%2Fwp%2Fv2%2Fmedia&parent=2553"}],"wp:term":[{"taxonomy":"category","embeddable":true,"href":"https:\/\/anatem.info\/index.php?rest_route=%2Fwp%2Fv2%2Fcategories&post=2553"},{"taxonomy":"post_tag","embeddable":true,"href":"https:\/\/anatem.info\/index.php?rest_route=%2Fwp%2Fv2%2Ftags&post=2553"}],"curies":[{"name":"wp","href":"https:\/\/api.w.org\/{rel}","templated":true}]}}