{"id":2563,"date":"2017-01-22T19:38:37","date_gmt":"2017-01-22T19:38:37","guid":{"rendered":"http:\/\/anatem.info\/?p=2563"},"modified":"2017-01-22T19:38:37","modified_gmt":"2017-01-22T19:38:37","slug":"sur-instructions-du-roi-mohammed-vi-le-maroc-apporte-une-assistance-medicale-concrete-au-peuple-du-sud-soudan","status":"publish","type":"post","link":"https:\/\/anatem.info\/?p=2563","title":{"rendered":"Sur instructions du Roi Mohammed VI, le Maroc apporte une assistance m\u00e9dicale concr\u00e8te au peuple du sud-soudan"},"content":{"rendered":"<p><img fetchpriority=\"high\" decoding=\"async\" class=\"size-full wp-image-2564 alignleft\" src=\"http:\/\/anatem.info\/wp-content\/uploads\/2017\/01\/Capture-e1485113884328.jpg\" alt=\"\" width=\"380\" height=\"249\" \/>Face \u00e0 un d\u00e9sint\u00e9r\u00eat total et extr\u00eamement d\u00e9cevant de la communaut\u00e9 internationale sur la gravit\u00e9 de la situation sanitaire et alimentaire qui touche des millions de sud-soudanais, le Roi du Maroc a ordonn\u00e9, le 21 janvier 2017, aux Services de Sant\u00e9 des Forces Arm\u00e9es Royales marocaines le d\u00e9ploiement \u00e0 Juba d\u2019un h\u00f4pital de campagne et ce, \u00e0 partir du 23 janvier 2013.<\/p>\n<p>Cet h\u00f4pital de campagne multi-sp\u00e9cialit\u00e9s est d\u2019une capacit\u00e9 de 30 lits extensibles \u00e0 60. Il comprend 20 m\u00e9decins sp\u00e9cialistes, 18 infirmiers et r\u00e9alisera des prestations m\u00e9dicales dans diff\u00e9rentes sp\u00e9cialit\u00e9s dont la p\u00e9diatrie, la m\u00e9decine interne, la chirurgie, la cardiologie, la traumatologie, la m\u00e9decine dentaire, l\u2019ophtalmologie et la m\u00e9decine ORL. L\u2019h\u00f4pital disposera aussi d\u2019un laboratoire d\u2019analyses m\u00e9dicales et d\u2019une pharmacie dot\u00e9e de lots de m\u00e9dicaments vari\u00e9s.<\/p>\n<p>La mise en place de cet structure militaire m\u00e9dicale marocaine en R\u00e9publique du Sud-Soudan est la parfaite illustration de la grande sollicitude du Souverain marocain envers le peuple sud-soudanais pour leur porter assistance et leur prodiguer les soins n\u00e9cessaires et constitue \u00e9galement un acte exemplaire de solidarit\u00e9 du Maroc avec les sud-soudanais.<\/p>\n<p>Nul ne peut ignorer que des millions de sud-soudanais n\u2019ont pas acc\u00e8s \u00e0 des infrastructures sanitaires et \u00e0 l\u2019eau potable engendrant \u00e9pid\u00e9mie de chol\u00e9ra et ins\u00e9curit\u00e9 alimentaire entre autres cons\u00e9quences d\u2019une guerre civile inutile et n\u00e9faste pour la s\u00e9curit\u00e9 de ce jeune pays africain<\/p>\n<p>Cette action s\u2019inscrit dans la tradition humanitaire panafricaine du Royaume du Maroc et constitue la preuve irr\u00e9futable de sa volont\u00e9 \u00e0 contribuer \u00e0 la d\u00e9fense des nobles valeurs humaines universelles et \u00e0 soutenir le dialogue, la r\u00e9conciliation nationale et le d\u00e9veloppement en all\u00e9geant les souffrances d\u2019une population victime d\u2019une guerre civile st\u00e9rile.<\/p>\n<p>Pour rappel, les Forces Arm\u00e9es Royales marocaines ont d\u00e9j\u00e0 fait montre depuis de nombreuses ann\u00e9es de sa haute comp\u00e9tence en mati\u00e8re de logistique, de secours et d\u2019assistance m\u00e9dicale et chirurgicale, une exp\u00e9rience qui se d\u00e9ploie sur le terrain, particuli\u00e8rement en Afrique et au Moyen-Orient.<\/p>\n<p>Ce nouvel h\u00f4pital militaire de campagne sera fortement appr\u00e9ci\u00e9 par les autorit\u00e9s et le peuple soudanais et constituera un t\u00e9moignage \u00e9mouvant des relations fraternelles entre le Royaume du Maroc et la R\u00e9publique du Sud-Soudan.<\/p>\n<p>e Maroc et ses plus hautes autorit\u00e9s n\u2019ont pas pour habitude de se pavaner dans les enceintes ou forums internationaux promettant monts et merveilles ou faisant des promesses sans suite. Ils passent \u00e0 l\u2019acte\u00a0!<\/p>\n<p>Farid Mnebhi.<\/p>\n","protected":false},"excerpt":{"rendered":"<p>Face \u00e0 un d\u00e9sint\u00e9r\u00eat total et extr\u00eamement d\u00e9cevant de la communaut\u00e9 internationale sur la gravit\u00e9 de la situation sanitaire et<\/p>\n","protected":false},"author":2,"featured_media":0,"comment_status":"closed","ping_status":"closed","sticky":false,"template":"","format":"standard","meta":{"footnotes":""},"categories":[3,62,5,7],"tags":[],"class_list":["post-2563","post","type-post","status-publish","format-standard","hentry","category-accueil","category-afrique","category-maghreb-news","category-presse-marocaine"],"_links":{"self":[{"href":"https:\/\/anatem.info\/index.php?rest_route=\/wp\/v2\/posts\/2563","targetHints":{"allow":["GET"]}}],"collection":[{"href":"https:\/\/anatem.info\/index.php?rest_route=\/wp\/v2\/posts"}],"about":[{"href":"https:\/\/anatem.info\/index.php?rest_route=\/wp\/v2\/types\/post"}],"author":[{"embeddable":true,"href":"https:\/\/anatem.info\/index.php?rest_route=\/wp\/v2\/users\/2"}],"replies":[{"embeddable":true,"href":"https:\/\/anatem.info\/index.php?rest_route=%2Fwp%2Fv2%2Fcomments&post=2563"}],"version-history":[{"count":1,"href":"https:\/\/anatem.info\/index.php?rest_route=\/wp\/v2\/posts\/2563\/revisions"}],"predecessor-version":[{"id":2565,"href":"https:\/\/anatem.info\/index.php?rest_route=\/wp\/v2\/posts\/2563\/revisions\/2565"}],"wp:attachment":[{"href":"https:\/\/anatem.info\/index.php?rest_route=%2Fwp%2Fv2%2Fmedia&parent=2563"}],"wp:term":[{"taxonomy":"category","embeddable":true,"href":"https:\/\/anatem.info\/index.php?rest_route=%2Fwp%2Fv2%2Fcategories&post=2563"},{"taxonomy":"post_tag","embeddable":true,"href":"https:\/\/anatem.info\/index.php?rest_route=%2Fwp%2Fv2%2Ftags&post=2563"}],"curies":[{"name":"wp","href":"https:\/\/api.w.org\/{rel}","templated":true}]}}