{"id":2566,"date":"2017-01-25T17:53:06","date_gmt":"2017-01-25T17:53:06","guid":{"rendered":"http:\/\/anatem.info\/?p=2566"},"modified":"2017-01-25T17:53:06","modified_gmt":"2017-01-25T17:53:06","slug":"partenariat-fond-de-partenariat-pour-les-ecosystemes-critiques-cepf-association-marocaine-pour-lecotourisme-et-la-protection-de-la-nature","status":"publish","type":"post","link":"https:\/\/anatem.info\/?p=2566","title":{"rendered":"Partenariat : Fond de Partenariat pour les Ecosyst\u00e8mes Critiques (CEPF)-Association Marocaine pour l\u2019Ecotourisme et la Protection de la Nature."},"content":{"rendered":"<p><img fetchpriority=\"high\" decoding=\"async\" class=\"size-full wp-image-2567 alignleft\" src=\"http:\/\/anatem.info\/wp-content\/uploads\/2017\/01\/Capture-1.jpg\" alt=\"\" width=\"382\" height=\"267\" srcset=\"https:\/\/anatem.info\/wp-content\/uploads\/2017\/01\/Capture-1.jpg 382w, https:\/\/anatem.info\/wp-content\/uploads\/2017\/01\/Capture-1-300x210.jpg 300w\" sizes=\"(max-width: 382px) 100vw, 382px\" \/>La pr\u00e9sentation du programme de conservation de la biodiversit\u00e9 du Parc National d\u2019Ifrane, \u00e0 travers la promotion de l&rsquo;\u00e9ducation environnementale et de la sensibilisation et la projection du film documentaire relatif \u00e0 la biodiversit\u00e9 dans le Moyen Atlas a \u00e9t\u00e9 tenue le mercredi 25 janvier 2017 \u00e0 Rabat.<\/p>\n<p>Cette rencontre a vu la participation de plusieurs intervenants dans le domaine de l\u2019environnement et de la pr\u00e9servation de l\u2019\u00e9cosyst\u00e8me : les acteurs du tourisme autour des zones humides du Parc National d\u2019Ifrane, les associations locales, les partenaires du Parc National, les M\u00e9dias et les Repr\u00e9sentants d\u2019administrations concern\u00e9es.<\/p>\n<p>Les discussions ont \u00e9t\u00e9\u00a0ax\u00e9es\u00a0sur les th\u00e9matiques suivantes :<\/p>\n<p>&#8211; \u00a0\u00bbApr\u00e8s la COP22, quelle action pour le futur ? : cas du Parc National d&rsquo;Ifrane&rsquo;.<\/p>\n<p>&#8211;\u00a0 pr\u00e9sentation du programme conservation de la biodiversit\u00e9 du Parc National \u00e0 travers la promotion de l&rsquo;\u00e9ducation environnementale et de la sensibilisation port\u00e9e par l&rsquo;Association Marocaine pour l&rsquo;Ecotourisme et la Protection de la Nature et de ses partenaires institutionnels.<\/p>\n<p>Les intervenants ont relev\u00e9 que, pour notre plan\u00e8te, les changements climatiques sont une r\u00e9alit\u00e9 et que le r\u00e9chauffement climatique multiplie les ph\u00e9nom\u00e8nes m\u00e9t\u00e9orologiques extr\u00eames, qui bouleversent la vie sur terre.<\/p>\n<p>Cyclones, ouragans, s\u00e9cheresse, canicule, inondations, temp\u00eates, ont vu leur nombre et leur intensit\u00e9 progresser de fa\u00e7on alarmante.<\/p>\n<p>Des catastrophes au co\u00fbt terrible : 1,6% du PIB mondial entre les ann\u00e9es 2012\/2013. A ce rythme, ce co\u00fbt pourrait ais\u00e9ment atteindre 4 \u00e0 5%, en 2025, et 20% en 2050.<\/p>\n<p>En Afrique, les secteurs les plus vuln\u00e9rables comprennent l\u2019agriculture, l\u2019alimentation et l\u2019eau.<\/p>\n<p>L\u2019Afrique souffre des effets du changement climatique, et ce, non seulement sur les plans de la r\u00e9duction de sa productivit\u00e9 agricole et de l\u2019augmentation de son ins\u00e9curit\u00e9 hydrique, mais aussi par une exposition accrue aux anomalies naturelles, facteur aggravant la pr\u00e9carit\u00e9 de sa population.<\/p>\n<p>Au Maroc, Une vuln\u00e9rabilit\u00e9 naturelle est aggrav\u00e9e par le mode de gestion de ses ressources par la rar\u00e9faction des ressources en eau, la d\u00e9sertification, les incendies, la d\u00e9forestation, les inondations et la pollution.<\/p>\n<p>Le film documentaire projet\u00e9 \u00e0 cette occasion rel\u00e8ve que l\u2019eau est source de vie et que l\u2019Atlas marocain tente d\u2019en assurer le renouvellement, de part la quantit\u00e9 de neige et de pr\u00e9cipitations qu\u2019il re\u00e7oit chaque ann\u00e9e.<\/p>\n<p>Elle alimente ainsi nos lacs, nos rivi\u00e8res et favorise la naissance d\u2019une biodiversit\u00e9 remarquable : de for\u00eats, d\u2019\u00e9cosyst\u00e8mes et de paysages naturels de qualit\u00e9. C\u2019est le cas du Parc National d\u2019Ifrane, une aire prot\u00e9g\u00e9e cr\u00e9\u00e9e en 2004 au c\u0153ur du Moyen Atlas sur une superficie de 125 000 Hectares, pour conserver et valoriser ce patrimoine naturel qui contient la plus grande for\u00eat de C\u00e8dre en m\u00e9diterran\u00e9e.<\/p>\n<p>Ecosyst\u00e8me pr\u00e9cieux, il abrite le plus grand nombre d\u2019esp\u00e8ces de faune et de flore du pays, et trois lacs d\u2019importance mondiale, dont le lac d\u2019Affenourir, connu par la pr\u00e9sence de la Tadorne Casarca, le Canard Col Vert et de nombreux rapaces.<\/p>\n<p>La biodiversit\u00e9 aquatique est favoris\u00e9e gr\u00e2ce aux quantit\u00e9s d\u2019eau permanentes du Moyen Atlas, o\u00f9 vivent les esp\u00e8ces de poissons telle que la Truite Fario, une esp\u00e8ce end\u00e9mique de la r\u00e9gion.<\/p>\n<p>Les grands mammif\u00e8res sont repr\u00e9sent\u00e9s par une esp\u00e8ce spectaculaire : le singe Magot qui s\u2019\u00e9panouit entre les arbres majestueux de la C\u00e9draie de l\u2019Atlas. Malheureusement, la beaut\u00e9 de ces paysages naturels et la qui\u00e9tude de ces esp\u00e8ces ne sont plus \u00e0 l\u2019abri des nuisances humaines ; les coupes ill\u00e9gales,\u00a0le braconnage et le surp\u00e2turage sont devenus quasi quotidiennes et la d\u00e9gradation ne cesse de prendre de l\u2019ampleur, atteignant des phases pr\u00e9occupantes. Le risque de l\u2019irr\u00e9versibilit\u00e9 devient s\u00e9rieux, surtout que la question du changement climatique vient amplifier le d\u00e9s\u00e9quilibre \u00e9cologique.<\/p>\n<p>Ce sont les raisons qui ont motiv\u00e9 les membres de l\u2019Association Marocaine pour l\u2019Ecotourisme et la Protection de la Nature pour agir et tirer la sonnette d\u2019alarme, et gr\u00e2ce \u00e0 la subvention du Fond de Partenariat pour les Ecosyst\u00e8mes Critiques (CEPF), l\u2019Association a pu mettre en place un projet et mobiliser les principaux acteurs locaux et nationaux, dont le Haut-Commissariat aux Eaux et For\u00eats, le Minist\u00e8re de l\u2019Education Nationale et la F\u00e9d\u00e9ration des Associations de P\u00eacheurs.<\/p>\n<p>La cadence alarmante de d\u00e9gradation des ressources piscicoles a pouss\u00e9 l\u2019Association \u00e0 restructurer la F\u00e9d\u00e9ration Marocaine de P\u00eache de Loisir, qui, en si peu de temps s\u2019est vue octroyer : un si\u00e8ge, une administration, un \u00e9quipement ad\u00e9quat et des sessions de formation acc\u00e9l\u00e9r\u00e9es sur le management associatif, la r\u00e9glementation et la communication. Les r\u00e9sultats n\u2019ont pas tard\u00e9 \u00e0 venir ; le nombre d\u2019associations formant la F\u00e9d\u00e9ration est pass\u00e9 de 11 associations en 2013 \u00e0 52 associations en 2016.<\/p>\n<p>Les manifestations de la p\u00eache \u00e9cologique se multiplient, le concept de p\u00eache \u00ab No Kill \u00bb fait son apparition et la sensibilisation sont d\u00e9sormais des actions centrales de la F\u00e9d\u00e9ration. Pour lutter contre le braconnage, la F\u00e9d\u00e9ration a engag\u00e9 des gardes f\u00e9d\u00e9raux : des b\u00e9n\u00e9voles reconnus par l\u2019Etat marocain et appuy\u00e9s par le Haut-Commissariat aux Eaux et For\u00eats.<\/p>\n<p>Le nombre des gardes b\u00e9n\u00e9voles est pass\u00e9 de 15 en 2013 \u00e0 73 actuellement.\u00a0En effet, entre 2014 et en 2016, plus de 2 100 sorties de contr\u00f4le ont \u00e9t\u00e9 effectu\u00e9es par les gardes b\u00e9n\u00e9voles, enregistrant des r\u00e9sultats tr\u00e8s satisfaisants.<\/p>\n<p>Le 2\u00e8me axe de ce projet est l\u2019\u00e9ducation \u00e0 l\u2019environnement pour investir dans les g\u00e9n\u00e9rations futures et les pr\u00e9parer aux d\u00e9fis de l\u2019avenir.<\/p>\n<p>Le film documentaire rel\u00e8ve que le programme \u00e9ducatif qui est mis en place depuis septembre 2013, ciblant les 38 \u00e9coles rurales du Parc National d\u2019Ifrane profite \u00e0\u00a0\u00a0 plus de 5 000 \u00e9l\u00e8ves ont d\u00e9j\u00e0 b\u00e9n\u00e9fici\u00e9 de sorties p\u00e9dagogiques, \u00e0 travers lesquelles les enfants d\u00e9couvrent la face cach\u00e9e de la for\u00eat et surtout prennent conscience de l\u2019impact de l\u2019homme sur sa p\u00e9rennit\u00e9.<\/p>\n<p>Le programme \u00e9ducatif vise \u00e0 inculquer la fibre \u00e9cologique aux jeunes riverains du Parc National d\u2019Ifrane, en d\u2019autres termes, l\u00e0 o\u00f9 la d\u00e9gradation des \u00e9cosyst\u00e8mes naturels menace l\u2019\u00e9quilibre de toute une r\u00e9gion.<\/p>\n<p>Gr\u00e2ce \u00e0 l\u2019appui pr\u00e9cieux du Haut-Commissariat aux Eaux et For\u00eats, l\u2019Association a r\u00e9alis\u00e9 l\u2019Ecole de l\u2019Education Environnementale et de l\u2019Ecotourisme, une structure d\u2019accueil dont la mission est de rappeler au quotidien la n\u00e9cessit\u00e9 de pr\u00e9server l\u2019environnement naturel et aussi d\u2019offrir un espace de formation et de renforcement des capacit\u00e9s sur les m\u00e9tiers de la nature.<\/p>\n<p>Le film documentaire intitul\u00e9 \u00ab Une action locale pour une adh\u00e9sion globale \u00bb, d\u00e9di\u00e9 aux Ecosyst\u00e8mes Critiques dans le Moyen ATLAS est produit et r\u00e9alis\u00e9 l\u2019Agence\u00a0marocaine de communication ADDICT\u2019COM.<\/p>\n<p>Farid Mnebhi<\/p>\n","protected":false},"excerpt":{"rendered":"<p>La pr\u00e9sentation du programme de conservation de la biodiversit\u00e9 du Parc National d\u2019Ifrane, \u00e0 travers la promotion de l&rsquo;\u00e9ducation environnementale<\/p>\n","protected":false},"author":2,"featured_media":2567,"comment_status":"closed","ping_status":"closed","sticky":false,"template":"","format":"standard","meta":{"footnotes":""},"categories":[3,62,5],"tags":[],"class_list":["post-2566","post","type-post","status-publish","format-standard","has-post-thumbnail","hentry","category-accueil","category-afrique","category-maghreb-news"],"_links":{"self":[{"href":"https:\/\/anatem.info\/index.php?rest_route=\/wp\/v2\/posts\/2566","targetHints":{"allow":["GET"]}}],"collection":[{"href":"https:\/\/anatem.info\/index.php?rest_route=\/wp\/v2\/posts"}],"about":[{"href":"https:\/\/anatem.info\/index.php?rest_route=\/wp\/v2\/types\/post"}],"author":[{"embeddable":true,"href":"https:\/\/anatem.info\/index.php?rest_route=\/wp\/v2\/users\/2"}],"replies":[{"embeddable":true,"href":"https:\/\/anatem.info\/index.php?rest_route=%2Fwp%2Fv2%2Fcomments&post=2566"}],"version-history":[{"count":1,"href":"https:\/\/anatem.info\/index.php?rest_route=\/wp\/v2\/posts\/2566\/revisions"}],"predecessor-version":[{"id":2568,"href":"https:\/\/anatem.info\/index.php?rest_route=\/wp\/v2\/posts\/2566\/revisions\/2568"}],"wp:featuredmedia":[{"embeddable":true,"href":"https:\/\/anatem.info\/index.php?rest_route=\/wp\/v2\/media\/2567"}],"wp:attachment":[{"href":"https:\/\/anatem.info\/index.php?rest_route=%2Fwp%2Fv2%2Fmedia&parent=2566"}],"wp:term":[{"taxonomy":"category","embeddable":true,"href":"https:\/\/anatem.info\/index.php?rest_route=%2Fwp%2Fv2%2Fcategories&post=2566"},{"taxonomy":"post_tag","embeddable":true,"href":"https:\/\/anatem.info\/index.php?rest_route=%2Fwp%2Fv2%2Ftags&post=2566"}],"curies":[{"name":"wp","href":"https:\/\/api.w.org\/{rel}","templated":true}]}}