{"id":2569,"date":"2017-01-28T12:49:39","date_gmt":"2017-01-28T12:49:39","guid":{"rendered":"http:\/\/anatem.info\/?p=2569"},"modified":"2017-01-28T12:49:59","modified_gmt":"2017-01-28T12:49:59","slug":"le-roi-mohammed-vi-a-addis-abeba-pour-acter-le-retour-attendu-du-maroc-au-sein-de-lunion-africaine","status":"publish","type":"post","link":"https:\/\/anatem.info\/?p=2569","title":{"rendered":"Le Roi Mohammed VI \u00e0 Addis-Abeba pour acter le retour attendu du Maroc au sein de l\u2019Union Africaine"},"content":{"rendered":"<p><img fetchpriority=\"high\" decoding=\"async\" class=\"size-full wp-image-2570 alignleft\" src=\"http:\/\/anatem.info\/wp-content\/uploads\/2017\/01\/Capture-2.jpg\" alt=\"\" width=\"254\" height=\"254\" srcset=\"https:\/\/anatem.info\/wp-content\/uploads\/2017\/01\/Capture-2.jpg 254w, https:\/\/anatem.info\/wp-content\/uploads\/2017\/01\/Capture-2-150x150.jpg 150w\" sizes=\"(max-width: 254px) 100vw, 254px\" \/>Le vendredi 27 janvier 2017, le Roi du Maroc a pris la direction d\u2019Addis Abeba, capitale de la R\u00e9publique F\u00e9d\u00e9rale D\u00e9mocratique d\u2019Ethiopie o\u00f9 se tient le 28<sup>\u00e8me<\/sup> Sommet de l\u2019Union Africaine (U.A).<\/p>\n<p>Au cours de ce Sommet, les Chefs d\u2019Etat africains examineront la demande du retour du Maroc au sein de sa famille africaine qu\u2019il avait quitt\u00e9e il y a 32 ans.<\/p>\n<p>Le Parlement marocain avait ratifi\u00e9, le 20 janvier 2017, l\u2019Acte Constitutif de cette organisation PanAfricaine ainsi qu\u2019une loi publi\u00e9e au Bulletin Officiel ouvrant la voie au retour officiel du Maroc au sein de l\u2019U.A.<\/p>\n<p>En reprenant sa place naturelle et l\u00e9gitime au sein de l\u2019U.A, le Maroc et ses amis africains pourraient mettre un terme d\u00e9finitif \u00e0 l\u2019escroquerie du 20\u00e8me si\u00e8cle qui a permis \u00e0 une entit\u00e9 fantoche d\u2019entrer par effraction dans cette organisation provoquant le d\u00e9part par la grande porte du Maroc.<\/p>\n<p>La grande majorit\u00e9 des pays africains a compris que le Continent Africain ne pouvait continuer \u00e0 tra\u00eener ce boulet qu\u2019est la pseudo-RASD, sans risque d\u2019insulter le pr\u00e9sent et l\u2019avenir des peuples africains et que donc, le temps est venu de corriger cet impair historique en proc\u00e9dant \u00e0 l\u2019expulsion de cette entit\u00e9 qui n\u2019existe que dans les fantasmes des dirigeants alg\u00e9riens et de leurs alli\u00e9s.<\/p>\n<p>Avec le retour du Maroc tant souhait\u00e9 en son sein, l\u2019Union Africaine a rendez-vous avec l\u2019histoire, une opportunit\u00e9 qu\u2019il convient de fructifier car il y va des attentes l\u00e9gitimes de la Femme et l\u2019Homme africains au progr\u00e8s et \u00e0 la prosp\u00e9rit\u00e9, et verra son poids consid\u00e9rablement d\u00e9cupler dans le concert des Nations, notamment pour ce qui est de la r\u00e9solution des conflits dans cette partie du monde.<\/p>\n<p>Farid Mnebhi.<\/p>\n","protected":false},"excerpt":{"rendered":"<p>Le vendredi 27 janvier 2017, le Roi du Maroc a pris la direction d\u2019Addis Abeba, capitale de la R\u00e9publique F\u00e9d\u00e9rale<\/p>\n","protected":false},"author":2,"featured_media":2570,"comment_status":"closed","ping_status":"closed","sticky":false,"template":"","format":"standard","meta":{"footnotes":""},"categories":[3,62,5,7],"tags":[],"class_list":["post-2569","post","type-post","status-publish","format-standard","has-post-thumbnail","hentry","category-accueil","category-afrique","category-maghreb-news","category-presse-marocaine"],"_links":{"self":[{"href":"https:\/\/anatem.info\/index.php?rest_route=\/wp\/v2\/posts\/2569","targetHints":{"allow":["GET"]}}],"collection":[{"href":"https:\/\/anatem.info\/index.php?rest_route=\/wp\/v2\/posts"}],"about":[{"href":"https:\/\/anatem.info\/index.php?rest_route=\/wp\/v2\/types\/post"}],"author":[{"embeddable":true,"href":"https:\/\/anatem.info\/index.php?rest_route=\/wp\/v2\/users\/2"}],"replies":[{"embeddable":true,"href":"https:\/\/anatem.info\/index.php?rest_route=%2Fwp%2Fv2%2Fcomments&post=2569"}],"version-history":[{"count":2,"href":"https:\/\/anatem.info\/index.php?rest_route=\/wp\/v2\/posts\/2569\/revisions"}],"predecessor-version":[{"id":2572,"href":"https:\/\/anatem.info\/index.php?rest_route=\/wp\/v2\/posts\/2569\/revisions\/2572"}],"wp:featuredmedia":[{"embeddable":true,"href":"https:\/\/anatem.info\/index.php?rest_route=\/wp\/v2\/media\/2570"}],"wp:attachment":[{"href":"https:\/\/anatem.info\/index.php?rest_route=%2Fwp%2Fv2%2Fmedia&parent=2569"}],"wp:term":[{"taxonomy":"category","embeddable":true,"href":"https:\/\/anatem.info\/index.php?rest_route=%2Fwp%2Fv2%2Fcategories&post=2569"},{"taxonomy":"post_tag","embeddable":true,"href":"https:\/\/anatem.info\/index.php?rest_route=%2Fwp%2Fv2%2Ftags&post=2569"}],"curies":[{"name":"wp","href":"https:\/\/api.w.org\/{rel}","templated":true}]}}