{"id":2575,"date":"2017-01-30T14:40:26","date_gmt":"2017-01-30T14:40:26","guid":{"rendered":"http:\/\/anatem.info\/?p=2575"},"modified":"2017-01-30T14:40:26","modified_gmt":"2017-01-30T14:40:26","slug":"le-president-du-parlement-panafricain-pour-le-retour-du-maroc-au-sein-de-lua","status":"publish","type":"post","link":"https:\/\/anatem.info\/?p=2575","title":{"rendered":"Le Pr\u00e9sident du parlement panafricain pour le retour du Maroc au sein de l&rsquo;UA"},"content":{"rendered":"<p><strong>Addis Abeba 28\/01\/2017 (MAP)<\/strong> &#8211; Le Pr\u00e9sident du parlement panafricain, M. Roger Nkodo Dang, a exprim\u00e9, aujourd&rsquo;hui \u00e0 Addis-Abeba, son soutien au retour du Maroc au sein de l&rsquo;Union Africaine (UA), estimant que ce retour est de nature \u00e0 apporter de la valeur \u00e0 l&rsquo;action de l\u2019organisation continentale. \u00abLe Maroc est un pays africain. Son retour au sein de l\u2019organisation qu\u2019il a cr\u00e9\u00e9e apporte de la valeur pour que nous puissions d\u00e9battre en commun des questions africaines \u00bb, a indiqu\u00e9 M. Nkodo Dang dans une d\u00e9claration \u00e0 la presse en marge du 28\u00e8 Sommet des Chefs d\u2019Etat et de gouvernement de l&rsquo;UA, qui devra s\u2019ouvrir lundi dans la capitale \u00e9thiopienne. Le pr\u00e9sident du parlement panafricain a soulign\u00e9 que le retour du Maroc devra renforcer les efforts consentis dans le cadre de la nouvelle approche visant \u00e0 trouver des solutions africaines aux probl\u00e8mes africains.<\/p>\n","protected":false},"excerpt":{"rendered":"<p>Addis Abeba 28\/01\/2017 (MAP) &#8211; Le Pr\u00e9sident du parlement panafricain, M. Roger Nkodo Dang, a exprim\u00e9, aujourd&rsquo;hui \u00e0 Addis-Abeba, son<\/p>\n","protected":false},"author":2,"featured_media":0,"comment_status":"closed","ping_status":"closed","sticky":false,"template":"","format":"standard","meta":{"footnotes":""},"categories":[3],"tags":[],"class_list":["post-2575","post","type-post","status-publish","format-standard","hentry","category-accueil"],"_links":{"self":[{"href":"https:\/\/anatem.info\/index.php?rest_route=\/wp\/v2\/posts\/2575","targetHints":{"allow":["GET"]}}],"collection":[{"href":"https:\/\/anatem.info\/index.php?rest_route=\/wp\/v2\/posts"}],"about":[{"href":"https:\/\/anatem.info\/index.php?rest_route=\/wp\/v2\/types\/post"}],"author":[{"embeddable":true,"href":"https:\/\/anatem.info\/index.php?rest_route=\/wp\/v2\/users\/2"}],"replies":[{"embeddable":true,"href":"https:\/\/anatem.info\/index.php?rest_route=%2Fwp%2Fv2%2Fcomments&post=2575"}],"version-history":[{"count":1,"href":"https:\/\/anatem.info\/index.php?rest_route=\/wp\/v2\/posts\/2575\/revisions"}],"predecessor-version":[{"id":2576,"href":"https:\/\/anatem.info\/index.php?rest_route=\/wp\/v2\/posts\/2575\/revisions\/2576"}],"wp:attachment":[{"href":"https:\/\/anatem.info\/index.php?rest_route=%2Fwp%2Fv2%2Fmedia&parent=2575"}],"wp:term":[{"taxonomy":"category","embeddable":true,"href":"https:\/\/anatem.info\/index.php?rest_route=%2Fwp%2Fv2%2Fcategories&post=2575"},{"taxonomy":"post_tag","embeddable":true,"href":"https:\/\/anatem.info\/index.php?rest_route=%2Fwp%2Fv2%2Ftags&post=2575"}],"curies":[{"name":"wp","href":"https:\/\/api.w.org\/{rel}","templated":true}]}}